{"id":68150,"date":"2024-12-14T07:10:31","date_gmt":"2024-12-14T06:10:31","guid":{"rendered":"https:\/\/www.infokuryr.cz\/n\/?p=68150"},"modified":"2024-12-14T07:10:31","modified_gmt":"2024-12-14T06:10:31","slug":"strasne-rusove-mu-prostrileli-hlavu-vypichali-oci-vyrizli-jazyk-utrhly-mu-ruce-a-nyni-ho-zelensky-povolal-do-armady","status":"publish","type":"post","link":"https:\/\/www.infokuryr.cz\/n\/2024\/12\/14\/strasne-rusove-mu-prostrileli-hlavu-vypichali-oci-vyrizli-jazyk-utrhly-mu-ruce-a-nyni-ho-zelensky-povolal-do-armady\/","title":{"rendered":"Stra\u0161n\u00e9: Rusov\u00e9 mu prost\u0159\u00edleli hlavu, vyp\u00edchali o\u010di, vy\u0159\u00edzli jazyk, utrhly mu ruce a nyn\u00ed ho Zelensk\u00fd povolal do arm\u00e1dy!"},"content":{"rendered":"<div id=\"fb-root\"><\/div>\n<div class=\"introtext\">\n<p><span style=\"font-size: 14pt;\"><strong>Rusov\u00e9 masakruj\u00ed v\u0161echny, na kter\u00e9 naraz\u00ed, u\u0159e\u017eou jim ruce, nohy, vyp\u00edchaj\u00ed o\u010di, prop\u00edchaj\u00ed u\u0161i, zn\u00e1siln\u00ed,\u00a0 a tito chrab\u0159\u00ed hrdinov\u00e9 zas a znovu jdou a jdou a jdou a v\u00e1l\u010d\u00ed za sv\u00e9ho v\u016fdce, Velk\u00e9ho Zelensk\u00e9ho!<\/strong><\/span><\/p>\n<\/div>\n<div class=\"fulltext\" style=\"text-align: left;\">\n<pre><em>R: A u kanonu st\u00e1l a po\u0159\u00e1d l\u00e1do -l\u00e1do \r\n   a u kanonu st\u00e1l a po\u0159\u00e1d jen l\u00e1doval.<\/em>\r\n<em>Praskla puma velmi prudce, utrhla mu ob\u011b ruce.\r\nOn rychle boty sundal a nohama l\u00e1doval<\/em>\r\n<em>V tom jeden prajzsk\u00fd trail vyl\u00edt, \u0161rapnel mu hlavu uf\u00edk.\r\nA\u010d u\u017e na to nevid\u011bl, na Prajze p\u0159eci st\u0159\u00edlel.<\/em><\/pre>\n<p><span style=\"font-size: 18pt;\"><strong>I ten 5x mrtvej Putin u\u017e \u017easne, co se na t\u00fd ukrajinsk\u00fd front\u011b bere.<\/strong><\/span><\/p>\n<p>Rusov\u00e9 ho zajali a mu\u010dili. Jeho bratry zabili a\u00a0<strong>poh\u0159bili jej za\u017eiva spolu s nimi.<\/strong>\u00a0Mykola Kuli\u010denko ale p\u0159e\u017eil a vr\u00e1til se do rodn\u00e9 vesnice severn\u011b od Kyjeva, kde se jako jedin\u00fd star\u00e1 o sv\u00e9ho otce. Nyn\u00ed mu p\u0159i\u0161el povol\u00e1vac\u00ed rozkaz do ukrajinsk\u00e9 arm\u00e1dy. P\u011btat\u0159icetilet\u00fd mu\u017e ale narukovat nechce. M\u00e1 pocit, \u017ee u\u017e toho za\u017eil dost, a no\u010dn\u00ed m\u016fry ho bud\u00ed dote\u010f.<\/p>\n<p><strong>Sv\u00e1zali jim ruce a nohy<\/strong>, odvezli je do lesa, kde jim zav\u00e1zali o\u010di a nechali je kleknout vedle vykopan\u00e9ho hrobu. Pak za\u010dali st\u0159\u00edlet. Prvn\u00ed kulka zabila nejmlad\u0161\u00edho Jevhena, druh\u00e1 nejstar\u0161\u00edho Dymytra. Mykola na posledn\u00ed chv\u00edli sto\u010dil hlavu na stranu a kulka mu pro\u0161la tv\u00e1\u0159\u00ed. A\u010dkoliv z\u016fstal p\u0159i v\u011bdom\u00ed, spadl za bratry na zem a neh\u00fdbal se, popisoval v\u00a0roce 2022 p\u0159\u00edb\u011bh\u00a0<a href=\"https:\/\/www.wsj.com\/articles\/ukraine-russia-war-crimes-11652582051\">den\u00edk Wall Street Journal<\/a>.<\/p>\n<p>Ru\u0161t\u00ed voj\u00e1ci pak hrob i s\u00a0t\u011bly\u00a0zah\u00e1zeli hl\u00ednou\u00a0a odjeli. Mykola Kuli\u010denko se i s\u00a0post\u0159elenou tv\u00e1\u0159\u00ed,\u00a0<strong>sv\u00e1zan\u00fdma rukama a nohama prohrabal ven<\/strong>\u00a0a povedlo se mu dostat dom\u016f.<\/p>\n<p>A u kanonu st\u00e1l a po\u0159\u00e1d l\u00e1do -l\u00e1do a u kanonu st\u00e1l a po\u0159\u00e1d jen l\u00e1doval.<\/p>\n<p>A je to pravda, proto\u017ee by to p\u0159ece skv\u011bl\u00fd khaki plukovn\u00edk Folt\u00fdn pop\u0159el. A v\u00ed o tom i mrtv\u00fd Putin, proto\u017ee&#8230;<\/p>\n<h2>TELEVIZE NOVA<\/h2>\n<p><em>Kry\u0161tof Duda<\/em><\/p>\n<p><em><strong>30. 10.\u00a02023, 13:33<\/strong><\/em><\/p>\n<p><em>Sv\u011btem se v posledn\u00edch dnech \u0161\u00ed\u0159\u00ed zv\u011bsti o smrti \u0161\u00e9fa Kremlu Vladimira Putina. Podle politologa a analytika Valerije Soloveje o n\u00ed nen\u00ed pochyb. Zem\u0159el podle n\u011bj ve \u010dtvrtek v 20:40 tamn\u00edho \u010dasu (18:40 na\u0161eho).<\/em><\/p>\n<p><em><a href=\"https:\/\/tn.nova.cz\/zpravodajstvi\/clanek\/527553-analytik-popsal-putinovu-smrt-rusky-prezident-pry-zemrel-ve-20-40?utm_source=www.seznam.cz&amp;utm_medium=sekce-z-internetu&amp;campaignsrc=tn_clipboard\" target=\"_blank\" rel=\"noopener\">ZDROJ<\/a><\/em><\/p>\n<p><span style=\"font-size: 18pt;\"><strong>No jo, ale to u\u017e p\u0159edt\u00edm um\u0159el Putin na rakovinu slinivky&#8230;<\/strong><\/span><\/p>\n<p><img decoding=\"async\" class=\"aligncenter\" src=\"https:\/\/www.skrytapravda.cz\/images\/blogy\/2951\/2023\/12prosinec\/Sn%C3%ADmek_obrazovky_9611_75876.webp\" alt=\"Sn\u00edmek obrazovky 9611 75876\" \/><\/p>\n<p>Voni v tej Ukrajin\u011b se d\u011bjou r\u016fzn\u00fd z\u00e1zraky, t\u0159eba tento:<\/p>\n<p>Praskla puma velmi prudce, utrhla mu ob\u011b ruce. On rychle boty sundal a nohama l\u00e1doval&#8230;<\/p>\n<p><span style=\"font-size: 14pt;\"><strong>A za tyto zpr\u00e1vy maj\u00ed khaki plukovn\u00edci Folt\u00fdnov\u00e9 80 000K\u010d m\u011bs\u00ed\u010dn\u011b. Vy byste to ale lidem nepsali, kdy\u017e ti tupci tomu v\u011b\u0159\u00ed? Za ty prachy? A t\u00edm \u010dten\u00e1\u0159e mainstreamu krm\u00ed&#8230;<\/strong><\/span><\/p>\n<p><a href=\"https:\/\/www.skrytapravda.cz\/ze-zahranici\/2271-strasne-rusove-mu-prostrileli-hlavu-vypichali-oci-vyrizli-jazyk-utrhly-mu-ruce-a-nyni-ho-zelensky-povolal-do-armady\">Petr Pokorn\u00fd<\/a><\/p>\n<p>&nbsp;<\/p>\n<\/div>\n","protected":false},"excerpt":{"rendered":"<p>Rusov\u00e9 masakruj\u00ed v\u0161echny, na kter\u00e9 naraz\u00ed, u\u0159e\u017eou jim ruce, nohy, vyp\u00edchaj\u00ed o\u010di, prop\u00edchaj\u00ed u\u0161i, zn\u00e1siln\u00ed,\u00a0&#8230;<\/p>\n","protected":false},"author":2,"featured_media":68151,"comment_status":"closed","ping_status":"closed","sticky":false,"template":"","format":"standard","meta":[],"categories":[6],"tags":[28,1503,158,26],"_links":{"self":[{"href":"https:\/\/www.infokuryr.cz\/n\/wp-json\/wp\/v2\/posts\/68150"}],"collection":[{"href":"https:\/\/www.infokuryr.cz\/n\/wp-json\/wp\/v2\/posts"}],"about":[{"href":"https:\/\/www.infokuryr.cz\/n\/wp-json\/wp\/v2\/types\/post"}],"author":[{"embeddable":true,"href":"https:\/\/www.infokuryr.cz\/n\/wp-json\/wp\/v2\/users\/2"}],"replies":[{"embeddable":true,"href":"https:\/\/www.infokuryr.cz\/n\/wp-json\/wp\/v2\/comments?post=68150"}],"version-history":[{"count":1,"href":"https:\/\/www.infokuryr.cz\/n\/wp-json\/wp\/v2\/posts\/68150\/revisions"}],"predecessor-version":[{"id":68152,"href":"https:\/\/www.infokuryr.cz\/n\/wp-json\/wp\/v2\/posts\/68150\/revisions\/68152"}],"wp:featuredmedia":[{"embeddable":true,"href":"https:\/\/www.infokuryr.cz\/n\/wp-json\/wp\/v2\/media\/68151"}],"wp:attachment":[{"href":"https:\/\/www.infokuryr.cz\/n\/wp-json\/wp\/v2\/media?parent=68150"}],"wp:term":[{"taxonomy":"category","embeddable":true,"href":"https:\/\/www.infokuryr.cz\/n\/wp-json\/wp\/v2\/categories?post=68150"},{"taxonomy":"post_tag","embeddable":true,"href":"https:\/\/www.infokuryr.cz\/n\/wp-json\/wp\/v2\/tags?post=68150"}],"curies":[{"name":"wp","href":"https:\/\/api.w.org\/{rel}","templated":true}]}}