{"id":68134,"date":"2024-12-14T07:44:45","date_gmt":"2024-12-14T06:44:45","guid":{"rendered":"https:\/\/www.infokuryr.cz\/n\/?p=68134"},"modified":"2024-12-14T08:32:10","modified_gmt":"2024-12-14T07:32:10","slug":"skandal-lidl-presel-k-rafinovanym-praktikam-v-okradani-ceskych-zakazniku","status":"publish","type":"post","link":"https:\/\/www.infokuryr.cz\/n\/2024\/12\/14\/skandal-lidl-presel-k-rafinovanym-praktikam-v-okradani-ceskych-zakazniku\/","title":{"rendered":"Skand\u00e1l: LIDL p\u0159e\u0161el k rafinovan\u00fdm praktik\u00e1m v okr\u00e1d\u00e1n\u00ed \u010desk\u00fdch z\u00e1kazn\u00edk\u016f"},"content":{"rendered":"<div id=\"fb-root\"><\/div>\n<p><strong>\u0160okuj\u00edc\u00ed odhalen\u00ed. Fialov\u00fd protektor\u00e1t ned\u011bl\u00e1 v\u016fbec nic na ochranu ob\u010dan\u016f proti zlod\u011bj\u016fm, jako je n\u011bmeck\u00fd obchodn\u00ed \u0159et\u011bzec LIDL. Ten se ji\u017e v\u00a0\u010cesk\u00e9 republice chov\u00e1 jako v\u00a0protektor\u00e1tn\u00ed zemi a \u010desk\u00fd z\u00e1kazn\u00edk je pro n\u011bj pouze v\u00fdkrmn\u00e9 prase, kter\u00e9 snese v\u0161echno, v\u010detn\u011b nestoudn\u00e9ho okr\u00e1d\u00e1n\u00ed.<\/strong><\/p>\n<p>Nadn\u00e1rodn\u00ed n\u011bmeck\u00fd zloduch se dokonce ani ne\u0161t\u00edt\u00ed z\u00e1kazn\u00edk\u016fm nejenom prod\u00e1vat nekvalitn\u00ed zbo\u017e\u00ed a zbo\u017e\u00ed s\u00a0uvedenou jinou v\u00e1hou ne\u017e je obsah, ale do\u0161el i k rafinovan\u00e9mu okr\u00e1d\u00e1n\u00ed p\u0159\u00edmo pen\u011bz z\u00a0va\u0161ich pen\u011b\u017eenek.<\/p>\n<p>M\u00e1te aplikaci LIDL a \u00fa\u010dtenka v\u00e1m nen\u00ed vyd\u00e1na, proto\u017ee v\u00e1m je nahran\u00e1 do aplikace a t\u00edm si nem\u016f\u017eete okam\u017eit\u011b prov\u00e9st kontrolu rychlou vidimac\u00ed, pr\u00e1v\u011b s\u00a0t\u00edm pracovn\u00edci LIDLu po\u010d\u00edtaj\u00ed, proto\u017ee p\u0159i rychlosti odbaven\u00ed ji\u017e nem\u00e1te \u010das si otev\u0159\u00edt znova aplikaci a projet si kontrolu \u00fa\u010dtovan\u00fdch polo\u017eek a zde je zakopan\u00fd pes!<\/p>\n<p>Po mnoh\u00fdch st\u00ed\u017enost\u00ed do na\u0161\u00ed redakce, kdy z\u00e1kazn\u00edk objevil a\u017e doma, \u017ee mu pokladn\u00edk dvakr\u00e1t na\u010detl stejnou polo\u017eku a m\u00edsto jednoho m\u00fddla zaplatil za dva kusy tj. m\u00fddla dv\u011b a t\u00edm mu byl nav\u00fd\u0161en \u00fa\u010det o 13,90 K\u010d, jsme se vydali na redak\u010dn\u00ed kontroln\u00ed n\u00e1kup a nesta\u010dili jsme se divit!<\/p>\n<p>Dne 12.12.2024 ve 14:36 hod. jsme nav\u0161t\u00edvili prodejnu LIDLu v\u00a0centru Teplic n\u00e1m\u011bst\u00ed Svobody\u00a0 v\u00a0OC Galerie\u00a0 a po\u0159\u00eddili n\u00e1kup a ejhle, byli jsme par\u00e1dn\u011b okraden\u00ed. V\u00a0elektronick\u00e9 \u00fa\u010dtence n\u00e1m bylo na\u00fa\u010dtov\u00e1no 2x 21,90 celkem 43,80 K\u010d za kosmetick\u00e9 ubrousky, p\u0159esto\u017ee jsme nakoupili jen jedno balen\u00ed t\u011bchto ubrousk\u016f.<\/p>\n<p><strong>Z\u00e1v\u011br:<\/strong> \u00fa\u010det n\u00e1m byl p\u0159edra\u017een o 21,90 K\u010d za zbo\u017e\u00ed, kter\u00e9 jsme v\u016fbec nem\u011bli v\u00a0ko\u0161\u00edku. K\u00a0\u010demu to vlastn\u011b vede? Spole\u010dnost se jednodu\u0161e obohacuje a zvy\u0161uje si tr\u017eby, ani\u017e by se zbo\u017e\u00ed dostalo z\u00a0prodejny a t\u00edm ho m\u016f\u017ee znova prodat a p\u0159itom je ji\u017e n\u011bk\u00fdm zaplacen\u00e9! Tato zlod\u011bjna, jak je z\u0159ejm\u00e9 je systematick\u00e1 a plo\u0161n\u00e1 a je mo\u017en\u00e9, \u017ee je to \u00fapravou software a pracovn\u00edk na pokladn\u011b ani to nemus\u00ed v\u011bd\u011bt, \u017ee nasko\u010d\u00ed dvojit\u00e1 cena za jednu odp\u00edpnutou polo\u017eku.<\/p>\n<p>Jedn\u00e1 se o neskute\u010dn\u00fd skand\u00e1l a po\u017e\u00e1dali jsme hned o vyj\u00e1d\u0159en\u00ed tiskov\u00e9ho mluv\u010d\u00edho spole\u010dnosti, a jak se dalo tu\u0161it, nikdo se n\u00e1m, do vyd\u00e1n\u00ed \u010dl\u00e1nku, nevyj\u00e1d\u0159il.<\/p>\n<p>Tak\u017ee uk\u00e1zka op\u011bt n\u011bmeck\u00e9ho velkopanstv\u00ed a arogantnosti nad protektor\u00e1tem \u010cesko a \u010cech\u00e1\u010dkov\u00e9 dr\u017ete huby a pla\u0165te! Pikantn\u00ed je nakonec i to, \u017ee pak z\u00e1kazn\u00edky nestoudn\u011b otravuj\u00ed, aby p\u0159isp\u00edvali na LIDLovsk\u00e9 charitativn\u00ed akce, co\u017e je nechutnost prvn\u00ed t\u0159\u00eddy.<\/p>\n<p>Jedin\u00e1 obrana proti t\u00e9to zlod\u011bjn\u011b je <em>\u201easi za\u010d\u00edt\u201c<\/em> v LIDLu kr\u00e1st tak\u00e9, proto\u017ee i st\u00e1t selh\u00e1v\u00e1 v kontrole nad t\u00edmto obchodn\u00edm \u0159et\u011bzcem a ka\u017ed\u00e1 odbojov\u00e1 \u010dinnost za\u010d\u00edn\u00e1 u po\u0161kozen\u00fdch ob\u010dan\u016f a je to i mor\u00e1ln\u011b od\u016fvodn\u011bn\u00e9, kdy\u017e st\u00e1t nic proti zlod\u011bj\u016fm ned\u011bl\u00e1, tak se okraden\u00fd ob\u010dan mus\u00ed br\u00e1nit s\u00e1m a nahradili si zp\u016fsobenou \u0161kodu zlod\u011bjem, tak\u00e9 s\u00e1m.<\/p>\n<p><img decoding=\"async\" loading=\"lazy\" class=\"alignnone size-full wp-image-1185\" src=\"http:\/\/www.infokuryr.cz\/n\/wp-content\/uploads\/2021\/04\/kuryr-podpis.png\" alt=\"\" width=\"84\" height=\"24\" \/><\/p>\n<p>&nbsp;<\/p>\n","protected":false},"excerpt":{"rendered":"<p>\u0160okuj\u00edc\u00ed odhalen\u00ed. Fialov\u00fd protektor\u00e1t ned\u011bl\u00e1 v\u016fbec nic na ochranu ob\u010dan\u016f proti zlod\u011bj\u016fm, jako je n\u011bmeck\u00fd&#8230;<\/p>\n","protected":false},"author":2,"featured_media":68137,"comment_status":"closed","ping_status":"closed","sticky":false,"template":"","format":"standard","meta":[],"categories":[6],"tags":[45,2156,2336,3050,90,8317],"_links":{"self":[{"href":"https:\/\/www.infokuryr.cz\/n\/wp-json\/wp\/v2\/posts\/68134"}],"collection":[{"href":"https:\/\/www.infokuryr.cz\/n\/wp-json\/wp\/v2\/posts"}],"about":[{"href":"https:\/\/www.infokuryr.cz\/n\/wp-json\/wp\/v2\/types\/post"}],"author":[{"embeddable":true,"href":"https:\/\/www.infokuryr.cz\/n\/wp-json\/wp\/v2\/users\/2"}],"replies":[{"embeddable":true,"href":"https:\/\/www.infokuryr.cz\/n\/wp-json\/wp\/v2\/comments?post=68134"}],"version-history":[{"count":0,"href":"https:\/\/www.infokuryr.cz\/n\/wp-json\/wp\/v2\/posts\/68134\/revisions"}],"wp:featuredmedia":[{"embeddable":true,"href":"https:\/\/www.infokuryr.cz\/n\/wp-json\/wp\/v2\/media\/68137"}],"wp:attachment":[{"href":"https:\/\/www.infokuryr.cz\/n\/wp-json\/wp\/v2\/media?parent=68134"}],"wp:term":[{"taxonomy":"category","embeddable":true,"href":"https:\/\/www.infokuryr.cz\/n\/wp-json\/wp\/v2\/categories?post=68134"},{"taxonomy":"post_tag","embeddable":true,"href":"https:\/\/www.infokuryr.cz\/n\/wp-json\/wp\/v2\/tags?post=68134"}],"curies":[{"name":"wp","href":"https:\/\/api.w.org\/{rel}","templated":true}]}}