{"id":68110,"date":"2024-12-14T00:40:00","date_gmt":"2024-12-13T23:40:00","guid":{"rendered":"https:\/\/www.infokuryr.cz\/n\/?p=68110"},"modified":"2024-12-13T16:47:40","modified_gmt":"2024-12-13T15:47:40","slug":"klimaticka-politika-podrobena-zkousce-cista-nula-jako-hrob-bilionu-dolaru-bez-efektu","status":"publish","type":"post","link":"https:\/\/www.infokuryr.cz\/n\/2024\/12\/14\/klimaticka-politika-podrobena-zkousce-cista-nula-jako-hrob-bilionu-dolaru-bez-efektu\/","title":{"rendered":"Klimatick\u00e1 politika podrobena zkou\u0161ce: \u010cist\u00e1 nula jako hrob bilion\u016f dolar\u016f bez efektu"},"content":{"rendered":"<div id=\"fb-root\"><\/div>\n<p><strong><span>V\u011bdeck\u00e9 poznatky op\u011bt jasn\u011b ukazuj\u00ed, \u017ee klimatick\u00e1 hysterie ohledn\u011b CO2 je zcela nepodlo\u017een\u00e1. \u010cist\u00e1 nula vytv\u00e1\u0159\u00ed obrovsk\u00e9 n\u00e1klady bez v\u00fdrazn\u011bj\u0161\u00edch p\u0159\u00ednos\u016f. Ale z\u00e1kladn\u00ed fyzik\u00e1ln\u00ed fakta hraj\u00ed pro vyznava\u010de klimatick\u00e9ho n\u00e1bo\u017eenstv\u00ed jen malou roli.<\/span><\/strong><\/p>\n<p><span>Nov\u00e1 v\u011bdeck\u00e1 studie zas\u00e1hne jako bomba v debat\u011b o glob\u00e1ln\u00ed klimatick\u00e9 politice. Britsk\u00fd v\u00fdzkumn\u00edk Michael Simpson\u00a0ve sv\u00e9 anal\u00fdze nazvan\u00e9 \u201e\u00a0<\/span><a href=\"https:\/\/ccsenet.org\/journal\/index.php\/jsd\/article\/view\/0\/50940\"><span>The Scientific Case Against Net Zero: Falsifying the Greenhouse Gas Hypothesis<\/span><\/a><span> \u201c publikovan\u00e9 v \u010dasopise \u201eJournal of Sustainable Development\u201c nemilosrdn\u011b vysv\u011btluje to, co mnoho klimatick\u00fdch politik\u016f nechce sly\u0161et: glob\u00e1ln\u00ed snahy \u201eNet \u201eNula\u201c \u2013 tedy sn\u00ed\u017een\u00ed emis\u00ed sklen\u00edkov\u00fdch plyn\u016f na nulu \u2013 by bylo nejen ekonomick\u00e9 \u0161\u00edlenstv\u00ed, ale tak\u00e9 prakticky ne\u00fa\u010dinn\u00e9 z hlediska klimatu.<\/span><\/p>\n<p><span>\u010c\u00edsla, kter\u00e1 Simpson prezentuje, jsou st\u0159\u00edzliv\u00e1: I kdyby v\u0161echny zem\u011b dos\u00e1hly sv\u00fdch ambici\u00f3zn\u00edch \u010dist\u00fdch nulov\u00fdch c\u00edl\u016f, vedlo by to pouze ke sn\u00ed\u017een\u00ed teploty o pouh\u00fdch 0,28 stupn\u011b Celsia. Kapka v mo\u0159i, za kterou bude muset glob\u00e1ln\u00ed komunita zaplatit astronomickou cenu.<\/span><\/p>\n<p><span>Zvl\u00e1\u0161t\u011b v\u00fdbu\u0161n\u00e9: Studie ukazuje, \u017ee spojen\u00ed mezi koncentrac\u00ed CO2 a zv\u00fd\u0161en\u00edm teploty je logaritmick\u00e9. V prost\u00e9m jazyce to znamen\u00e1: \u010d\u00edm v\u00edce CO2 je ji\u017e v atmosf\u00e9\u0159e, t\u00edm ni\u017e\u0161\u00ed je \u00fa\u010dinek dodate\u010dn\u00fdch emis\u00ed. Pokud by se koncentrace CO2 zdvojn\u00e1sobila ze 400 na 800 ppm, o\u010dek\u00e1valo by se maxim\u00e1ln\u00ed zv\u00fd\u0161en\u00ed teploty o 0,81 stupn\u011b \u2013 \u017e\u00e1dn\u00e1 stopa po \u201eklimatick\u00e9 katastrof\u011b\u201c.<\/span><\/p>\n<figure class=\"wp-block-image size-full\"><img decoding=\"async\" loading=\"lazy\" class=\"wp-image-134405 aligncenter\" src=\"https:\/\/report24.news\/wp-content\/uploads\/2024\/12\/CO2-climate-sensitivity-is-0.81C-and-no-measurable-effect-from-human-emissions-Simpson-2024.jpg\" sizes=\"(max-width: 1376px) 100vw, 1376px\" srcset=\"https:\/\/report24.news\/wp-content\/uploads\/2024\/12\/CO2-climate-sensitivity-is-0.81C-and-no-measurable-effect-from-human-emissions-Simpson-2024.jpg 1376w, https:\/\/report24.news\/wp-content\/uploads\/2024\/12\/CO2-climate-sensitivity-is-0.81C-and-no-measurable-effect-from-human-emissions-Simpson-2024-768x447.jpg 768w, https:\/\/report24.news\/wp-content\/uploads\/2024\/12\/CO2-climate-sensitivity-is-0.81C-and-no-measurable-effect-from-human-emissions-Simpson-2024-600x349.jpg 600w\" alt=\"\" width=\"844\" height=\"491\" \/><figcaption class=\"wp-element-caption\"><strong><em>Sn\u00edmek obrazovky studie. Grafika ilustruje mal\u00fd teplotn\u00ed efekt \u010dist\u00e9 nuly.<\/em><\/strong><\/figcaption><\/figure>\n<p><span>\u201eV\u011bdeck\u00e9 d\u016fkazy jsou jasn\u00e9,\u201c p\u00ed\u0161e Simpson. &#8222;Neexistuje \u017e\u00e1dn\u00fd racion\u00e1ln\u00ed d\u016fvod pro implementaci politiky Net Zero.&#8220; M\u00edsto toho doporu\u010duje investovat gigantick\u00e9 \u010d\u00e1stky ur\u010den\u00e9 na do zna\u010dn\u00e9 m\u00edry ne\u00fa\u010dinn\u00e1 opat\u0159en\u00ed na ochranu klimatu do zlep\u0161en\u00ed \u017eivotn\u00edch podm\u00ednek nejchud\u0161\u00edch vrstev obyvatelstva.<\/span><\/p>\n<p><span>To, co znovu vid\u00edme, je klasick\u00fd p\u0159\u00edpad glob\u00e1ln\u00edho politick\u00e9ho aktivismu, kter\u00fd se vzp\u00edr\u00e1 v\u011bdeck\u00fdm fakt\u016fm. Zat\u00edmco politici po cel\u00e9m sv\u011bt\u011b mluv\u00ed o \u201eklimatick\u00e9 nouzi\u201c a pl\u00e1nuj\u00ed biliony da\u0148ov\u00fdch pen\u011bz na strategie \u010dist\u00e9 nuly, st\u0159\u00edzliv\u00e1 v\u011bdeck\u00e1 anal\u00fdza ukazuje: C\u00edsa\u0159 nenos\u00ed \u017e\u00e1dn\u00e9 \u0161aty. A co v\u00edc,\u00a0<\/span><a href=\"https:\/\/report24.news\/noch-mehr-studien-belegen-mehr-co2-fuehrt-nicht-zu-hoeheren-temperaturen\/\"><span>v tomto \u010dl\u00e1nku<\/span><\/a><span>\u00a0a tak\u00e9 ve sv\u00e9 knize \u201e\u00a0<\/span><a href=\"https:\/\/amzn.to\/3OQxa47\"><span>CO2 nen\u00ed n\u00e1\u0161 nep\u0159\u00edtel<\/span><\/a><span>\u00a0\u201c jsem odkazoval na podobn\u00e9 studie, kter\u00e9 do\u0161ly ke srovnateln\u00fdm v\u00fdsledk\u016fm.<\/span><\/p>\n<p><span>Studie tak nastoluje z\u00e1sadn\u00ed ot\u00e1zky: Jak by se politika s tak mal\u00fdm p\u0159\u00ednosem a tak obrovsk\u00fdmi n\u00e1klady mohla st\u00e1t glob\u00e1ln\u00edm konsensem? A kdy kone\u010dn\u011b za\u010dne up\u0159\u00edmn\u00e1 debata o rozumn\u011bj\u0161\u00edm vyu\u017eit\u00ed t\u011bchto obrovsk\u00fdch zdroj\u016f? Odpov\u011bdi politick\u00e9 garnitury t\u011b\u017eko pot\u011b\u0161\u00ed. Ale jak se \u0159\u00edk\u00e1: I nepohodln\u00e1 pravda z\u016fst\u00e1v\u00e1 pravdou.<\/span><\/p>\n<p><img decoding=\"async\" loading=\"lazy\" class=\"alignnone size-full wp-image-1185\" src=\"http:\/\/www.infokuryr.cz\/n\/wp-content\/uploads\/2021\/04\/kuryr-podpis.png\" alt=\"\" width=\"84\" height=\"24\" \/><\/p>\n<p>&nbsp;<\/p>\n","protected":false},"excerpt":{"rendered":"<p>V\u011bdeck\u00e9 poznatky op\u011bt jasn\u011b ukazuj\u00ed, \u017ee klimatick\u00e1 hysterie ohledn\u011b CO2 je zcela nepodlo\u017een\u00e1. \u010cist\u00e1 nula&#8230;<\/p>\n","protected":false},"author":2,"featured_media":68111,"comment_status":"closed","ping_status":"closed","sticky":false,"template":"","format":"standard","meta":[],"categories":[7],"tags":[8316,2692,1061,3606,873,497],"_links":{"self":[{"href":"https:\/\/www.infokuryr.cz\/n\/wp-json\/wp\/v2\/posts\/68110"}],"collection":[{"href":"https:\/\/www.infokuryr.cz\/n\/wp-json\/wp\/v2\/posts"}],"about":[{"href":"https:\/\/www.infokuryr.cz\/n\/wp-json\/wp\/v2\/types\/post"}],"author":[{"embeddable":true,"href":"https:\/\/www.infokuryr.cz\/n\/wp-json\/wp\/v2\/users\/2"}],"replies":[{"embeddable":true,"href":"https:\/\/www.infokuryr.cz\/n\/wp-json\/wp\/v2\/comments?post=68110"}],"version-history":[{"count":0,"href":"https:\/\/www.infokuryr.cz\/n\/wp-json\/wp\/v2\/posts\/68110\/revisions"}],"wp:featuredmedia":[{"embeddable":true,"href":"https:\/\/www.infokuryr.cz\/n\/wp-json\/wp\/v2\/media\/68111"}],"wp:attachment":[{"href":"https:\/\/www.infokuryr.cz\/n\/wp-json\/wp\/v2\/media?parent=68110"}],"wp:term":[{"taxonomy":"category","embeddable":true,"href":"https:\/\/www.infokuryr.cz\/n\/wp-json\/wp\/v2\/categories?post=68110"},{"taxonomy":"post_tag","embeddable":true,"href":"https:\/\/www.infokuryr.cz\/n\/wp-json\/wp\/v2\/tags?post=68110"}],"curies":[{"name":"wp","href":"https:\/\/api.w.org\/{rel}","templated":true}]}}