{"id":6808,"date":"2021-12-11T13:08:36","date_gmt":"2021-12-11T12:08:36","guid":{"rendered":"http:\/\/www.infokuryr.cz\/n\/?p=6808"},"modified":"2021-12-11T13:10:49","modified_gmt":"2021-12-11T12:10:49","slug":"bkp-odpoved-kardinalu-d-dukovi-na-jeho-vyzvu-k-vakcinaci-28-11-2021","status":"publish","type":"post","link":"https:\/\/www.infokuryr.cz\/n\/2021\/12\/11\/bkp-odpoved-kardinalu-d-dukovi-na-jeho-vyzvu-k-vakcinaci-28-11-2021\/","title":{"rendered":"BKP: Odpov\u011b\u010f kardin\u00e1lu D. Dukovi na jeho v\u00fdzvu k vakcinaci (28. 11. 2021)"},"content":{"rendered":"<div id=\"fb-root\"><\/div>\n<p><strong>P\u00e1n d\u00e1v\u00e1 \u010das \u010di\u0148 pok\u00e1n\u00ed<\/strong><\/p>\n<p>&nbsp;<\/p>\n<div class='videoWrapper'>\r\n\t            <iframe src='https:\/\/rumble.com\/embed\/pj.vnka4b\/' frameborder='0' allowfullscreen><\/iframe>\r\n\t        <\/div>\n<p>&nbsp;<\/p>\n<p>Toto video je mo\u017en\u00e9 zhl\u00e9dnout i zde:<\/p>\n<p>https:\/\/cos.tv\/videos\/play\/32514405069262848<\/p>\n<p>https:\/\/ugetube.com\/watch\/Wrn3ojGH17WRFsm<\/p>\n<p><img decoding=\"async\" loading=\"lazy\" class=\"alignnone size-medium wp-image-638\" src=\"http:\/\/www.infokuryr.cz\/n\/wp-content\/uploads\/2021\/04\/biskupov-byzanstsky-puatriarchat-300x247.jpg\" alt=\"\" width=\"300\" height=\"247\" srcset=\"https:\/\/www.infokuryr.cz\/n\/wp-content\/uploads\/2021\/04\/biskupov-byzanstsky-puatriarchat-300x247.jpg 300w, https:\/\/www.infokuryr.cz\/n\/wp-content\/uploads\/2021\/04\/biskupov-byzanstsky-puatriarchat-768x634.jpg 768w, https:\/\/www.infokuryr.cz\/n\/wp-content\/uploads\/2021\/04\/biskupov-byzanstsky-puatriarchat.jpg 931w\" sizes=\"(max-width: 300px) 100vw, 300px\" \/><\/p>\n<p><img decoding=\"async\" loading=\"lazy\" class=\"alignnone size-full wp-image-1185\" src=\"http:\/\/www.infokuryr.cz\/n\/wp-content\/uploads\/2021\/04\/kuryr-podpis.png\" alt=\"\" width=\"84\" height=\"24\" \/><\/p>\n<p>&nbsp;<\/p>\n<p>&nbsp;<\/p>\n","protected":false},"excerpt":{"rendered":"<p>P\u00e1n d\u00e1v\u00e1 \u010das \u010di\u0148 pok\u00e1n\u00ed &nbsp; &nbsp; Toto video je mo\u017en\u00e9 zhl\u00e9dnout i zde: https:\/\/cos.tv\/videos\/play\/32514405069262848&#8230;<\/p>\n","protected":false},"author":2,"featured_media":6809,"comment_status":"closed","ping_status":"closed","sticky":false,"template":"","format":"standard","meta":[],"categories":[6],"tags":[374,658],"_links":{"self":[{"href":"https:\/\/www.infokuryr.cz\/n\/wp-json\/wp\/v2\/posts\/6808"}],"collection":[{"href":"https:\/\/www.infokuryr.cz\/n\/wp-json\/wp\/v2\/posts"}],"about":[{"href":"https:\/\/www.infokuryr.cz\/n\/wp-json\/wp\/v2\/types\/post"}],"author":[{"embeddable":true,"href":"https:\/\/www.infokuryr.cz\/n\/wp-json\/wp\/v2\/users\/2"}],"replies":[{"embeddable":true,"href":"https:\/\/www.infokuryr.cz\/n\/wp-json\/wp\/v2\/comments?post=6808"}],"version-history":[{"count":0,"href":"https:\/\/www.infokuryr.cz\/n\/wp-json\/wp\/v2\/posts\/6808\/revisions"}],"wp:featuredmedia":[{"embeddable":true,"href":"https:\/\/www.infokuryr.cz\/n\/wp-json\/wp\/v2\/media\/6809"}],"wp:attachment":[{"href":"https:\/\/www.infokuryr.cz\/n\/wp-json\/wp\/v2\/media?parent=6808"}],"wp:term":[{"taxonomy":"category","embeddable":true,"href":"https:\/\/www.infokuryr.cz\/n\/wp-json\/wp\/v2\/categories?post=6808"},{"taxonomy":"post_tag","embeddable":true,"href":"https:\/\/www.infokuryr.cz\/n\/wp-json\/wp\/v2\/tags?post=6808"}],"curies":[{"name":"wp","href":"https:\/\/api.w.org\/{rel}","templated":true}]}}