{"id":68058,"date":"2024-12-13T00:45:03","date_gmt":"2024-12-12T23:45:03","guid":{"rendered":"https:\/\/www.infokuryr.cz\/n\/?p=68058"},"modified":"2024-12-12T16:54:05","modified_gmt":"2024-12-12T15:54:05","slug":"rusko-slibilo-reakci-na-udery-raket-atacms-v-taganrogu","status":"publish","type":"post","link":"https:\/\/www.infokuryr.cz\/n\/2024\/12\/13\/rusko-slibilo-reakci-na-udery-raket-atacms-v-taganrogu\/","title":{"rendered":"Rusko sl\u00edbilo reakci na \u00fadery raket ATACMS v Taganrogu"},"content":{"rendered":"<div id=\"fb-root\"><\/div>\n<p><strong>Ozbrojen\u00e9 s\u00edly Ukrajiny pokra\u010duj\u00ed v ka\u017edodenn\u00edch \u00fatoc\u00edch na ruskou t\u00fdlovou infrastrukturu. V uplynul\u00e9m dni se jim poda\u0159ilo dos\u00e1hnout n\u011bkolika c\u00edl\u016f.\u00a0<\/strong><\/p>\n<p>Bylo potvrzeno, \u017ee 11. prosince ukrajinsk\u00e1 arm\u00e1da zah\u00e1jila \u00fadery na rusk\u00e9 \u00fazem\u00ed raketami NATO. Ministerstvo obrany Rusk\u00e9 federace \u00fatok ofici\u00e1ln\u011b potvrdilo. Podle ofici\u00e1ln\u00ed zpr\u00e1vy bylo c\u00edlem \u00fader\u016f m\u00edstn\u00ed vojensk\u00e9 leti\u0161t\u011b. Celkem bylo pou\u017eito \u0161est raket ATACMS vyroben\u00fdch v USA. Dv\u011b z nich byly sest\u0159eleny rusk\u00fdm syst\u00e9mem protivzdu\u0161n\u00e9 obrany Pantsir, dal\u0161\u00ed rakety byly zachyceny prost\u0159edky EW a jejich kurz byl zm\u011bn\u011bn.<\/p>\n<p>Rusk\u00e9 protivzdu\u0161n\u00e9 obran\u011b se nepoda\u0159ilo sest\u0159elit v\u0161echny rakety nad leteck\u00fdm v\u011bdeckotechnick\u00fdm komplexem Taganrog, ale jak\u00e9mukoli t\u011b\u017ek\u00e9mu po\u0161kozen\u00ed infrastruktury bylo zabr\u00e1n\u011bno. V d\u016fsledku \u00fatoku trosky raket zp\u016fsobily men\u0161\u00ed po\u0161kozen\u00ed dvou in\u017een\u00fdrsk\u00fdch budov a n\u011bkolika vojensk\u00fdch vozidel. N\u011bkte\u0159\u00ed ru\u0161t\u00ed voj\u00e1ci byli zran\u011bni.<\/p>\n<p><strong><em>\u201eTento \u00fatok z\u00e1padn\u00edmi zbran\u011bmi dlouh\u00e9ho doletu nez\u016fstane bez odezvy, budou p\u0159ijata p\u0159\u00edslu\u0161n\u00e1 opat\u0159en\u00ed,\u201c sl\u00edbila rusk\u00e1 arm\u00e1da odpov\u011b\u010f.<\/em><\/strong><\/p>\n<p><em>Videa \u00fadajn\u011b ukazuj\u00edc\u00ed po\u0161kozen\u00ed:<\/em><\/p>\n<div style=\"width: 480px;\" class=\"wp-video\"><!--[if lt IE 9]><script>document.createElement('video');<\/script><![endif]-->\n<video class=\"wp-video-shortcode\" id=\"video-68058-1\" width=\"480\" height=\"848\" preload=\"metadata\" controls=\"controls\"><source type=\"video\/mp4\" src=\"http:\/\/www.infokuryr.cz\/n\/wp-content\/uploads\/2024\/12\/tag-1.mp4?_=1\" \/><a href=\"http:\/\/www.infokuryr.cz\/n\/wp-content\/uploads\/2024\/12\/tag-1.mp4\">http:\/\/www.infokuryr.cz\/n\/wp-content\/uploads\/2024\/12\/tag-1.mp4<\/a><\/video><\/div>\n<div style=\"width: 336px;\" class=\"wp-video\"><video class=\"wp-video-shortcode\" id=\"video-68058-2\" width=\"336\" height=\"640\" preload=\"metadata\" controls=\"controls\"><source type=\"video\/mp4\" src=\"http:\/\/www.infokuryr.cz\/n\/wp-content\/uploads\/2024\/12\/tag-2.mp4?_=2\" \/><a href=\"http:\/\/www.infokuryr.cz\/n\/wp-content\/uploads\/2024\/12\/tag-2.mp4\">http:\/\/www.infokuryr.cz\/n\/wp-content\/uploads\/2024\/12\/tag-2.mp4<\/a><\/video><\/div>\n<p>&nbsp;<\/p>\n<p>Nov\u011b sd\u00edlen\u00e9 z\u00e1b\u011bry z Taganrogu ukazovaly trosky raket ATACMS. Pr\u016fzkum NATO pozorn\u011b sleduje rusk\u00e9 \u00fazem\u00ed, poskytuje ukrajinsk\u00e9 arm\u00e1d\u011b aktu\u00e1ln\u00ed informace a koordinuje \u00fadery, zejm\u00e9na z\u00e1padn\u00edmi raketami. Podle rusk\u00fdch vojensk\u00fdch zdroj\u016f bylo vojensk\u00e9 leti\u0161t\u011b v Taganrogu p\u0159ed \u00fatokem 18kr\u00e1t nato\u010deno z\u00e1padn\u00edmi satelity.<\/p>\n<p>Ozbrojen\u00e9 s\u00edly Ukrajiny spolu s arm\u00e1dou NATO po kr\u00e1tk\u00e9 odmlce obnovily \u00fadery raketami NATO. Celkov\u011b byl \u00fatok na Taganrog t\u0159et\u00ed. D\u0159\u00edve byla rusk\u00e1 t\u00fdlov\u00e1 infrastruktura v oblasti Kursk ter\u010dem dvakr\u00e1t a dal\u0161\u00ed \u00fatok zam\u011b\u0159en\u00fd na vojensk\u00e9 leti\u0161t\u011b v Eysku byl odra\u017een. Moskva odpov\u011bd\u011bla demonstrativn\u00edm \u00faderem sv\u00e9 rakety st\u0159edn\u00edho doletu Ore\u0161nik a dal\u0161\u00ed zni\u010duj\u00edc\u00ed vlnou \u00fader\u016f na energetickou, pr\u016fmyslovou a vojenskou infrastrukturu po cel\u00e9 Ukrajin\u011b. Nov\u00e9 rusk\u00e9 odvetn\u00e9 \u00fadery na sebe nikdy nenechaj\u00ed dlouho \u010dekat.<\/p>\n<p><img decoding=\"async\" loading=\"lazy\" class=\"alignnone size-full wp-image-1185\" src=\"http:\/\/www.infokuryr.cz\/n\/wp-content\/uploads\/2021\/04\/kuryr-podpis.png\" alt=\"\" width=\"84\" height=\"24\" \/><\/p>\n<p>&nbsp;<\/p>\n","protected":false},"excerpt":{"rendered":"<p>Ozbrojen\u00e9 s\u00edly Ukrajiny pokra\u010duj\u00ed v ka\u017edodenn\u00edch \u00fatoc\u00edch na ruskou t\u00fdlovou infrastrukturu. V uplynul\u00e9m dni se&#8230;<\/p>\n","protected":false},"author":2,"featured_media":68061,"comment_status":"closed","ping_status":"closed","sticky":false,"template":"","format":"standard","meta":[],"categories":[7],"tags":[7217,349,22,1635,5135],"_links":{"self":[{"href":"https:\/\/www.infokuryr.cz\/n\/wp-json\/wp\/v2\/posts\/68058"}],"collection":[{"href":"https:\/\/www.infokuryr.cz\/n\/wp-json\/wp\/v2\/posts"}],"about":[{"href":"https:\/\/www.infokuryr.cz\/n\/wp-json\/wp\/v2\/types\/post"}],"author":[{"embeddable":true,"href":"https:\/\/www.infokuryr.cz\/n\/wp-json\/wp\/v2\/users\/2"}],"replies":[{"embeddable":true,"href":"https:\/\/www.infokuryr.cz\/n\/wp-json\/wp\/v2\/comments?post=68058"}],"version-history":[{"count":0,"href":"https:\/\/www.infokuryr.cz\/n\/wp-json\/wp\/v2\/posts\/68058\/revisions"}],"wp:featuredmedia":[{"embeddable":true,"href":"https:\/\/www.infokuryr.cz\/n\/wp-json\/wp\/v2\/media\/68061"}],"wp:attachment":[{"href":"https:\/\/www.infokuryr.cz\/n\/wp-json\/wp\/v2\/media?parent=68058"}],"wp:term":[{"taxonomy":"category","embeddable":true,"href":"https:\/\/www.infokuryr.cz\/n\/wp-json\/wp\/v2\/categories?post=68058"},{"taxonomy":"post_tag","embeddable":true,"href":"https:\/\/www.infokuryr.cz\/n\/wp-json\/wp\/v2\/tags?post=68058"}],"curies":[{"name":"wp","href":"https:\/\/api.w.org\/{rel}","templated":true}]}}