{"id":68027,"date":"2024-12-13T00:33:30","date_gmt":"2024-12-12T23:33:30","guid":{"rendered":"https:\/\/www.infokuryr.cz\/n\/?p=68027"},"modified":"2024-12-12T15:37:45","modified_gmt":"2024-12-12T14:37:45","slug":"hruzne-obrazy-toto-jsou-osvoboditele-syrie-ktere-zapad-oslavuje-lze-ocekavat-masivni-toky-uprchliku","status":"publish","type":"post","link":"https:\/\/www.infokuryr.cz\/n\/2024\/12\/13\/hruzne-obrazy-toto-jsou-osvoboditele-syrie-ktere-zapad-oslavuje-lze-ocekavat-masivni-toky-uprchliku\/","title":{"rendered":"Hr\u016fzn\u00e9 obrazy: Toto jsou \u201eosvoboditel\u00e9\u201c S\u00fdrie, kter\u00e9 Z\u00e1pad oslavuje \u2013 lze o\u010dek\u00e1vat masivn\u00ed toky uprchl\u00edk\u016f"},"content":{"rendered":"<div id=\"fb-root\"><\/div>\n<p><span>Extremistick\u00e9 skupiny \u0161\u00ed\u0159\u00ed teror a prov\u00e1d\u011bj\u00ed masov\u00e9 popravy po cel\u00e9 S\u00fdrii. N\u00e1sil\u00edm, kter\u00e9 eskalovalo po svr\u017een\u00ed syrsk\u00e9ho prezidenta Asada, jsou posti\u017eeni zejm\u00e9na civilist\u00e9 a voj\u00e1ci.<\/span><\/p>\n<p><span>Podle Al-Mayadeen koluje na soci\u00e1ln\u00edch s\u00edt\u00edch video, kter\u00e9 ukazuje, jak terorist\u00e9 z odno\u017ee Al-K\u00e1idy Hayat Tahrir al-Sham (HTS), kter\u00e1 v sobotu ovl\u00e1dla Dama\u0161ek, \u00fato\u010d\u00ed na neozbrojen\u00e9 mu\u017ee ve vesnici al-Rabia brut\u00e1ln\u00ed popravou. v guvernor\u00e1tu Latakia.<\/span><\/p>\n<p><span>Milice sv\u00e9 ob\u011bti ozna\u010duj\u00ed jako \u201eShabiha\u201c \u2013 hanliv\u00fd v\u00fdraz pro voj\u00e1ky a civilisty, kte\u0159\u00ed podporuj\u00ed Asada.<\/span><\/p>\n<p><strong><span>Upozorn\u011bn\u00ed: N\u00e1sleduj\u00edc\u00ed obr\u00e1zky mohou b\u00fdt znepokojiv\u00e9.<\/span><\/strong><\/p>\n<p dir=\"ltr\" lang=\"en\"><em>Syr\u0161t\u00ed \u201erebelov\u00e9\u201c d\u00e1vaj\u00ed svobodu syrsk\u00fdm men\u0161in\u00e1m v syrsk\u00fdch vesnic\u00edch Latakia<\/em><\/p>\n<p><em>\ud83d\udea9\u00a0<a href=\"https:\/\/twitter.com\/Trenchmates?ref_src=twsrc%5Etfw\">@Trenchmates\u00a0<\/a><a href=\"https:\/\/t.co\/NrsJdWPvoC\">pic.twitter.com\/NrsJdWPvoC<\/a><\/em><\/p>\n<p><em>\u2014 Vanessa Beeley (@VanessaBeeley)\u00a0<a href=\"https:\/\/twitter.com\/VanessaBeeley\/status\/1866551937791098913?ref_src=twsrc%5Etfw\">10. prosince 2024<\/a><\/em><\/p>\n<p><em><span>V S\u00fdrii doch\u00e1z\u00ed k d\u011bsiv\u011bj\u0161\u00edm vra\u017ed\u00e1m. Zde m\u016f\u017eete vid\u011bt Tureckem podporovan\u00e9 milice zvan\u00e9 Maghawir al-Sham, jak pro\u010des\u00e1vaj\u00ed alawitskou vesnici u Homsu a prov\u00e1d\u011bj\u00ed likvida\u010dn\u00ed operace.<\/span><\/em><\/p>\n<p><strong>VIDEO NA X:<\/strong><\/p>\n<div class=\"twitter-tweet twitter-tweet-rendered\"><iframe id=\"twitter-widget-1\" class=\"\" title=\"X Post\" src=\"https:\/\/platform.twitter.com\/embed\/Tweet.html?dnt=false&amp;embedId=twitter-widget-1&amp;features=eyJ0ZndfdGltZWxpbmVfbGlzdCI6eyJidWNrZXQiOltdLCJ2ZXJzaW9uIjpudWxsfSwidGZ3X2ZvbGxvd2VyX2NvdW50X3N1bnNldCI6eyJidWNrZXQiOnRydWUsInZlcnNpb24iOm51bGx9LCJ0ZndfdHdlZXRfZWRpdF9iYWNrZW5kIjp7ImJ1Y2tldCI6Im9uIiwidmVyc2lvbiI6bnVsbH0sInRmd19yZWZzcmNfc2Vzc2lvbiI6eyJidWNrZXQiOiJvbiIsInZlcnNpb24iOm51bGx9LCJ0ZndfZm9zbnJfc29mdF9pbnRlcnZlbnRpb25zX2VuYWJsZWQiOnsiYnVja2V0Ijoib24iLCJ2ZXJzaW9uIjpudWxsfSwidGZ3X21peGVkX21lZGlhXzE1ODk3Ijp7ImJ1Y2tldCI6InRyZWF0bWVudCIsInZlcnNpb24iOm51bGx9LCJ0ZndfZXhwZXJpbWVudHNfY29va2llX2V4cGlyYXRpb24iOnsiYnVja2V0IjoxMjA5NjAwLCJ2ZXJzaW9uIjpudWxsfSwidGZ3X3Nob3dfYmlyZHdhdGNoX3Bpdm90c19lbmFibGVkIjp7ImJ1Y2tldCI6Im9uIiwidmVyc2lvbiI6bnVsbH0sInRmd19kdXBsaWNhdGVfc2NyaWJlc190b19zZXR0aW5ncyI6eyJidWNrZXQiOiJvbiIsInZlcnNpb24iOm51bGx9LCJ0ZndfdXNlX3Byb2ZpbGVfaW1hZ2Vfc2hhcGVfZW5hYmxlZCI6eyJidWNrZXQiOiJvbiIsInZlcnNpb24iOm51bGx9LCJ0ZndfdmlkZW9faGxzX2R5bmFtaWNfbWFuaWZlc3RzXzE1MDgyIjp7ImJ1Y2tldCI6InRydWVfYml0cmF0ZSIsInZlcnNpb24iOm51bGx9LCJ0ZndfbGVnYWN5X3RpbWVsaW5lX3N1bnNldCI6eyJidWNrZXQiOnRydWUsInZlcnNpb24iOm51bGx9LCJ0ZndfdHdlZXRfZWRpdF9mcm9udGVuZCI6eyJidWNrZXQiOiJvbiIsInZlcnNpb24iOm51bGx9fQ%3D%3D&amp;frame=false&amp;hideCard=false&amp;hideThread=false&amp;id=1866545943195304307&amp;lang=cs&amp;origin=https%3A%2F%2Funcutnews.ch%2Fgrausame-bilder-das-sind-die-befreier-syriens-die-der-westen-feiert-massive-fluechtlingsstroeme-sind-zu-erwarten%2F&amp;sessionId=ee6c74f5a4c64b8b0d0a51931a8979a57d6009d5&amp;theme=light&amp;widgetsVersion=2615f7e52b7e0%3A1702314776716&amp;width=550px\" frameborder=\"0\" scrolling=\"no\" allowfullscreen=\"allowfullscreen\" data-tweet-id=\"1866545943195304307\" data-mce-fragment=\"1\"><\/iframe><\/div>\n<p><span>Tureckem podporovan\u00e1 Svobodn\u00e1 syrsk\u00e1 arm\u00e1da tak\u00e9 pou\u017eila n\u00e1sil\u00ed a provedla popravy ve m\u011bst\u011b Manbid\u017e. Majetek asi 30 000 kurdsk\u00fdch rodin byl zni\u010den nebo v\u00e1\u017en\u011b zran\u011bn.<\/span><\/p>\n<p><span>Ve \u010dtvrt\u00edch Nawaha a Al-Asadiya milice vyp\u00e1lily civiln\u00ed domy a popravily nejm\u00e9n\u011b t\u0159i lidi, v\u010detn\u011b \u017eeny.<\/span><\/p>\n<p><span>V pond\u011bl\u00ed zast\u0159elili terorist\u00e9 IS 54 syrsk\u00fdch voj\u00e1k\u016f, kte\u0159\u00ed uprchli v provincii Homs \u2013 dal\u0161\u00ed krut\u00e1 kapitola v nekone\u010dn\u00e9 spir\u00e1le n\u00e1sil\u00ed.<\/span><\/p>\n<p><span>\u201ePot\u00e9, co kultivovan\u00fd Z\u00e1pad odbombardoval v\u0161echny takzvan\u00e9 dikt\u00e1tory, kdo v\u011b\u0159\u00ed, \u017ee nyn\u00ed bude na Bl\u00edzk\u00e9m v\u00fdchod\u011b m\u00edr,\u201c p\u00ed\u0161e jeden koment\u00e1tor, kter\u00fd shrnuje pochybnosti o z\u00e1padn\u00ed politice.<\/span><\/p>\n<p><em><span>Mu\u017ei se zav\u00e1zan\u00fdma o\u010dima a rukama sv\u00e1zan\u00fdma za z\u00e1dy jsou zast\u0159eleni, jako by to byli psi. Zran\u011bn\u00ed Kurdov\u00e9 v nemocnici jsou zast\u0159eleni ve sv\u00fdch postel\u00edch. Toto jsou \u201eosvoboditel\u00e9\u201c S\u00fdrie, kter\u00fdm fand\u00ed na\u0161e pokrokov\u00e1, bezohledn\u00e1 elita. Jak\u00e9 po\u017eehn\u00e1n\u00ed, \u017ee byl Assad vyhn\u00e1n.<\/span><\/em><\/p>\n<p dir=\"ltr\" lang=\"nl\"><em>Ten sud\u00fd den byl\u00a0pro juichen tak t\u011b\u017ek\u00fd jako\u00a0<a href=\"https:\/\/twitter.com\/RobJetten?ref_src=twsrc%5Etfw\">@RobJetten<\/a>\u00a0a\u00a0<a href=\"https:\/\/twitter.com\/DassenLaurens?ref_src=twsrc%5Etfw\">@DassenLaurens<\/a><\/em><\/p>\n<p><em>. Slep\u00fd doekte mannen s rukama na koberci, kter\u00fd byl zast\u0159elen, jako by to byli psi.<\/em><\/p>\n<p><em>Navinut\u00e9 \u0161\u0148\u016fry v het ziekenhuis, kter\u00e9 byly doodschoten v hun posteli.<\/em><\/p>\n<p><em>Toto je&#8230;\u00a0<a href=\"https:\/\/t.co\/8eiLKqvuXf\">pic.twitter.com\/8eiLKqvuXf<\/a><\/em><\/p>\n<p><em>\u2014 Jan B. Hommel (@john_bumblebee)\u00a0<a href=\"https:\/\/twitter.com\/john_bumblebee\/status\/1866537014264516880?ref_src=twsrc%5Etfw\">10. prosince 2024<\/a><\/em><\/p>\n<p><em><span>Nov\u00e1 S\u00fdrie. Mrtv\u00fd mu\u017e je p\u0159iv\u00e1z\u00e1n k autu a vl\u00e1\u010den ulicemi Idlibu. Tak vypad\u00e1 civilizace z pohledu Z\u00e1padu, kter\u00fd tuto novou mocenskou strukturu v S\u00fdrii podporuje.<\/span><\/em><\/p>\n<p><strong>VIDEO NA X:<\/strong><\/p>\n<div class=\"twitter-tweet twitter-tweet-rendered\"><iframe id=\"twitter-widget-3\" class=\"\" title=\"X Post\" src=\"https:\/\/platform.twitter.com\/embed\/Tweet.html?dnt=false&amp;embedId=twitter-widget-3&amp;features=eyJ0ZndfdGltZWxpbmVfbGlzdCI6eyJidWNrZXQiOltdLCJ2ZXJzaW9uIjpudWxsfSwidGZ3X2ZvbGxvd2VyX2NvdW50X3N1bnNldCI6eyJidWNrZXQiOnRydWUsInZlcnNpb24iOm51bGx9LCJ0ZndfdHdlZXRfZWRpdF9iYWNrZW5kIjp7ImJ1Y2tldCI6Im9uIiwidmVyc2lvbiI6bnVsbH0sInRmd19yZWZzcmNfc2Vzc2lvbiI6eyJidWNrZXQiOiJvbiIsInZlcnNpb24iOm51bGx9LCJ0ZndfZm9zbnJfc29mdF9pbnRlcnZlbnRpb25zX2VuYWJsZWQiOnsiYnVja2V0Ijoib24iLCJ2ZXJzaW9uIjpudWxsfSwidGZ3X21peGVkX21lZGlhXzE1ODk3Ijp7ImJ1Y2tldCI6InRyZWF0bWVudCIsInZlcnNpb24iOm51bGx9LCJ0ZndfZXhwZXJpbWVudHNfY29va2llX2V4cGlyYXRpb24iOnsiYnVja2V0IjoxMjA5NjAwLCJ2ZXJzaW9uIjpudWxsfSwidGZ3X3Nob3dfYmlyZHdhdGNoX3Bpdm90c19lbmFibGVkIjp7ImJ1Y2tldCI6Im9uIiwidmVyc2lvbiI6bnVsbH0sInRmd19kdXBsaWNhdGVfc2NyaWJlc190b19zZXR0aW5ncyI6eyJidWNrZXQiOiJvbiIsInZlcnNpb24iOm51bGx9LCJ0ZndfdXNlX3Byb2ZpbGVfaW1hZ2Vfc2hhcGVfZW5hYmxlZCI6eyJidWNrZXQiOiJvbiIsInZlcnNpb24iOm51bGx9LCJ0ZndfdmlkZW9faGxzX2R5bmFtaWNfbWFuaWZlc3RzXzE1MDgyIjp7ImJ1Y2tldCI6InRydWVfYml0cmF0ZSIsInZlcnNpb24iOm51bGx9LCJ0ZndfbGVnYWN5X3RpbWVsaW5lX3N1bnNldCI6eyJidWNrZXQiOnRydWUsInZlcnNpb24iOm51bGx9LCJ0ZndfdHdlZXRfZWRpdF9mcm9udGVuZCI6eyJidWNrZXQiOiJvbiIsInZlcnNpb24iOm51bGx9fQ%3D%3D&amp;frame=false&amp;hideCard=false&amp;hideThread=false&amp;id=1866578486665609251&amp;lang=cs&amp;origin=https%3A%2F%2Funcutnews.ch%2Fgrausame-bilder-das-sind-die-befreier-syriens-die-der-westen-feiert-massive-fluechtlingsstroeme-sind-zu-erwarten%2F&amp;sessionId=ee6c74f5a4c64b8b0d0a51931a8979a57d6009d5&amp;theme=light&amp;widgetsVersion=2615f7e52b7e0%3A1702314776716&amp;width=550px\" frameborder=\"0\" scrolling=\"no\" allowfullscreen=\"allowfullscreen\" data-tweet-id=\"1866578486665609251\" data-mce-fragment=\"1\"><\/iframe><\/div>\n<p><span>Mu\u017ei se zav\u00e1zan\u00fdma o\u010dima a rukama sv\u00e1zan\u00fdma za z\u00e1dy jsou chladnokrevn\u011b zast\u0159eleni, jako by to byli zv\u00ed\u0159ata. Zran\u011bn\u00ed Kurdov\u00e9 jsou popravov\u00e1ni na sv\u00fdch postel\u00edch v nemocnic\u00edch. Toto jsou \u201eosvoboditel\u00e9\u201c S\u00fdrie, oslavovan\u00ed na\u0161\u00ed pokrokovou, ale bezmy\u0161lenkovitou elitou. Jak\u00e9 \u201epo\u017eehn\u00e1n\u00ed\u201c, \u017ee byl Assad svr\u017een, \u017ee?<\/span><\/p>\n<p><span>Jeden koment\u00e1tor vyj\u00e1d\u0159il sv\u00e9 zd\u011b\u0161en\u00ed: \u201eOb\u00edh\u00e1 nespo\u010det vide\u00ed o hromadn\u00fdch poprav\u00e1ch, kter\u00e9 provedli takzvan\u00ed \u201arebelov\u00e9\u2018 v S\u00fdrii \u2013 dokonce i s pickupy, kter\u00e9 od n\u00e1s dostali. Tohle je prost\u011b nemocn\u00e9.&#8220;<\/span><\/p>\n<p><span>Varuje tak\u00e9 p\u0159ed hroz\u00edc\u00edm masivn\u00edm p\u0159\u00edlivem uprchl\u00edk\u016f, kter\u00fd by mohl daleko p\u0159es\u00e1hnout velikost roku 2015. V\u00edce ne\u017e 10 milion\u016f lid\u00ed by se mohlo v p\u0159\u00ed\u0161t\u00edch dvou letech pokusit uprchnout do Evropy.<\/span><\/p>\n<p><span>Novin\u00e1\u0159 Joost Niem\u00f6ller je tak\u00e9 v \u0161oku: \u201eObr\u00e1zky jsou znepokojiv\u00e9, ale mus\u00edte je vid\u011bt. Takzvan\u00ed \u201aum\u00edrn\u011bn\u00ed rebelov\u00e9\u2018 v S\u00fdrii masakruj\u00ed men\u0161iny \u2013 a sami jejich akce nat\u00e1\u010dej\u00ed, stejn\u011b jako IS, proto\u017ee jsou na to hrd\u00ed.\u201c<\/span><\/p>\n<p><img decoding=\"async\" loading=\"lazy\" class=\"alignnone size-full wp-image-1185\" src=\"http:\/\/www.infokuryr.cz\/n\/wp-content\/uploads\/2021\/04\/kuryr-podpis.png\" alt=\"\" width=\"84\" height=\"24\" \/><\/p>\n<p>&nbsp;<\/p>\n","protected":false},"excerpt":{"rendered":"<p>Extremistick\u00e9 skupiny \u0161\u00ed\u0159\u00ed teror a prov\u00e1d\u011bj\u00ed masov\u00e9 popravy po cel\u00e9 S\u00fdrii. N\u00e1sil\u00edm, kter\u00e9 eskalovalo po&#8230;<\/p>\n","protected":false},"author":2,"featured_media":68028,"comment_status":"closed","ping_status":"closed","sticky":false,"template":"","format":"standard","meta":[],"categories":[7],"tags":[3943,147,835,1205],"_links":{"self":[{"href":"https:\/\/www.infokuryr.cz\/n\/wp-json\/wp\/v2\/posts\/68027"}],"collection":[{"href":"https:\/\/www.infokuryr.cz\/n\/wp-json\/wp\/v2\/posts"}],"about":[{"href":"https:\/\/www.infokuryr.cz\/n\/wp-json\/wp\/v2\/types\/post"}],"author":[{"embeddable":true,"href":"https:\/\/www.infokuryr.cz\/n\/wp-json\/wp\/v2\/users\/2"}],"replies":[{"embeddable":true,"href":"https:\/\/www.infokuryr.cz\/n\/wp-json\/wp\/v2\/comments?post=68027"}],"version-history":[{"count":0,"href":"https:\/\/www.infokuryr.cz\/n\/wp-json\/wp\/v2\/posts\/68027\/revisions"}],"wp:featuredmedia":[{"embeddable":true,"href":"https:\/\/www.infokuryr.cz\/n\/wp-json\/wp\/v2\/media\/68028"}],"wp:attachment":[{"href":"https:\/\/www.infokuryr.cz\/n\/wp-json\/wp\/v2\/media?parent=68027"}],"wp:term":[{"taxonomy":"category","embeddable":true,"href":"https:\/\/www.infokuryr.cz\/n\/wp-json\/wp\/v2\/categories?post=68027"},{"taxonomy":"post_tag","embeddable":true,"href":"https:\/\/www.infokuryr.cz\/n\/wp-json\/wp\/v2\/tags?post=68027"}],"curies":[{"name":"wp","href":"https:\/\/api.w.org\/{rel}","templated":true}]}}