{"id":6797,"date":"2021-12-11T06:39:35","date_gmt":"2021-12-11T05:39:35","guid":{"rendered":"http:\/\/www.infokuryr.cz\/n\/?p=6797"},"modified":"2021-12-16T17:21:55","modified_gmt":"2021-12-16T16:21:55","slug":"mate-slovo-pani-jilkova","status":"publish","type":"post","link":"https:\/\/www.infokuryr.cz\/n\/2021\/12\/11\/mate-slovo-pani-jilkova\/","title":{"rendered":"M\u00e1te slovo, pan\u00ed J\u00edlkov\u00e1"},"content":{"rendered":"<div id=\"fb-root\"><\/div>\n<p>Asi n\u011bkomu se sv\u00fdm n\u00e1zorem polezu na nervy, proto\u017ee m\u011b odbudou s t\u00edm, \u017ee\u00a0 nem\u00e1 smysl se touto \u201ed\u00e1mou\u201c v\u016fbec zab\u00fdvat. Asi budou m\u00edt pravdu, le\u010d ned\u00e1 mi, abych se do n\u00ed, nev\u00edm ji\u017e pokolik\u00e1t\u00e9, znovu navezl. Sledoval jsem toti\u017e nechvaln\u011b zn\u00e1m\u00fd a po z\u00e1sluze profl\u00e1knut\u00fd po\u0159ad \u201eM\u00e1te slovo\u201c s pan\u00ed J\u00edlkovou, a\u010dkoli n\u00e1zev tohoto po\u0159adu by m\u011bl b\u00fdt \u201eM\u00e1te slovo, pan\u00ed J\u00edlkov\u00e1\u201c, p\u0159\u00edpadn\u011b tak\u00e9 \u201eSlovo m\u00e1 pan\u00ed J\u00edlkov\u00e1\u201c. Jsem p\u0159esv\u011bd\u010den, \u017ee nejsem s\u00e1m, kdo si mysl\u00ed tot\u00e9\u017e, pokud jde o n\u00e1zev po\u0159adu, proto\u017ee obsah a pr\u016fb\u011bh jednotliv\u00fdch po\u0159ad\u016f tomu zcela nasv\u011bd\u010duje.<\/p>\n<p>Zm\u011bna n\u00e1zvu tohoto po\u0159adu m\u00e1 zcela relevantn\u00ed opodstatn\u011bn\u00ed v tom, \u017ee pan\u00ed J\u00edlkov\u00e1 jako vedouc\u00ed po\u0159adu, tedy \u017ee moderuje po\u0159ad, m\u00e1 sv\u00e9 hosty,ale\u00a0 kter\u00fdm poh\u0159\u00edchu ned\u00e1 mnoho \u0161anc\u00ed \u0159\u00edct sv\u00e9, ani\u017e by nebyli p\u0159eru\u0161ov\u00e1ni\u00a0 a p\u0159ehlu\u0161ov\u00e1ni sebest\u0159ednou, impulsivn\u00ed, arogantn\u00ed a spole\u010densky nekultivovanou pan\u00ed J\u00edlkovou. Jak jsem se zm\u00ednil, sledoval jsem po\u0159ad \u201eM\u00e1te slovo\u201c (9.12.2021), tentokr\u00e1t\u00a0 na o\u010dkovac\u00ed a covidov\u00e9 t\u00e9ma a proto\u017ee jsem jej sledoval ani ne tak kv\u016fli t\u00e9matu, ale proto, abych si poslechl \u201emil\u00fd\u201c(a nervy dr\u00e1saj\u00edc\u00ed) hlas u\u017evan\u011bn\u00e9 pan\u00ed J\u00edlkov\u00e9 a jej\u00ed despoticky veden\u00fd po\u0159ad. P\u0159izn\u00e1m se, \u017ee sledov\u00e1n\u00ed tohoto programu byl z\u00e1m\u011br, proto\u017ee na z\u00e1klad\u011b v\u00fdsledku pozorov\u00e1n\u00ed a vyhodnocen\u00ed moderov\u00e1n\u00ed po\u0159adu jsem cht\u011bl o t\u00e9to pozoruhodn\u00e9, tedy i z hlediska jej\u00edho \u0161atu vhodn\u00e9ho na p\u0159ehl\u00eddkov\u00e9 molo, n\u011bco \u201ev\u00fd\u017eivn\u00e9ho\u201c o pan\u00ed J\u00edlkov\u00e9 napsat.<\/p>\n<p>Jak u\u017e b\u00fdv\u00e1 u u\u017evan\u011bn\u00e9 (l\u00e9pe by se hodilo ukecan\u00e9) pan\u00ed J\u00edlkov\u00e9 zvykem, tak\u00a0 i kdy\u017e si pozve do po\u0159adu ur\u010dit\u00e9 osobnosti, se kter\u00fdmi hodl\u00e1 v\u00e9st diskusn\u00ed po\u0159ad, tak hlavn\u00ed slovo m\u00e1 pr\u00e1v\u011b ona sama. Je sice pochopiteln\u00e9, \u017ee moderovat znamen\u00e1 korigovat pr\u016fb\u011bh po\u0159adu tak, aby diskuze byla vyv\u00e1\u017een\u00e1 a ka\u017ed\u00fd z\u00fa\u010dastn\u011bn\u00fd host m\u011bl p\u0159\u00edle\u017eitost vyslovit sv\u016fj n\u00e1zor, m\u00edn\u011bn\u00ed \u010di hodnocen\u00ed. V p\u0159\u00edpad\u011b pan\u00ed J\u00edlkov\u00e9 v\u0161ak z\u016fst\u00e1v\u00e1 jen u toho \u201em\u011bl p\u0159\u00edle\u017eitost\u201c, proto\u017ee t\u00e9 p\u0159\u00edle\u017eitosti vyu\u017e\u00edv\u00e1 p\u0159edev\u0161\u00edm ona sama. V konkr\u00e9tn\u00edm po\u0159adu ze dne 9. 12. 2021, jeho\u017e t\u00e9ma bylo \u201ePovinn\u00e9 o\u010dkov\u00e1n\u00ed\u201c m\u011bla pan\u00ed J\u00edlkov\u00e1 jako hosty po\u0159adu n\u00e1m\u011bstkyni ministra zdravotnictv\u00ed M. Koziarovou Va\u0161\u00e1kovou, Marka Zemana, prim\u00e1\u0159e-internistu, d\u00e1le Petera \u0160ebo, mikrobiologa a homeopata V\u00e1clava Hrab\u00e1ka.<\/p>\n<p>Jako v\u017edy sledovat tento po\u0159ad byl z\u00e1\u017eitek, vedle prim\u00e1rn\u00edho postaven\u00ed a hlavn\u00edho slova pan\u00ed J\u00edlkov\u00e9, excelovala pan\u00ed Koziar Va\u0161\u00e1kov\u00e1, resp. jej\u00ed souv\u011brec pan \u0160ebo,ojedin\u011ble p\u00e1nov\u00e9 Zeman a Hrab\u00e1k, kte\u0159\u00ed st\u00e1li na krajn\u011b nev\u00fdhodn\u00e9 stran\u011b oponent\u016f. Zat\u00edmco p\u0159edstavitel\u00e9 \u201epozitivn\u00ed\u201c strany dostali mo\u017enost na n\u011bkolika minutov\u00e9 vyj\u00e1d\u0159en\u00ed sv\u00e9ho n\u00e1zoru, oponenti si mohli jen tak \u201e\u0161t\u011bknout\u201c, nebo\u0165 hv\u011bzda po\u0159adu J\u00edlkov\u00e1 jim nedala dal\u0161\u00ed mo\u017enost na del\u0161\u00ed debatu. Hrub\u00e9, krajn\u011b nevhodn\u00e9 ok\u0159ikov\u00e1n\u00ed oponent\u016f, odeb\u00edr\u00e1n\u00ed slova a nenech\u00e1n\u00ed domluvit p\u0159edstavitele oponentury, kter\u00e9 se bohu\u017eel nijak nevymykalo jej\u00edmu letit\u00e9mu nekorektn\u00edmu zp\u016fsobu moderov\u00e1n\u00ed po\u0159adu a rovn\u011b\u017e demagogick\u00e9 pochlebov\u00e1n\u00ed n\u00e1zor\u016fm, bylo hlavn\u00edm rysem moderov\u00e1n\u00ed po\u0159adu.<\/p>\n<p>Nab\u00edz\u00ed se ot\u00e1zka, zda moder\u00e1tor je t\u00edm, kdo ur\u010duje, potvrzuje, nebo schvaluje nosnou ideu po\u0159adu, n\u011bco jako co je a nen\u00ed pravda. Od moder\u00e1tora po\u0159adu by se o\u010dek\u00e1valo, \u017ee bude jen \u201ezprost\u0159edkovatelem\u201c diskuz\u00ed mezi jednotliv\u00fdmi \u00fa\u010dastn\u00edky po\u0159ady, ale m\u00edt hlavn\u00ed slovo, jako v p\u0159\u00edpad\u011b nedisciplinovan\u00e9\u00a0 moder\u00e1torky\u00a0 pan\u00ed J\u00edlkov\u00e9, nen\u00ed na hran\u011b, ale za hranou toho, jak by m\u011bl slu\u0161n\u011b, v\u011bcn\u011b a objektivn\u011b moderovan\u00fd po\u0159ad vypadat. Pan\u00ed J\u00edlkov\u00e1 si z M\u00e1te slovo ud\u011blala \u201etrafiku\u201c v n\u00ed\u017e prod\u00e1v\u00e1 svou personu a teprve potom, a\u017e co zbude, d\u00e1 \u0161anci sv\u00fdm host\u016fm. Hosty ze strany oponentury lze skoro litovat, proto\u017ee kdyby tam nebyli, nic by se asi nestalo, sv\u00e9 by si \u0159ekla jak pan\u00ed J\u00edlkov\u00e1, tak druh\u00e1 strana a bylo by vymalov\u00e1no.<\/p>\n<p>Objektivn\u011b lze konstatovat, \u017ee po\u0159ad \u201eM\u00e1te slovo\u201c je, \u010di sp\u00ed\u0161e by mohl b\u00fdt sv\u00fdm zam\u011b\u0159en\u00edm daleko v\u00edce popul\u00e1rn\u011bj\u0161\u00edm, kdyby byl moderov\u00e1n n\u011bk\u00fdm jin\u00fdm. Po\u0159ad M\u00e1te slovo m\u00e1 nepochybn\u011b\u00a0 sv\u00e9 div\u00e1ky, ale nebudu daleko od pravdy, \u017ee po ukon\u010den\u00ed po\u0159adu jsou div\u00e1ci stejn\u011b nasr&#8230; jako j\u00e1, a p\u0159esto\u017ee t\u00e9ma po\u0159adu b\u00fdv\u00e1 zaj\u00edmav\u00e9 a \u010dasto i pou\u010dn\u00e9, pan\u00ed J\u00edlkov\u00e1 to sv\u00fdm odporn\u00fdm individualismem um\u00ed tot\u00e1ln\u011b pohnojit. Je to \u0161koda, proto\u017ee obl\u00edben\u00fdch a zaj\u00edmav\u00fdch, n\u011bco \u0159\u00edkaj\u00edc\u00edch po\u0159ad\u016f v TV nen\u00ed mnoho a tento, d\u00edky samolib\u00e9 moder\u00e1torce J\u00edlkov\u00e9, ztr\u00e1c\u00ed na efektu a nepochybn\u011b tak\u00e9 z\u00e1jem div\u00e1k\u016f.<\/p>\n<p>Pan\u00ed J\u00edlkov\u00e1 vede tento po\u0159ad ji\u017e hezkou \u0159\u00e1dku let a pokud si vzpom\u00edn\u00e1m, jej\u00ed zp\u016fsob moderov\u00e1n\u00ed nikdy nem\u011bl pot\u0159ebnou profesion\u00e1ln\u00ed \u00farove\u0148. K moderov\u00e1n\u00ed se dostala d\u00edky sv\u00e9mu otci, byla mlad\u00e1, temperamentn\u00ed, zaj\u00edmav\u00e1, nicm\u00e9n\u011b dnes m\u00e1 ji\u017e ml\u00e1d\u00ed za sebou a to co ji tenkr\u00e1t bylo k dobru, dnes m\u00e1 sp\u00ed\u0161e jako p\u0159\u00edt\u011b\u017e. Jin\u00fdmi slovy, je \u010das odej\u00edt, pan\u00ed J\u00edlkov\u00e1. Bude-li po\u0159ad nad\u00e1le pokra\u010dovat s jin\u00fdm moder\u00e1torem, \u010di moder\u00e1torkou, bude to jen k jeho dobru, zvl\u00e1\u0161t\u011b div\u00e1k\u016fm.<\/p>\n<p>Ji\u0159\u00ed\u00a0 B a \u0165 a<br \/>\n10. prosince 2021<\/p>\n<p><img decoding=\"async\" loading=\"lazy\" class=\"alignnone wp-image-1539\" src=\"http:\/\/www.infokuryr.cz\/n\/wp-content\/uploads\/2021\/05\/jiri-bata-225x300.jpg\" alt=\"\" width=\"157\" height=\"209\" srcset=\"https:\/\/www.infokuryr.cz\/n\/wp-content\/uploads\/2021\/05\/jiri-bata-225x300.jpg 225w, https:\/\/www.infokuryr.cz\/n\/wp-content\/uploads\/2021\/05\/jiri-bata.jpg 280w\" sizes=\"(max-width: 157px) 100vw, 157px\" \/><\/p>\n<p>&nbsp;<\/p>\n<p>&nbsp;<\/p>\n","protected":false},"excerpt":{"rendered":"<p>Asi n\u011bkomu se sv\u00fdm n\u00e1zorem polezu na nervy, proto\u017ee m\u011b odbudou s t\u00edm, \u017ee\u00a0 nem\u00e1&#8230;<\/p>\n","protected":false},"author":2,"featured_media":6798,"comment_status":"closed","ping_status":"closed","sticky":false,"template":"","format":"standard","meta":[],"categories":[6],"tags":[47,29,1565],"_links":{"self":[{"href":"https:\/\/www.infokuryr.cz\/n\/wp-json\/wp\/v2\/posts\/6797"}],"collection":[{"href":"https:\/\/www.infokuryr.cz\/n\/wp-json\/wp\/v2\/posts"}],"about":[{"href":"https:\/\/www.infokuryr.cz\/n\/wp-json\/wp\/v2\/types\/post"}],"author":[{"embeddable":true,"href":"https:\/\/www.infokuryr.cz\/n\/wp-json\/wp\/v2\/users\/2"}],"replies":[{"embeddable":true,"href":"https:\/\/www.infokuryr.cz\/n\/wp-json\/wp\/v2\/comments?post=6797"}],"version-history":[{"count":0,"href":"https:\/\/www.infokuryr.cz\/n\/wp-json\/wp\/v2\/posts\/6797\/revisions"}],"wp:featuredmedia":[{"embeddable":true,"href":"https:\/\/www.infokuryr.cz\/n\/wp-json\/wp\/v2\/media\/6798"}],"wp:attachment":[{"href":"https:\/\/www.infokuryr.cz\/n\/wp-json\/wp\/v2\/media?parent=6797"}],"wp:term":[{"taxonomy":"category","embeddable":true,"href":"https:\/\/www.infokuryr.cz\/n\/wp-json\/wp\/v2\/categories?post=6797"},{"taxonomy":"post_tag","embeddable":true,"href":"https:\/\/www.infokuryr.cz\/n\/wp-json\/wp\/v2\/tags?post=6797"}],"curies":[{"name":"wp","href":"https:\/\/api.w.org\/{rel}","templated":true}]}}