{"id":6789,"date":"2021-12-11T06:09:35","date_gmt":"2021-12-11T05:09:35","guid":{"rendered":"http:\/\/www.infokuryr.cz\/n\/?p=6789"},"modified":"2021-12-11T06:09:35","modified_gmt":"2021-12-11T05:09:35","slug":"evropske-emisni-povolenky-nastroj-dabla","status":"publish","type":"post","link":"https:\/\/www.infokuryr.cz\/n\/2021\/12\/11\/evropske-emisni-povolenky-nastroj-dabla\/","title":{"rendered":"Evropsk\u00e9 emisn\u00ed povolenky \u2013 n\u00e1stroj \u010f\u00e1bla"},"content":{"rendered":"<div id=\"fb-root\"><\/div>\n<div class=\"opener\">P\u0159edseda rusk\u00e9 vl\u00e1dy v dob\u011b prezidenta Jelcina, Viktor \u010cernomyrdin, pronesl pam\u00e1tnou v\u011btu: \u201eCht\u011bli jsme to ud\u011blat l\u00e9pe, ale dopadlo to jako v\u017edycky.\u201c A tak je to se v\u0161\u00edm, co se ze zelen\u00e9ho idealismu se sna\u017e\u00ed d\u011blat EU.<\/div>\n<div id=\"art-text\" class=\"text\">\n<p>U\u017e rok po na\u0161em vstupu do EU byl spu\u0161t\u011bn na sv\u011bt\u011b tehdy ojedin\u011bl\u00fd n\u00e1stroj pro sni\u017eov\u00e1n\u00ed emis\u00ed, Evropsk\u00fd syst\u00e9m pro obchodov\u00e1n\u00ed s emisemi (European Union Emission Trading Scheme (d\u00e1le jen EU ETS). Toto od roku 2005 a\u017e do leto\u0161n\u00edho roku existovalo pouze v EU, Islandu, Lichten\u0161tejnsku a Norsku. V ostatn\u00edm sv\u011bt\u011b nic takov\u00e9ho neexistuje. A\u017e v v tomto roce 2021 spustila \u010c\u00edna sv\u016fj ov\u0161em n\u00e1rodn\u00ed syst\u00e9m emisn\u00edch povolenek. Zd\u016fraz\u0148uji n\u00e1rodn\u00ed, to jest mimo\u010d\u00edn\u0161t\u00ed spekulanti nemaj\u00ed do \u010d\u00ednsk\u00e9ho ETS povolen vstup.<\/p>\n<p>P\u016fvodn\u011b to EU myslela dob\u0159e, tak jako ostatn\u011b v\u0161echno, jako n\u00e1stroj pro lep\u0161\u00ed \u017eivotn\u00ed prost\u0159ed\u00ed, ov\u0161em postupn\u011b se toho zmocnili spekulanti, a s povolenkami za\u010daly obchodovat r\u016fzn\u00e9 subjekty, v\u010detn\u011b finan\u010dn\u00edch \u00fastav\u016f. Tak\u017ee EU se chov\u00e1 p\u0159esn\u011b tak, jak to popisuje v perexu zm\u00edn\u011bn\u00fd rusk\u00fd politik z doby Borise Jelcina, Viktor \u010cernomyrdin. Dobr\u00e9 \u00famysly veden\u00e9 ideologi\u00ed, kter\u00e9 se vlivem nedomy\u0161lenosti zvrhnout v nep\u0159edstaviteln\u00fd probl\u00e9m. A ten probl\u00e9m nastane pro na\u0161e ob\u010dany v t\u00e9to nadch\u00e1zej\u00edc\u00ed zim\u011b.<\/p>\n<p>V\u0161echny pr\u016fmyslov\u00e9 z\u00e1vody vypou\u0161t\u011bj\u00edc\u00ed sklen\u00edkov\u00e9 plyny v\u010detn\u011b elektr\u00e1ren, mus\u00ed prokazovat, \u017ee maj\u00ed na tyto emise povolenky. Kolik jich mohou m\u00edt, se ka\u017edoro\u010dn\u011b sni\u017euji v souladu s c\u00edli EU na sni\u017eov\u00e1n\u00ed sklen\u00edkov\u00fdch plyn\u016f. To samoz\u0159ejm\u011b zvy\u0161uje cenu t\u011bchto povolenek, se kter\u00fdmi se obchoduje.<\/p>\n<p>Probl\u00e9m je ten, \u017ee n\u00e1klady na tyto povolenky plat\u00ed spot\u0159ebitel\u00e9 a to nejenom dom\u00e1cnosti, mnoho z nich bude uvr\u017eeno do platebn\u00ed neschopnosti, proto\u017ee ceny energi\u00ed budou tak vysok\u00e9, \u017ee zvl\u00e1\u0161t\u011b d\u016fchodci a samo\u017eivitelky s d\u011btmi na n\u011b nedos\u00e1hnout. N\u00e1klady na EU ETS nesou tak\u00e9 i podniky, kter\u00e9 emise nevypou\u0161t\u011bj\u00ed. A tak se budou zdra\u017eovat z\u00e1kladn\u00ed potraviny v\u010detn\u011b chleba a vlastn\u011b \u00fapln\u011b v\u0161echno.<\/p>\n<p>Nejv\u00edc na tom budou biti ob\u010dan\u00e9 z nov\u00fdch zem\u00ed EU, v\u010detn\u011b \u010cR, proto\u017ee ceny energi\u00ed jsou liberalizovan\u00e9. Ov\u0161em d\u016fchody a platy jsou u n\u00e1s nepom\u011brn\u011b ni\u017e\u0161\u00ed ne\u017e v N\u011bmecku a jinde na z\u00e1pad\u011b.<\/p>\n<p>Ironi\u00ed osudu je, \u017ee my se sv\u00fdmi jadern\u00fdmi elektr\u00e1rnami jsme jedni z nejjist\u011bj\u0161\u00edch producent\u016f elektrick\u00e9 energie a p\u0159i tom na\u0161i ob\u010dan\u00e9 z toho nemaj\u00ed \u017e\u00e1dn\u00fd u\u017eitek.<\/p>\n<p>Nov\u00e1 n\u011bmeck\u00e1 vl\u00e1da, ve kter\u00e9 jsou Zelen\u00ed bude tla\u010dit na je\u0161t\u011b rychlej\u0161\u00ed dekarbonizaci. Zvy\u0161ov\u00e1n\u00ed cen povolenek j\u00ed nebude vadit, proto\u017ee podle n\u00e1zoru Zelen\u00fdch to bude tlak na zvy\u0161ov\u00e1n\u00ed v\u00fdroby elektrick\u00e9 energie z obnoviteln\u00fdch zdroj\u016f.<\/p>\n<p>Je to velice bezohledn\u00e9 k nov\u00fdm st\u00e1t\u016fm EU. Za na\u0161i v podstat\u011b levn\u011b vyrobenou elektrickou energii plat\u00edme nehor\u00e1zn\u00e9 ceny.<\/p>\n<p>Jak to \u0159e\u0161it? U\u017e jsem o tom jednou psal. Je t\u0159eba vytvo\u0159it blok b\u00fdval\u00fdch st\u00e1t\u016f Var\u0161avsk\u00e9 smlouvy. Jakousi velkou V 4. Z\u00e1pad se prost\u011b k n\u00e1m nesm\u00ed chovat jako ke koloni\u00edm. Mus\u00ed m\u00edt ohled na t\u011b\u017ekou situaci ob\u010dan\u016f b\u00fdval\u00e9ho v\u00fdchodn\u00edho bloku, kte\u0159\u00ed maj\u00ed mnohdy 4 x ni\u017e\u0161\u00ed d\u016fchody a nepom\u011brn\u011b ni\u017e\u0161\u00ed platy za stejn\u00e9 v\u00fdkony, ne\u017e maj\u00ed ob\u010dan\u00e9 star\u00fdch st\u00e1t\u016f EU.<\/p>\n<p>V sou\u010dasn\u00e9 n\u011bmeck\u00e9 vl\u00e1d\u011b nen\u00ed nikdo z d\u016fle\u017eit\u00fdch ministr\u016f z b\u00fdval\u00e9 NDR. Kancl\u00e9\u0159, Olaf Scholz, je z Osnabr\u00fccku. Ministryn\u011b zahrani\u010d\u00ed za Zelen\u00e9, Annalena Baerbockov\u00e1, je z Hannoveru. To je ta, co tla\u010d\u00ed dokonce na zastaven\u00ed dostavby plynovodu z Ruska. Robert Habeck, dal\u0161\u00ed Zelen\u00fd, je z L\u00fcbecku. Kdysi jsem n\u011bkde napsal, kdy\u017e jsem vid\u011bl zl\u00e9 karikatury Angely Merkelov\u00e9, \u017ee je\u0161t\u011b budeme se slzou v oku vzpom\u00ednat. Vyr\u016fstala v Templinu v NDR. A co si budeme pov\u00eddat, kdo ne\u017eil ve v\u00fdchodn\u00edm bloku, m\u00e1 n\u00e1s po\u0159\u00e1d za jak\u00e9si neposlu\u0161n\u00e9 d\u011bti, co ni\u010demu nerozum\u00ed a na kter\u00e9 nen\u00ed nutn\u00e9 br\u00e1t ohled. Podle nich, m\u016f\u017eeme b\u00fdt r\u00e1di, \u017ee n\u00e1s vzali pod sv\u00e1 k\u0159\u00eddla. \u017de jejich firmy u n\u00e1s vyr\u00e1b\u011bj\u00ed stejn\u011b kvalitn\u00ed zbo\u017e\u00ed, jak\u00e9 by vyr\u00e1b\u011bly u nich, ov\u0161em za \u010dtvrtinov\u00e9 n\u00e1klady, na to r\u00e1di zapom\u00ednaj\u00ed. \u017de kupujeme jejich dotovan\u00e9 potraviny v jejich hypermarketech, to je tak\u00e9 bezp\u0159edm\u011btn\u00e9. \u017de jejich banky jsou mnohdy ziskov\u00e9 pouze u n\u00e1s, to je tak\u00e9 vedlej\u0161\u00ed, \u017ee? A kdy\u017e se objev\u00ed n\u011bkdo z n\u00e1s, kdo zm\u011bn\u00ed v\u011bdu, l\u00e9ka\u0159stv\u00ed \u010di cokoliv podobn\u00e9ho, tak se v\u017edycky v\u0161ichni div\u00ed, jak to je mo\u017en\u00e9. To asi bude n\u011bjak\u00e1 v\u00fdjimka, \u017ee?<\/p>\n<p>Zd\u016fraz\u0148uji, m\u00e1m spoustu p\u0159\u00e1tel v z\u00e1padn\u00ed Evrop\u011b. Nejsem n\u011bjak\u00fd zap\u0161kl\u00fd antievropan. Ale mus\u00edme se um\u011bt br\u00e1nit. Mus\u00edme se ozvat. A to bez v\u011bt\u0161\u00ed s\u00edly a domluvy mezi v\u0161emi st\u00e1ty, na kter\u00e9 energetick\u00e1 krize, vznikl\u00e1 ze sn\u016f zelen\u00fdch idealist\u016f dolehne s nejv\u011bt\u0161\u00ed t\u00edhou, nep\u016fjde. A je dob\u0159e, \u017ee prezident Zeman je neoblomn\u00fd co se t\u00fdk\u00e1 nominanta na ministra zahrani\u010d\u00ed, kter\u00fd je ze stejn\u00e9 l\u00edhn\u011b, jako jsou n\u011bme\u010dt\u00ed Zelen\u00ed. I nov\u00e1 vl\u00e1da bude muset br\u00e1t ohledy na ob\u010dany. A z n\u011bjak\u00e9ho nesmysln\u00e9ho idealismu se ani nenajed\u00ed ani neoh\u0159ej\u00ed. Designovan\u00fd p\u0159edseda vl\u00e1dy Petr Fiala by na to m\u011bl myslet.<\/p>\n<p>A nakonec n\u011bco pro odleh\u010den\u00ed. Kdy\u017e nebudeme m\u00edt na elekt\u0159inu a topen\u00ed, po\u0159i\u010fme si alespo\u0148 psa. Ten n\u00e1s zah\u0159eje. P\u0159i\u0161el jsem na tento n\u00e1pad z oblasti smutn\u00e9ho humoru po p\u0159e\u010dten\u00ed skv\u011bl\u00e9 kn\u00ed\u017eky severo\u010desk\u00e9ho romanopisce Ji\u0159\u00edho \u0160vejdy \u201ePejsci, psi a lid\u00e9 v m\u00e9m \u017eivot\u011b\u201c.<\/p>\n<p>Petr Hannig<br \/>\nAutor je p\u0159edseda Rozumn\u00fdch<\/p>\n<\/div>\n<p>&nbsp;<\/p>\n","protected":false},"excerpt":{"rendered":"<p>P\u0159edseda rusk\u00e9 vl\u00e1dy v dob\u011b prezidenta Jelcina, Viktor \u010cernomyrdin, pronesl pam\u00e1tnou v\u011btu: \u201eCht\u011bli jsme to&#8230;<\/p>\n","protected":false},"author":2,"featured_media":823,"comment_status":"closed","ping_status":"closed","sticky":false,"template":"","format":"standard","meta":[],"categories":[6],"tags":[67,1490,29],"_links":{"self":[{"href":"https:\/\/www.infokuryr.cz\/n\/wp-json\/wp\/v2\/posts\/6789"}],"collection":[{"href":"https:\/\/www.infokuryr.cz\/n\/wp-json\/wp\/v2\/posts"}],"about":[{"href":"https:\/\/www.infokuryr.cz\/n\/wp-json\/wp\/v2\/types\/post"}],"author":[{"embeddable":true,"href":"https:\/\/www.infokuryr.cz\/n\/wp-json\/wp\/v2\/users\/2"}],"replies":[{"embeddable":true,"href":"https:\/\/www.infokuryr.cz\/n\/wp-json\/wp\/v2\/comments?post=6789"}],"version-history":[{"count":0,"href":"https:\/\/www.infokuryr.cz\/n\/wp-json\/wp\/v2\/posts\/6789\/revisions"}],"wp:featuredmedia":[{"embeddable":true,"href":"https:\/\/www.infokuryr.cz\/n\/wp-json\/wp\/v2\/media\/823"}],"wp:attachment":[{"href":"https:\/\/www.infokuryr.cz\/n\/wp-json\/wp\/v2\/media?parent=6789"}],"wp:term":[{"taxonomy":"category","embeddable":true,"href":"https:\/\/www.infokuryr.cz\/n\/wp-json\/wp\/v2\/categories?post=6789"},{"taxonomy":"post_tag","embeddable":true,"href":"https:\/\/www.infokuryr.cz\/n\/wp-json\/wp\/v2\/tags?post=6789"}],"curies":[{"name":"wp","href":"https:\/\/api.w.org\/{rel}","templated":true}]}}