{"id":6788,"date":"2021-12-11T06:07:10","date_gmt":"2021-12-11T05:07:10","guid":{"rendered":"http:\/\/www.infokuryr.cz\/n\/?p=6788"},"modified":"2021-12-11T06:07:10","modified_gmt":"2021-12-11T05:07:10","slug":"chcipl-pes-zaluje-vita-rakusana-kolin-v-pekne-rovince-neco-tu-jde-sejdrem-covid-necovid","status":"publish","type":"post","link":"https:\/\/www.infokuryr.cz\/n\/2021\/12\/11\/chcipl-pes-zaluje-vita-rakusana-kolin-v-pekne-rovince-neco-tu-jde-sejdrem-covid-necovid\/","title":{"rendered":"Chc\u00edpl PES \u017ealuje V\u00edta Raku\u0161ana. Kol\u00edn v p\u011bkn\u00e9 rovince? N\u011bco tu jde \u0161ejdrem, covid necovid"},"content":{"rendered":"<div id=\"fb-root\"><\/div>\n<p><strong>V Kmochov\u011b pochodu se zp\u00edv\u00e1 o Kol\u00edn\u011b, \u017ee \u201estoj\u00ed v p\u011bkn\u00e9 rovince\u201c. Jen\u017ee od dob starosty Pek\u00e1rka je to tam \u201enahnut\u00e9\u201c. Dal\u0161\u00ed starosta V\u00edt Raku\u0161an si dle Jakuba Olberta z iniciativy Chc\u00edpl pes naj\u00edmal za zvl\u00e1\u0161tn\u00edch podm\u00ednek pr\u00e1vn\u00ed agentury, aby dublovaly pr\u00e1ci \u00fa\u0159edn\u00edk\u016f. Raku\u0161an m\u00e1 b\u00fdt ministr vnitra. Kdo jin\u00fd by m\u011bl \u2013 nejen proti covidu \u2013 hr\u00e1t f\u00e9r?<\/strong><\/p>\n<p><strong>Pane Olberte, jak\u00e9 jsou motivace podat trestn\u00ed ozn\u00e1men\u00ed na p\u0159edsedu hnut\u00ed Starostov\u00e9 a nez\u00e1visl\u00ed (STAN) V\u00edta Raku\u0161ana, resp. na kandid\u00e1ta na ministra vnitra v p\u0159\u00ed\u0161t\u00ed vl\u00e1d\u011b? Domn\u00edv\u00e1te se, \u017ee tato akce bude m\u00edt \u00fa\u010dinek? Je to tak, \u017ee v\u00e1m vad\u00ed jeho iniciativa, v jej\u00edm\u017e r\u00e1mci chce p\u0159itvrdit ve vym\u00e1h\u00e1n\u00ed proticovidov\u00fdch opat\u0159en\u00ed?<\/strong><\/p>\n<p><strong>Jakub Olbert<\/strong>\u00a0(podnikatel, jeden ze zakladatel\u016f\u00a0<a href=\"https:\/\/cz.sputniknews.com\/20211128\/v-praze-zacal-dalsi-protest-iniciativy-chcipl-pes-16668735.html\">iniciativy Chc\u00edpl PES<\/a>): Ano. V\u00edt Raku\u0161an i P\u011btikoalice byly nad\u011bj\u00ed pro spoustu lid\u00ed na ur\u010ditou zm\u011bnu v na\u0161\u00ed zemi. V sobotn\u00edch Lidovk\u00e1ch (4. 12.) se v\u0161ak Raku\u0161an vyj\u00e1d\u0159il tak, \u017ee je nutno lidi u n\u00e1s v\u00edce kontrolovat, nevylou\u010dil formu repres\u00ed (\u201erazantn\u00ed vym\u00e1h\u00e1n\u00ed opat\u0159en\u00ed\u2026\u201c). Policie st\u00e1le \u0159e\u0161\u00ed \u201ep\u0159estupky\u201c proti opat\u0159en\u00edm vl\u00e1dy, kter\u00e9 Nejvy\u0161\u0161\u00ed spr\u00e1vn\u00ed soud ji\u017e v des\u00edtk\u00e1ch p\u0159\u00edpad\u016f ozna\u010dil jako nez\u00e1konn\u00e9. To je v\u00edce ne\u017e zar\u00e1\u017eej\u00edc\u00ed.<\/p>\n<p>Po t\u011bchto vyj\u00e1d\u0159en\u00edch jsme se za\u010dali o pana Raku\u0161ana zaj\u00edmat. Je to ona ot\u00e1zka, kde kon\u010d\u00ed covid, kde za\u010d\u00edn\u00e1 zv\u016fle \u00fa\u0159edn\u00edka. Mysl\u00edme si, \u017ee to cel\u00e9 vyv\u011br\u00e1 ze \u0161patn\u00e9ho nastaven\u00ed, za kter\u00e9 m\u016f\u017ee tak\u00e9 pan Andrej Babi\u0161. Situace s covidem se nevy\u0159e\u0161\u00ed repres\u00ed, ale l\u00e9\u010dbou, zejm\u00e9na prevenc\u00ed.<\/p>\n<p><strong>Poj\u010fme zp\u011bt k onomu trestn\u00edmu ozn\u00e1men\u00ed\u2026 Mimochodem Kol\u00edn nechvaln\u011b proslul ji\u017e d\u0159\u00edve sv\u00fdm n\u011bkdej\u0161\u00edm \u00faplatk\u00e1\u0159sk\u00fdm starostou Pek\u00e1rkem\u2026<\/strong><\/p>\n<p>N\u00e1m le\u017e\u00ed na srdci to, co se d\u011bje dnes. Zjistili jsme, \u017ee za Raku\u0161anova starostov\u00e1n\u00ed v Kol\u00edn\u011b (2010-2019, nedlouho po Pek\u00e1rkovi, pozn.) se tam d\u011bly v\u011bci, kter\u00e9 by nem\u011bly uniknout pozornosti. Kdo jin\u00fd by m\u011bl b\u00fdt p\u0159\u00edkladem \u010destnosti ne\u017eli ministr vnitra?<\/p>\n<p><strong>Nemohl se V\u00edt Raku\u0161an jen \u201eneobratn\u011b vyj\u00e1d\u0159it\u201c? On\u00a0<a href=\"https:\/\/neovlivni.cz\/najdete-neco-na-rakusana-zadal-svym-lidem-premier\/\">se d\u0159\u00edve ohradil<\/a>\u00a0proti Babi\u0161ov\u011b kampani proti n\u011bmu\u2026<\/strong><\/p>\n<p>Ptali jsme se sami sebe, zda to nemohla b\u00fdt jeho n\u011bjak\u00e1 emo\u010dn\u00ed z\u00e1le\u017eitost. Pak jsme se pod\u00edvali do voln\u011b p\u0159\u00edstupn\u00fdch zdroj\u016f, zjistili jsme, \u017ee V\u00edt Raku\u0161an na radnici v Kol\u00edn\u011b dlouhodob\u011b \u2013 vedle st\u00e1tn\u00edch zam\u011bstnanc\u016f \u2013 anga\u017eoval t\u00e9\u017e n\u011bkolik pr\u00e1vn\u00edch kancel\u00e1\u0159\u00ed.<\/p>\n<p><strong>To samo o sob\u011b nemus\u00ed b\u00fdt p\u0159ece a\u017e tak neobvykl\u00e9\u2026<\/strong><\/p>\n<p>Jde o to, \u017ee Raku\u0161an tyto firmy naj\u00edmal i n\u011bkolik let, co\u017e vzbuzuje jist\u00e9 domn\u011bnky. My ne\u0159\u00edk\u00e1me, \u017ee tu jde vylo\u017een\u011b o trestn\u00fd \u010din, ale tvrd\u00edme, \u017ee by se t\u00edm m\u011bla zab\u00fdvat policie.<\/p>\n<p>Pokud n\u011bkdo utr\u00e1c\u00ed m\u011bs\u00ed\u010dn\u011b statis\u00edce za poradensk\u00fd servis a tut\u00e9\u017e pr\u00e1ci nech\u00e1 paraleln\u011b d\u011blat st\u00e1tn\u00ed zam\u011bstnance, \u0159\u00edk\u00e1me si, nakolik f\u00e9r je to k jin\u00fdm m\u011bst\u016fm, kter\u00e1 jsou p\u0159ibli\u017en\u011b tak velk\u00e1 jako Kol\u00edn a kter\u00e1 tak\u00e9 mus\u00ed nakl\u00e1dat n\u011bjak se sv\u00fdm rozpo\u010dtem\u2026 Zaj\u00edmalo n\u00e1s, co ony pr\u00e1vn\u00ed kancel\u00e1\u0159e poskytovaly vlastn\u011b Kol\u00ednu za slu\u017eby. Kolikr\u00e1t \u0161lo o tak jednoduch\u00e9 v\u011bci jako podeps\u00e1n\u00ed smlouvy v zastoupen\u00ed. M\u011bsto to st\u00e1lo t\u0159eba 90 000 korun. To n\u00e1m p\u0159i\u0161lo jako docela \u201ehodn\u011b\u201c.<\/p>\n<p>M\u00e1me podez\u0159en\u00ed, \u017ee objedn\u00e1v\u00e1n\u00ed slu\u017eeb Kol\u00ednem nen\u00ed v r\u00e1mci pr\u00e1va. Proto jsme sepsali \u017ealobu, uvedli n\u00e1mi zji\u0161t\u011bn\u00e9 p\u0159\u00edpady. Zn\u00e1me pr\u00e1vn\u00ed stanovisko, \u017ee dlouhodob\u011b objedn\u00e1van\u00e9 slu\u017eby na dublovanou \u010dinnost by ve st\u00e1tn\u00ed spr\u00e1v\u011b m\u00edsto m\u00edt nem\u011bly. P\u0159ipom\u00edn\u00e1 to \u0161varcsyst\u00e9m. Ka\u017edop\u00e1dn\u011b to tak b\u00fdt nem\u00e1. Z t\u011bchto d\u016fvod\u016f jsme na V\u00edta Raku\u0161ana podali \u017ealobu.<\/p>\n<p>Ke druh\u00e9 \u010d\u00e1sti ot\u00e1zky: Bude-li to m\u00edt \u00fasp\u011bch? V na\u0161e soudnictv\u00ed v\u011b\u0159\u00edm. Douf\u00e1me, \u017ee na\u0161e soudy stoj\u00ed na stran\u011b pr\u00e1va. Soudn\u00ed zpochybn\u011bn\u00ed z\u00e1konnosti n\u011bkter\u00fdch vl\u00e1dn\u00edch anticovidov\u00fdch na\u0159\u00edzen\u00ed mi d\u00e1v\u00e1 nad\u011bji, \u017ee to tak je. Jedin\u00e1 pot\u00ed\u017e je v tom, \u017ee se soudy u n\u00e1s vle\u010dou. Pokud by se jednalo o trestn\u00fd \u010din, p\u0159ejeme si, aby policie a judikatura postupovaly spr\u00e1vn\u011b.<\/p>\n<p><strong>V \u010cR p\u016fsob\u00ed neziskov\u00e9 organizace, kter\u00e9 by mohly m\u00edt v tomto p\u0159\u00edpad\u011b stejn\u00fd z\u00e1jem jako va\u0161e iniciativa. Po\u0159\u00e1d z jejich stran sl\u00fdch\u00e1me, jak m\u00e1 b\u00fdt n\u00e1\u0161 prostor transparentn\u00ed. Kontaktovali jste tyto neziskovky, p\u0159\u00edpadn\u011b samotn\u00e9ho\u00a0<a href=\"https:\/\/cz.sputniknews.com\/20211209\/rakusan-chce-povinne-ockovani-pro-hasice-a-policisty-za-lipavskym-stoji-16803562.html\">V\u00edta Raku\u0161ana<\/a>?<\/strong><\/p>\n<p>Neziskovky jsme zat\u00edm nekontaktovali, pana Raku\u0161ana p\u0159es soci\u00e1ln\u00ed s\u00edt\u011b v\u0161ak ano. Neodpov\u00edd\u00e1 n\u00e1m. Cht\u011bli jsme v\u011bd\u011bt, zda jeho v\u00fdroky mysl\u00ed v\u016fbec v\u00e1\u017en\u011b, nebo zda \u0161lo o \u201echvilkov\u00fd emo\u010dn\u00ed v\u00fdboj\u201c\u2026 Nekomunikuje s n\u00e1mi.<\/p>\n<p>Neziskovky mo\u017en\u00e1 zkontaktujeme. Zopakuji, \u017ee se situace s covidem m\u00e1 \u0159e\u0161it domluvami, prevencemi, l\u00e9\u010dbou. Od toho tu m\u00e1me p\u0159ece odborn\u00edky. Lidi mus\u00ed b\u00fdt pozitivn\u011b motivov\u00e1ni. Co jsme o\u010dek\u00e1vali od nov\u00e9ho ministra vnitra? No, na\u0161e nad\u011bje vyzn\u011bly napr\u00e1zdno. Raku\u0161an asi bude cht\u00edt p\u0159evz\u00edt \u00fa\u0159ad za \u00fa\u010delem zv\u00fd\u0161en\u00ed tlaku na obyvatele.<\/p>\n<p><strong>Neboj\u00edte se, \u017ee si na v\u00e1s \u00fa\u0159ady po takov\u00e9mto pod\u00e1n\u00ed je\u0161t\u011b v\u00edce zasednou?<\/strong><\/p>\n<p>My jsme nejv\u011bt\u0161\u00ed obavy p\u0159ekonali u\u017e loni. Otev\u00edrali jsme sv\u00e9 provozy, policist\u00e9 n\u00e1s zaji\u0161\u0165ovali, zadr\u017eovali\u2026 M\u00e1me za sebou velik\u00e9 peripetie. Nem\u00e1m nic proti policii. Dokonce se sna\u017e\u00edme spolupracovat, tzn. komunikujeme o probl\u00e9mech. Pokud n\u00e1s budou cht\u00edt zni\u010dit \u2013 ud\u011blaj\u00ed to.<\/p>\n<p><strong>Va\u0161e hlavn\u00ed motivace?<\/strong><\/p>\n<p>Pokud se nebudeme pr\u00e1t za svobodu, skon\u010d\u00edme jasn\u011b v totalit\u011b. Nen\u00ed to jen o covidu.<\/p>\n<p><strong>Na soci\u00e1ln\u00edch s\u00edt\u00edch jsem zaregistroval, \u017ee do televize do debaty o covidu\/o\u010dkov\u00e1n\u00ed z\u00e1m\u011brn\u011b\u00a0<a href=\"https:\/\/www.parlamentnilisty.cz\/arena\/monitor\/CT-zrusila-pravnikovi-pozvanku-k-Jilkove-Pry-jde-o-pozadavek-z-Ministerstva-zdravotnictvi-686112\">nepozvali<\/a>\u00a0pr\u00e1vn\u00edka Jind\u0159ich Rajchla, jeho\u017e prezence byla d\u0159\u00edve avizov\u00e1na. Budete na to reagovat?<\/strong><\/p>\n<p>Pr\u00e1v\u011b to prob\u00edr\u00e1me. Pan \u0160ebo se dopustil je\u0161t\u011b jin\u00e9ho p\u0159e\u0161lapu, proto\u017ee to byl on, kdo se zasadil o to, aby k J\u00edlkov\u00e9 Rajchl pozv\u00e1n nakonec nebyl, a\u010dkoli tam podle p\u016fvodn\u00ed dramaturgie b\u00fdti m\u011bl. To je pro m\u011b nep\u0159\u00edpustn\u00e9 u \u010cesk\u00e9 televize.<\/p>\n<p>Budeme cht\u00edt vysv\u011btlen\u00ed od Rady pro rozhlasov\u00e9 a televizn\u00ed vys\u00edl\u00e1n\u00ed, budeme t\u00e9\u017e zva\u017eovat je\u0161t\u011b dal\u0161\u00ed \u017ealobu. Ano, zavalit soudy \u017ealobami nen\u00ed asi zrovna skv\u011bl\u00e9. Ale v dne\u0161n\u00ed dob\u011b je to jeden z n\u00e1stroj\u016f. R\u00e1di bychom se tak\u00e9 se\u0161li s n\u011bk\u00fdm z \u010cT. Pro\u010d toti\u017e br\u00e1nit v translaci n\u00e1zoru renomovan\u00e9ho pr\u00e1vn\u00edka? Pro\u010d se to d\u011bje na z\u00e1klad\u011b \u201edoporu\u010den\u00ed\u201c pana \u0160eba? Jsou lid\u00e9 z neparlamentn\u00edch stran diskriminov\u00e1ni?<\/p>\n<p><strong>D\u011bkujeme za rozhovor.<\/strong><\/p>\n<p><strong>Vladim\u00edr Franta<\/strong><\/p>\n<p><a href=\"https:\/\/cz.sputniknews.com\/20211210\/chcipl-pes-zaluje-vita-rakusana-kolin-v-pekne-rovince-neco-tu-jde-sejdrem-covid-necovid-16814108.html\">ZDROJ<\/a><\/p>\n<p>&nbsp;<\/p>\n","protected":false},"excerpt":{"rendered":"<p>V Kmochov\u011b pochodu se zp\u00edv\u00e1 o Kol\u00edn\u011b, \u017ee \u201estoj\u00ed v p\u011bkn\u00e9 rovince\u201c. Jen\u017ee od dob&#8230;<\/p>\n","protected":false},"author":2,"featured_media":4032,"comment_status":"closed","ping_status":"closed","sticky":false,"template":"","format":"standard","meta":[],"categories":[6],"tags":[558,1052,1483],"_links":{"self":[{"href":"https:\/\/www.infokuryr.cz\/n\/wp-json\/wp\/v2\/posts\/6788"}],"collection":[{"href":"https:\/\/www.infokuryr.cz\/n\/wp-json\/wp\/v2\/posts"}],"about":[{"href":"https:\/\/www.infokuryr.cz\/n\/wp-json\/wp\/v2\/types\/post"}],"author":[{"embeddable":true,"href":"https:\/\/www.infokuryr.cz\/n\/wp-json\/wp\/v2\/users\/2"}],"replies":[{"embeddable":true,"href":"https:\/\/www.infokuryr.cz\/n\/wp-json\/wp\/v2\/comments?post=6788"}],"version-history":[{"count":0,"href":"https:\/\/www.infokuryr.cz\/n\/wp-json\/wp\/v2\/posts\/6788\/revisions"}],"wp:featuredmedia":[{"embeddable":true,"href":"https:\/\/www.infokuryr.cz\/n\/wp-json\/wp\/v2\/media\/4032"}],"wp:attachment":[{"href":"https:\/\/www.infokuryr.cz\/n\/wp-json\/wp\/v2\/media?parent=6788"}],"wp:term":[{"taxonomy":"category","embeddable":true,"href":"https:\/\/www.infokuryr.cz\/n\/wp-json\/wp\/v2\/categories?post=6788"},{"taxonomy":"post_tag","embeddable":true,"href":"https:\/\/www.infokuryr.cz\/n\/wp-json\/wp\/v2\/tags?post=6788"}],"curies":[{"name":"wp","href":"https:\/\/api.w.org\/{rel}","templated":true}]}}