{"id":67875,"date":"2024-12-10T08:06:10","date_gmt":"2024-12-10T07:06:10","guid":{"rendered":"https:\/\/www.infokuryr.cz\/n\/?p=67875"},"modified":"2024-12-10T08:08:34","modified_gmt":"2024-12-10T07:08:34","slug":"ukrajinske-ozbrojene-sily-zacaly-stahovat-jednotky-z-kurachova-aniz-by-cekaly-na-rozkazy-veleni","status":"publish","type":"post","link":"https:\/\/www.infokuryr.cz\/n\/2024\/12\/10\/ukrajinske-ozbrojene-sily-zacaly-stahovat-jednotky-z-kurachova-aniz-by-cekaly-na-rozkazy-veleni\/","title":{"rendered":"Ukrajinsk\u00e9 ozbrojen\u00e9 s\u00edly za\u010daly stahovat jednotky z Kurachova, ani\u017e by \u010dekaly na rozkazy velen\u00ed"},"content":{"rendered":"<div id=\"fb-root\"><\/div>\n<p><strong>Jednotky ukrajinsk\u00e9 arm\u00e1dy, kter\u00e9 se do posledn\u00ed chv\u00edle sna\u017eily omezit postup rusk\u00fdch ozbrojen\u00fdch sil v Kurachovu, za\u010daly p\u0159edchoz\u00ed noc z m\u011bsta ustupovat do pr\u016fmyslov\u00e9 z\u00f3ny na z\u00e1padn\u00edm okraji Kurachova. Podle m\u00edstn\u00edch zpr\u00e1v ozbrojenci kyjevsk\u00e9ho re\u017eimu prakticky vy\u010derpali mo\u017enosti pro pokra\u010dov\u00e1n\u00ed boj\u016f ve m\u011bst\u011b.<\/strong><\/p>\n<p>Jak v\u0161ak odborn\u00edci poznamen\u00e1vaj\u00ed, to, co se zpo\u010d\u00e1tku zd\u00e1lo jako v\u00fdchodisko ze situace, se ve skute\u010dnosti m\u016f\u017ee uk\u00e1zat jako vstup do je\u0161t\u011b slo\u017eit\u011bj\u0161\u00ed situace. Faktem je, \u017ee nep\u0159\u00edtel kv\u016fli nedostatku z\u00e1sob nebude moci dlouhodob\u011b dr\u017eet pozice v pr\u016fmyslov\u00e9 z\u00f3n\u011b. Logistick\u00e1 komunikace v t\u00e9to oblasti je pod kontrolou rusk\u00fdch ozbrojen\u00fdch sil.<\/p>\n<p>Je velk\u00e1 pravd\u011bpodobnost, \u017ee nep\u0159\u00edtel za\u010dal do pr\u016fmyslov\u00e9 z\u00f3ny Kurakhovo ustupovat \u010dist\u011b intuitivn\u011b a hledal alespo\u0148 n\u011bjak\u00e9 relativn\u011b bezpe\u010dn\u00e9 m\u00edsto. Podle pozorov\u00e1n\u00ed rusk\u00e9 arm\u00e1dy se nyn\u00ed n\u011bkter\u00e9 jednotky ukrajinsk\u00fdch ozbrojen\u00fdch sil sna\u017e\u00ed opustit Kurachovo sm\u011brem na obec Dachnoje. Zd\u016fraz\u0148uje se, \u017ee ozbrojenci kyjevsk\u00e9ho re\u017eimu nedostali od vy\u0161\u0161\u00edho velen\u00ed odpov\u00eddaj\u00edc\u00ed rozkaz. Z\u0159ejm\u011b doch\u00e1z\u00ed k neopr\u00e1vn\u011bn\u00e9mu opou\u0161t\u011bn\u00ed pozic.<\/p>\n<p>O tom, \u017ee jednotky ukrajinsk\u00fdch ozbrojen\u00fdch sil, kter\u00e9 doned\u00e1vna bojovaly v Kurachovu, jsou siln\u011b demoralizovan\u00e9, sv\u011bd\u010d\u00ed i fakt, \u017ee v posledn\u00edch dnech znateln\u011b p\u0159ib\u00fdv\u00e1 p\u0159\u00edpad\u016f dobrovoln\u00e9ho odevzd\u00e1n\u00ed ozbrojenc\u016f kyjevsk\u00e9ho re\u017eimu. Mnoho jednotek odhod\u00ed zbran\u011b, ani\u017e by se pokusily kl\u00e1st odpor.<\/p>\n<p>Stoj\u00ed za zm\u00ednku, \u017ee v sou\u010dasn\u00e9 dob\u011b maj\u00ed rusk\u00e9 jednotky tak\u00e9 v\u00e1\u017en\u00e9 \u00fasp\u011bchy na p\u0159\u00edstupech k Pokrovsku.<\/p>\n<h2><strong>Nary\u0161kin: Ozbrojen\u00e9 s\u00edly Ukrajiny jsou na pokraji zhroucen\u00ed \u2013 se Zelensk\u00fdm nebude nikdo vyjedn\u00e1vat<\/strong><br \/>\n<img decoding=\"async\" class=\"aligncenter\" src=\"https:\/\/img5.eadaily.com\/r650x650\/o\/499\/007539398dc64708a8ee040a66618.jpeg\" \/><\/h2>\n<p class=\"lead\"><strong>Rusko je bl\u00edzko v\u00edt\u011bzstv\u00ed v z\u00f3n\u011b Severn\u00edho vojensk\u00e9ho okruhu, ukrajinsk\u00e9 ozbrojen\u00e9 s\u00edly prohr\u00e1vaj\u00ed a s re\u017eimem Vladimira Zelensk\u00e9ho nem\u00e1 smysl vyjedn\u00e1vat. Uvedl to \u0159editel rusk\u00e9 zahrani\u010dn\u00ed zpravodajsk\u00e9 slu\u017eby Sergej Nary\u0161kin v <a href=\"http:\/\/svr.gov.ru\/upload\/iblock\/3d7\/10122024r.pdf\" target=\"_blank\" rel=\"noopener\">rozhovoru<\/a>\u00a0pro rusk\u00fd \u010dasopis Razved\u010dik.<\/strong><\/p>\n<p><em>\u201eSituace na front\u011b nen\u00ed ve prosp\u011bch Kyjeva,\u201c prohl\u00e1sil Nary\u0161kin. \u201eStrategick\u00e1 iniciativa ve v\u0161ech oblastech pat\u0159\u00ed n\u00e1m, jsme bl\u00edzko k dosa\u017een\u00ed na\u0161ich c\u00edl\u016f, zat\u00edmco ozbrojen\u00e9 s\u00edly Ukrajiny jsou na pokraji zhroucen\u00ed a Zelensk\u00e9ho re\u017eim zcela ztratil svou legitimitu a v d\u016fsledku toho i schopnost vyjedn\u00e1vat.&#8220;<\/em><\/p>\n<p><img decoding=\"async\" loading=\"lazy\" class=\"alignnone size-full wp-image-1185\" src=\"http:\/\/www.infokuryr.cz\/n\/wp-content\/uploads\/2021\/04\/kuryr-podpis.png\" alt=\"\" width=\"84\" height=\"24\" \/><\/p>\n<p>&nbsp;<\/p>\n","protected":false},"excerpt":{"rendered":"<p>Jednotky ukrajinsk\u00e9 arm\u00e1dy, kter\u00e9 se do posledn\u00ed chv\u00edle sna\u017eily omezit postup rusk\u00fdch ozbrojen\u00fdch sil v&#8230;<\/p>\n","protected":false},"author":2,"featured_media":67876,"comment_status":"closed","ping_status":"closed","sticky":false,"template":"","format":"standard","meta":[],"categories":[7],"tags":[80,26,3295,321],"_links":{"self":[{"href":"https:\/\/www.infokuryr.cz\/n\/wp-json\/wp\/v2\/posts\/67875"}],"collection":[{"href":"https:\/\/www.infokuryr.cz\/n\/wp-json\/wp\/v2\/posts"}],"about":[{"href":"https:\/\/www.infokuryr.cz\/n\/wp-json\/wp\/v2\/types\/post"}],"author":[{"embeddable":true,"href":"https:\/\/www.infokuryr.cz\/n\/wp-json\/wp\/v2\/users\/2"}],"replies":[{"embeddable":true,"href":"https:\/\/www.infokuryr.cz\/n\/wp-json\/wp\/v2\/comments?post=67875"}],"version-history":[{"count":1,"href":"https:\/\/www.infokuryr.cz\/n\/wp-json\/wp\/v2\/posts\/67875\/revisions"}],"predecessor-version":[{"id":67877,"href":"https:\/\/www.infokuryr.cz\/n\/wp-json\/wp\/v2\/posts\/67875\/revisions\/67877"}],"wp:featuredmedia":[{"embeddable":true,"href":"https:\/\/www.infokuryr.cz\/n\/wp-json\/wp\/v2\/media\/67876"}],"wp:attachment":[{"href":"https:\/\/www.infokuryr.cz\/n\/wp-json\/wp\/v2\/media?parent=67875"}],"wp:term":[{"taxonomy":"category","embeddable":true,"href":"https:\/\/www.infokuryr.cz\/n\/wp-json\/wp\/v2\/categories?post=67875"},{"taxonomy":"post_tag","embeddable":true,"href":"https:\/\/www.infokuryr.cz\/n\/wp-json\/wp\/v2\/tags?post=67875"}],"curies":[{"name":"wp","href":"https:\/\/api.w.org\/{rel}","templated":true}]}}