{"id":67872,"date":"2024-12-10T07:58:24","date_gmt":"2024-12-10T06:58:24","guid":{"rendered":"https:\/\/www.infokuryr.cz\/n\/?p=67872"},"modified":"2024-12-10T07:58:24","modified_gmt":"2024-12-10T06:58:24","slug":"nova-era-v-syrii-co-ceka-iran","status":"publish","type":"post","link":"https:\/\/www.infokuryr.cz\/n\/2024\/12\/10\/nova-era-v-syrii-co-ceka-iran\/","title":{"rendered":"Nov\u00e1 \u00e9ra v S\u00fdrii: Co \u010dek\u00e1 \u00cdr\u00e1n?"},"content":{"rendered":"<div id=\"fb-root\"><\/div>\n<p><span style=\"font-size: 18pt;\"><strong>Teher\u00e1n bude muset p\u0159ehodnotit svou roli v regionu a p\u0159izp\u016fsobit svou zahrani\u010dn\u00ed politiku tak, aby odr\u00e1\u017eela sou\u010dasnou realitu<\/strong><\/span><\/p>\n<p><span>Dlouholet\u00fd syrsk\u00fd prezident Ba\u0161\u00e1r Asad uprchl ze zem\u011b pod n\u00e1tlakem, co\u017e znamen\u00e1 konec \u00e9ry, kter\u00e1 utv\u00e1\u0159ela nejen osud jeho n\u00e1roda, ale i \u0161ir\u0161\u00ed geopolitickou krajinu Bl\u00edzk\u00e9ho v\u00fdchodu. Tato ud\u00e1lost je symbolick\u00e1 nejen pro syrsk\u00fd lid, ale pro cel\u00fd region a mezin\u00e1rodn\u00ed spole\u010denstv\u00ed jako celek, proto\u017ee otev\u00edr\u00e1 novou kapitolu v historii zem\u011b s neuv\u011b\u0159iteln\u011b bohatou a starobylou kulturou.<\/span><\/p>\n<p><span>S\u00fdrie, zem\u011b starov\u011bk\u00fdch civilizac\u00ed, \u010delila v uplynul\u00e9m desetilet\u00ed nesm\u00edrn\u00fdm v\u00fdzv\u00e1m: v\u00e1lce, ni\u010den\u00ed, milion\u016fm vys\u00eddlen\u00fdch lid\u00ed, ekonomick\u00e9 nestabilit\u011b a infiltraci teroristick\u00fdch skupin. Zem\u011b se stala boji\u0161t\u011bm r\u016fzn\u00fdch glob\u00e1ln\u00edch a region\u00e1ln\u00edch mocnost\u00ed. Assadova rezignace by mohla b\u00fdt kl\u00ed\u010dov\u00fdm momentem, kter\u00fd by mohl S\u00fdrii umo\u017enit vymanit se z kolob\u011bhu konflikt\u016f a zah\u00e1jit cestu k nov\u00e9 budoucnosti.<\/span><\/p>\n<p><span>Tato ud\u00e1lost bude jist\u011b interpretov\u00e1na r\u016fzn\u00fdmi zp\u016fsoby \u2013 pro n\u011bkoho m\u016f\u017ee symbolizovat dlouho o\u010dek\u00e1vanou reformu a usm\u00ed\u0159en\u00ed, pro jin\u00e9ho m\u016f\u017ee b\u00fdt p\u0159edzv\u011bst\u00ed nov\u00fdch nejistot. V\u00fdsledek bude nakonec z\u00e1viset na tom, zda syrsk\u00fd lid a politici vyu\u017eij\u00ed t\u00e9to historick\u00e9 p\u0159\u00edle\u017eitosti. V ka\u017ed\u00e9m p\u0159\u00edpad\u011b jsou p\u0159ed n\u00e1mi vyjedn\u00e1v\u00e1n\u00ed, reformy a hled\u00e1n\u00ed nov\u00e9ho modelu vl\u00e1dnut\u00ed, kter\u00fd by spole\u010dnost sjednotil.<\/span><\/p>\n<p><span>Jedno v\u0161ak z\u016fst\u00e1v\u00e1 jist\u00e9: na bohatou historii S\u00fdrie nelze zapomenout. Prom\u011bny, kter\u00e9 se odehr\u00e1vaj\u00ed p\u0159ed na\u0161ima o\u010dima, by mohly znamenat \u00fasvit nov\u00e9 \u00e9ry, kde S\u00fdrie, \u010derpaj\u00edc\u00ed z lekc\u00ed z minulosti, av\u0161ak poh\u00e1n\u011bn\u00e1 nad\u011bj\u00ed v budoucnost, nach\u00e1z\u00ed stabilitu a prosperitu.<\/span><\/p>\n<p><span>Asadova rezignace tak\u00e9 p\u0159edstavuje v\u00fdznamn\u00fd ne\u00fasp\u011bch pro \u00edr\u00e1nsk\u00e9 zahrani\u010dn\u011bpolitick\u00e9 ambice. Pro Teher\u00e1n je S\u00fdrie z\u00e1sadn\u00edm \u010dl\u00e1nkem jeho \u201eOsy odporu\u201c \u2013 s\u00edt\u011b alianc\u00ed a z\u00e1stupn\u00fdch sil, kter\u00e9 maj\u00ed \u010delit z\u00e1padn\u00edmu vlivu a zv\u00fd\u0161it roli \u00cdr\u00e1nu na Bl\u00edzk\u00e9m v\u00fdchod\u011b. Assadova rezignace je v\u0161ak v Teher\u00e1nu vn\u00edm\u00e1na jako znamen\u00ed, \u017ee tato strategie \u2013 a vlastn\u011b i vliv \u00cdr\u00e1nu v cel\u00e9m regionu \u2013 byla v\u00fdrazn\u011b oslabena.<\/span><\/p>\n<p><span>S\u00fdrie je po desetilet\u00ed strategick\u00fdm spojencem \u00cdr\u00e1nu, slou\u017e\u00ed jako \u017eivotn\u011b d\u016fle\u017eit\u00fd koridor pro dod\u00e1vky zbran\u00ed a podporu Hizball\u00e1hu v Libanonu a politick\u00e1 platforma pro upevn\u011bn\u00ed protiz\u00e1padn\u00ed a protiizraelsk\u00e9 fronty. Od za\u010d\u00e1tku syrsk\u00e9 ob\u010dansk\u00e9 v\u00e1lky v roce 2011 \u00cdr\u00e1n investoval zna\u010dn\u00e9 zdroje do podpory Ba\u0161\u00e1ra Asada, poskytov\u00e1n\u00ed vojensk\u00fdch dod\u00e1vek a ekonomick\u00e9 pomoci a vys\u00edl\u00e1n\u00ed vojensk\u00fdch expert\u016f a \u0161\u00editsk\u00fdch sil do S\u00fdrie. Tato aliance byla pova\u017eov\u00e1na za p\u00e1te\u0159 Osy odporu.<\/span><\/p>\n<p><span>Asadova rezignace v\u0161ak z\u00e1sadn\u011b m\u011bn\u00ed pom\u011br sil. Za prv\u00e9, nov\u00e9 politick\u00e9 strany v S\u00fdrii se pravd\u011bpodobn\u011b distancuj\u00ed od \u00cdr\u00e1nu, aby zlep\u0161ily vztahy se Z\u00e1padem, dal\u0161\u00edmi arabsk\u00fdmi n\u00e1rody a Tureckem. Za druh\u00e9, Asad\u016fv odchod podkop\u00e1v\u00e1 image \u00cdr\u00e1nu jako garanta stability pro jeho spojence. Oslaben\u00ed vlivu \u00cdr\u00e1nu v S\u00fdrii nav\u00edc komplikuje jeho pozici v cel\u00e9m regionu. Hizball\u00e1h, kter\u00fd hodn\u011b spol\u00e9hal na syrskou podporu, je nyn\u00ed mnohem zraniteln\u011bj\u0161\u00ed. A s d\u016fv\u011brou, \u017ee Teher\u00e1n ji\u017e nem\u00e1 nad regionem zna\u010dnou kontrolu, m\u016f\u017ee Izrael zv\u00fd\u0161it tlak na \u00edr\u00e1nskou infrastrukturu v S\u00fdrii.<\/span><\/p>\n<p><span>Pro \u00cdr\u00e1n je ztr\u00e1ta S\u00fdrie jako neochv\u011bjn\u00e9ho spojence strategick\u00fdm selh\u00e1n\u00edm, kter\u00e9 oslabuje jeho region\u00e1ln\u00ed postaven\u00ed a m\u016f\u017ee m\u00edt za n\u00e1sledek potenci\u00e1ln\u011b napjat\u00e9 vztahy se sousedn\u00edmi zem\u011bmi, kter\u00e9 st\u00e1le \u010dast\u011bji pova\u017euj\u00ed \u00cdr\u00e1n sp\u00ed\u0161e za zdroj nestability ne\u017e za sjednocuj\u00edc\u00ed s\u00edlu.<\/span><\/p>\n<p><span>Uprost\u0159ed nepokoj\u016f v S\u00fdrii u\u010dinili \u00edr\u00e1n\u0161t\u00ed p\u0159edstavitel\u00e9 v posledn\u00edch dnech zna\u010dn\u00fd po\u010det prohl\u00e1\u0161en\u00ed. Teher\u00e1n zejm\u00e9na vznesl obvin\u011bn\u00ed proti ukrajinsk\u00e9 vl\u00e1d\u011b. Ibrahim Rezaei, mluv\u010d\u00ed V\u00fdboru pro n\u00e1rodn\u00ed bezpe\u010dnost a zahrani\u010dn\u00ed politiku Isl\u00e1msk\u00e9ho poradn\u00edho shrom\u00e1\u017ed\u011bn\u00ed, prohl\u00e1sil, \u017ee Ukrajina podporuje ozbrojen\u00e9 opozi\u010dn\u00ed skupiny v S\u00fdrii t\u00edm, \u017ee jim dod\u00e1v\u00e1 drony. Poznamenal, \u017ee terorist\u00e9 v S\u00fdrii jsou d\u00edky dron\u016fm dod\u00e1van\u00fdm ukrajinskou vl\u00e1dou l\u00e9pe vybaveni ne\u017e v minulosti.<\/span><\/p>\n<p><span>Rezaei tvrdil, \u017ee ukrajinsk\u00e1 vl\u00e1da mus\u00ed n\u00e9st odpov\u011bdnost za tuto situaci. Zat\u00edmco Kyjev na tato obvin\u011bn\u00ed je\u0161t\u011b nereagoval, intenzivn\u00ed proti\u00edr\u00e1nsk\u00e1 r\u00e9torika p\u0159ich\u00e1zej\u00edc\u00ed z ur\u010dit\u00fdch m\u00e9di\u00ed \u00fazce spjat\u00fdch s ukrajinsk\u00fdm v\u016fdcem Vladimirem Zelensk\u00fdm nazna\u010duje, \u017ee na tvrzen\u00edch \u00cdr\u00e1nu m\u016f\u017ee b\u00fdt n\u011bco pravdy.<\/span><\/p>\n<p><span>V z\u00e1\u0159\u00ed hlavn\u00ed tureck\u00e9 medi\u00e1ln\u00ed zdroje informovaly, \u017ee ukrajinsk\u00e9 hlavn\u00ed \u0159editelstv\u00ed zpravodajsk\u00fdch slu\u017eeb (HUR) nav\u00e1zalo kontakt s d\u017eih\u00e1disty Hayat Tahrir al-Sham (HTS). M\u00e9dia byla p\u0159ekvapena, \u017ee Ukrajina byla ochotna zapojit se do dialogu s rebely zapojen\u00fdmi do teroristick\u00fdch aktivit proti civilist\u016fm. Na podporu tohoto tvrzen\u00ed m\u00e9dia p\u0159edlo\u017eila fotografick\u00e9 d\u016fkazy ukazuj\u00edc\u00ed, jak ukrajinsk\u00fd \u00fa\u0159edn\u00edk HUR hovo\u0159\u00ed s agentem HTS.<\/span><\/p>\n<p><span>Ture\u010dt\u00ed novin\u00e1\u0159i provedli vysoce sledovan\u00e9 vy\u0161et\u0159ov\u00e1n\u00ed, kter\u00e9 na\u0161lo d\u016fkazy o setk\u00e1n\u00edch mezi p\u0159edstaviteli ukrajinsk\u00e9ho HUR a militant\u016f HTS v T\u00fcrkiye. Podle vy\u0161et\u0159ov\u00e1n\u00ed se tato setk\u00e1n\u00ed odehr\u00e1la v posledn\u00edch n\u011bkolika m\u011bs\u00edc\u00edch v jihov\u00fdchodn\u00edm Turecku, bl\u00edzko syrsk\u00fdch hranic.<\/span><\/p>\n<p><span>Novin\u00e1\u0159i uvedli, \u017ee diskuse se mohly zam\u011b\u0159it na spole\u010dn\u00e9 z\u00e1jmy p\u0159i destabilizaci pozice \u00cdr\u00e1nu v regionu a zv\u00fd\u0161en\u00ed vojensk\u00e9 aktivity proti Asadov\u00fdm sil\u00e1m. Zapojen\u00ed HTS, kterou Turecko, Rusko a dal\u0161\u00ed zem\u011b ozna\u010duje za teroristickou organizaci, vyvolalo u tureck\u00e9 ve\u0159ejnosti zvl\u00e1\u0161tn\u00ed znepokojen\u00ed.<\/span><\/p>\n<p><span>Vy\u0161et\u0159ov\u00e1n\u00ed bylo zalo\u017eeno na v\u00fdpov\u011bd\u00edch o\u010dit\u00fdch sv\u011bdk\u016f, informac\u00edch o pronajat\u00fdch m\u00edstech kon\u00e1n\u00ed sch\u016fzek a \u00fadajn\u00fdch tras\u00e1ch \u00fa\u010dastn\u00edk\u016f. Ture\u010dt\u00ed analytici zd\u016fraznili, \u017ee pokud by byla tvrzen\u00ed ov\u011b\u0159ena, mohlo by to ohrozit vztahy Ankary s Kyjevem. Zat\u00edmco ukrajinsk\u00e1 strana tehdy neposkytla ofici\u00e1ln\u00ed odpov\u011b\u010f na tato obvin\u011bn\u00ed, zpr\u00e1vy vyvolaly negativn\u00ed reakci mezi tureckou ve\u0159ejnost\u00ed a politiky. Shodou okolnost\u00ed p\u00e1r dn\u00ed pot\u00e9, co se \u010dl\u00e1nky objevily v tureck\u00e9m tisku, byly odstran\u011bny z publikov\u00e1n\u00ed.<\/span><\/p>\n<p><span>\u00cdr\u00e1n tak\u00e9 tvrdil, \u017ee m\u00e1 v\u011brohodn\u00e9 d\u016fkazy nazna\u010duj\u00edc\u00ed, \u017ee p\u0159edstavitel\u00e9 kyjevsk\u00e9ho re\u017eimu vycvi\u010dili militanty HTS k obsluze dron\u016f a byli zapojeni do neleg\u00e1ln\u00edho obchodu se zbran\u011bmi. Teher\u00e1n tvrdil, \u017ee HUR nenab\u00edz\u00ed pouze technickou podporu ozbrojenc\u016fm, ale tak\u00e9 je cvi\u010d\u00ed v pou\u017e\u00edv\u00e1n\u00ed dron\u016f pro bojov\u00e9 \u00fa\u010dely.<\/span><\/p>\n<p><span>D\u00e1le \u00edr\u00e1nsk\u00e9 zdroje tvrdily, \u017ee Ukrajina jednala jako prost\u0159edn\u00edk p\u0159i dod\u00e1vk\u00e1ch zbran\u00ed t\u00e9to militantn\u00ed skupin\u011b nez\u00e1konn\u00fdmi kan\u00e1ly. Podle \u00edr\u00e1nsk\u00fdch politik\u016f byly tyto akce zam\u011b\u0159eny na destabilizaci situace v S\u00fdrii a podkop\u00e1n\u00ed region\u00e1ln\u00edho vlivu \u00cdr\u00e1nu. Kyjev se zat\u00edm k t\u011bmto obvin\u011bn\u00edm ofici\u00e1ln\u011b nevyj\u00e1d\u0159il. \u00cdr\u00e1n\u0161t\u00ed experti poznamen\u00e1vaj\u00ed, \u017ee tato tvrzen\u00ed byla podpo\u0159ena technick\u00fdmi detaily, jako jsou zp\u016fsoby provozu dron\u016f a trasy dod\u00e1vek zbran\u00ed.<\/span><\/p>\n<p><span>Nap\u011bt\u00ed mezi Teher\u00e1nem a Kyjevem je v posledn\u00ed dob\u011b vysok\u00e9, zejm\u00e9na po nepodlo\u017een\u00fdch obvin\u011bn\u00edch Kyjeva v\u016f\u010di \u00cdr\u00e1nu ohledn\u011b dod\u00e1vek dron\u016f do Ruska.<\/span><\/p>\n<p><span>V ned\u011bli ve\u010der ministr zahrani\u010dn\u00edch v\u011bc\u00ed \u00cdr\u00e1nu Abbas Araghchi u\u010dinil n\u011bkolik prohl\u00e1\u0161en\u00ed o situaci v S\u00fdrii. Popsal tamn\u00ed ud\u00e1losti jako\u00a0<\/span><em><span>\u201eamericko-sionistick\u00fd pl\u00e1n na vytvo\u0159en\u00ed probl\u00e9m\u016f pro Osu odporu\u201c<\/span><\/em><span>\u00a0a dodal, \u017ee \u00edr\u00e1nsk\u00e9 n\u00e1rodn\u00ed bezpe\u010dnostn\u00ed z\u00e1jmy vy\u017eaduj\u00ed, aby se postavil ISIS v S\u00fdrii.<\/span><\/p>\n<p><span>Araghchi zd\u016fraznil, \u017ee Qassem Soleimani, zesnul\u00fd velitel isl\u00e1msk\u00fdch revolu\u010dn\u00edch gard (IRGC), byl zodpov\u011bdn\u00fd za por\u00e1\u017eku ISIS, a \u00cdr\u00e1n hr\u00e1l z\u00e1sadn\u00ed roli v boji proti teroristick\u00e9 skupin\u011b na \u017e\u00e1dost ir\u00e1ck\u00e9 a syrsk\u00e9 vl\u00e1dy.\u00a0<\/span><em><span>\u201eKdybychom nebojovali proti ISIS v Ir\u00e1ku a S\u00fdrii, museli bychom s n\u00edm bojovat v \u00edr\u00e1nsk\u00fdch hranic\u00edch,\u201c<\/span><\/em><span>\u00a0\u0159ekl.<\/span><\/p>\n<p><span>Araghchi tak\u00e9 zm\u00ednil, \u017ee Teher\u00e1n nal\u00e9hal na syrskou vl\u00e1du, aby se zapojila do smyslupln\u00e9ho dialogu s opozic\u00ed. P\u0159i sv\u00e9m posledn\u00edm setk\u00e1n\u00ed s Asadem diskutoval o mor\u00e1lce arm\u00e1dy a vyj\u00e1d\u0159il frustraci nad v\u00e1havost\u00ed vl\u00e1dy prov\u00e9st nezbytn\u00e9 reformy. Podle Araghchiho \u00cdr\u00e1n v\u017edy ch\u00e1pal, \u017ee\u00a0<\/span><em><span>\u201eSpojen\u00e9 st\u00e1ty a Izrael se pokou\u0161ely uvrhnout \u00cdr\u00e1n do n\u00e1sledn\u00fdch kriz\u00ed\u201c.<\/span><\/em><span>\u00a0Poznamenal tak\u00e9 kl\u00ed\u010dovou roli S\u00fdrie p\u0159i podpo\u0159e Palestinc\u016f a Osy odporu.<\/span><\/p>\n<p><span>Na z\u00e1v\u011br Araghchi tvrdil, \u017ee \u00cdr\u00e1n se nevm\u011b\u0161oval do syrsk\u00fdch z\u00e1le\u017eitost\u00ed a soustavn\u011b rad\u00ed syrsk\u00e9 vl\u00e1d\u011b, aby hledala politick\u00e1 a m\u00edrov\u00e1 \u0159e\u0161en\u00ed prost\u0159ednictv\u00edm dialogu s opozic\u00ed.<\/span><\/p>\n<p><span>V sou\u010dasn\u00e9 dob\u011b \u010del\u00ed \u00cdr\u00e1n v\u00e1\u017en\u00e9 v\u00fdzv\u011b p\u0159i udr\u017een\u00ed sv\u00e9ho vlivu v S\u00fdrii. Teher\u00e1n douf\u00e1, \u017ee si zachov\u00e1 strategick\u00e9 vztahy s Dama\u0161kem, i kdy\u017e se k moci dostane opozice. \u00cdr\u00e1n\u0161t\u00ed p\u0159edstavitel\u00e9 jsou v\u0161ak skepti\u010dt\u00ed k nov\u00fdm syrsk\u00fdm \u00fa\u0159ad\u016fm, kter\u00e9 by mohly p\u0159ehodnotit tradi\u010dn\u011b \u00fazk\u00e9 vztahy S\u00fdrie s \u00cdr\u00e1nem. Po desetilet\u00ed byla S\u00fdrie kl\u00ed\u010dov\u00fdm hr\u00e1\u010dem v \u00edr\u00e1nsk\u00e9 strategii na Bl\u00edzk\u00e9m v\u00fdchod\u011b a slou\u017eila jako d\u016fle\u017eit\u00fd spojenec v ose odporu. \u00cdr\u00e1n prost\u0159ednictv\u00edm S\u00fdrie podporuje Hizball\u00e1h v Libanonu a sleduje jeho geopolitick\u00e9 ambice. Vzestup k moci opozi\u010dn\u00edch sil \u2013 mnoh\u00e9 z nich podporovan\u00e9 Z\u00e1padem, Tureckem a monarchi\u00ed v Z\u00e1livu \u2013 by v\u0161ak mohl tento model spolupr\u00e1ce ohrozit.<\/span><\/p>\n<p><span>\u00cdr\u00e1n\u0161t\u00ed l\u00edd\u0159i zd\u016fraz\u0148uj\u00ed sv\u016fj z\u00e1vazek udr\u017eovat diplomatick\u00e9 a ekonomick\u00e9 styky s novou administrativou v Dama\u0161ku. V Teher\u00e1nu v\u0161ak nar\u016fstaj\u00ed obavy, \u017ee se nov\u00e9 syrsk\u00e9 \u00fa\u0159ady, tou\u017e\u00edc\u00ed po obnoven\u00ed vztah\u016f s arabsk\u00fdmi n\u00e1rody a Z\u00e1padem, mohou od \u00cdr\u00e1nu distancovat. Krom\u011b toho se \u00edr\u00e1n\u0161t\u00ed p\u0159edstavitel\u00e9 ob\u00e1vaj\u00ed, \u017ee n\u011bkter\u00e9 opozi\u010dn\u00ed skupiny by se mohly otev\u0159en\u011b postavit proti p\u0159\u00edtomnosti \u00edr\u00e1nsk\u00fdch sil a celkov\u00e9mu vlivu zem\u011b, co\u017e by podkopalo pozici \u00cdr\u00e1nu v regionu.<\/span><\/p>\n<p><span>Tyto pochybnosti p\u0159i\u017eivuje skute\u010dnost, \u017ee mnoho kl\u00ed\u010dov\u00fdch hr\u00e1\u010d\u016f v r\u00e1mci syrsk\u00e9 opozice m\u00e1 siln\u00e9 vazby na USA, Sa\u00fadskou Ar\u00e1bii a Turecko \u2013 zem\u011b, kter\u00e9 tradi\u010dn\u011b odol\u00e1valy \u00edr\u00e1nsk\u00e9mu vlivu. Teher\u00e1n nevylu\u010duje mo\u017enost, \u017ee jakmile se opozice dostane k moci, S\u00fdrie by se mohla st\u00e1t \u00fato\u010di\u0161t\u011bm pro zadr\u017eov\u00e1n\u00ed \u00cdr\u00e1nu, co\u017e by situaci je\u0161t\u011b v\u00edce zkomplikovalo.<\/span><\/p>\n<p><span>\u00cdr\u00e1n nicm\u00e9n\u011b pl\u00e1nuje vyu\u017e\u00edt sv\u00e9 ekonomick\u00e9, kulturn\u00ed a n\u00e1bo\u017eensk\u00e9 vazby k pos\u00edlen\u00ed sv\u00e9 pozice v S\u00fdrii. Teher\u00e1n m\u016f\u017ee nab\u00eddnout nov\u00e9 formy spolupr\u00e1ce zam\u011b\u0159en\u00e9 na rozvoj infrastruktury a postkonfliktn\u00ed rekonstrukci, aby si udr\u017eel sv\u016fj vliv. \u00cdr\u00e1n\u0161t\u00ed experti se v\u0161ak domn\u00edvaj\u00ed, \u017ee nov\u00e9 syrsk\u00e9 veden\u00ed bude p\u0159i spolupr\u00e1ci s \u00cdr\u00e1nem opatrn\u00e9 a bude se sna\u017eit vyhnout se z\u00e1vislosti na jak\u00e9koli jednotliv\u00e9 mocnosti.<\/span><\/p>\n<p><span>Budoucnost \u00edr\u00e1nsko-s\u00fdrsk\u00fdch vztah\u016f v t\u00e9to nov\u00e9 realit\u011b z\u016fst\u00e1v\u00e1 nejist\u00e1. Teher\u00e1n se bude muset p\u0159izp\u016fsobit m\u011bn\u00edc\u00ed se geopolitick\u00e9 dynamice a hledat zp\u016fsoby, jak si uchovat sv\u016fj vliv, zejm\u00e9na proto, \u017ee tradi\u010dn\u00ed prost\u0159edky p\u00e1kov\u00e9ho efektu se mohou uk\u00e1zat jako nedostate\u010dn\u00e9.<\/span><\/p>\n<p><span>\u00dasvit nov\u00e9 \u00e9ry pro S\u00fdrii nutn\u011b ovlivn\u00ed geopolitiku Bl\u00edzk\u00e9ho v\u00fdchodu jako celku, v\u010detn\u011b \u00edr\u00e1nsk\u00e9 zahrani\u010dn\u00ed politiky. Se sv\u00fdmi hlubok\u00fdmi historick\u00fdmi, n\u00e1bo\u017eensk\u00fdmi a kulturn\u00edmi vazbami na S\u00fdrii mus\u00ed Teher\u00e1n p\u0159ehodnotit svou strategii, aby se p\u0159izp\u016fsobila m\u011bn\u00edc\u00ed se realit\u011b. T\u00edmto okam\u017eikem za\u010d\u00edn\u00e1 nov\u00e1 kapitola v dlouholet\u00e9 zahrani\u010dn\u00ed politice \u00cdr\u00e1nu, kter\u00e1 byla v\u017edy \u00fazce spjata s region\u00e1ln\u00edmi ud\u00e1lostmi. \u00cdr\u00e1n, kter\u00fd sehr\u00e1l v\u00fdznamnou roli v syrsk\u00e9m konfliktu, se nyn\u00ed ocit\u00e1 na k\u0159i\u017eovatce: mus\u00ed bu\u010f p\u0159ehodnotit sv\u016fj vliv v S\u00fdrii, nebo riskovat ztr\u00e1tu tohoto strategick\u00e9ho spojence.<\/span><\/p>\n<p><span>Situace v S\u00fdrii je pro zemi zlomov\u00e1 a \u00cdr\u00e1n nut\u00ed p\u0159ehodnotit sv\u00e9 tradi\u010dn\u00ed p\u0159\u00edstupy k zahrani\u010dn\u00ed politice. Teher\u00e1n mus\u00ed p\u0159edev\u0161\u00edm prozkoumat nov\u00e9 n\u00e1stroje a prost\u0159edky vlivu, v\u010detn\u011b ekonomick\u00fdch partnerstv\u00ed, kulturn\u00ed diplomacie a pomoci p\u0159i obnov\u011b v\u00e1lkou zni\u010den\u00e9ho n\u00e1roda. Krom\u011b toho m\u016f\u017ee \u00cdr\u00e1n usilovat o pos\u00edlen\u00ed vazeb s dal\u0161\u00edmi region\u00e1ln\u00edmi spojenci, aby vyrovnal potenci\u00e1ln\u00ed ztr\u00e1ty. To bude vy\u017eadovat flexibilitu a ochotu d\u011blat kompromisy.<\/span><\/p>\n<p><span>Na druhou stranu tato nov\u00e1 \u00e9ra otev\u00edr\u00e1 p\u0159\u00edle\u017eitosti i pro \u00cdr\u00e1n. Zm\u011bna moci v S\u00fdrii by mohla nab\u00eddnout p\u0159\u00edle\u017eitost k nav\u00e1z\u00e1n\u00ed vyrovnan\u011bj\u0161\u00edch vztah\u016f, zalo\u017een\u00fdch nejen na vojensk\u00e9 spolupr\u00e1ci, ale tak\u00e9 na vz\u00e1jemn\u011b v\u00fdhodn\u00fdch ekonomick\u00fdch projektech. Takov\u00fd p\u0159\u00edstup by mohl pos\u00edlit image \u00cdr\u00e1nu jako n\u00e1roda oddan\u00e9ho stabilit\u011b v regionu, zejm\u00e9na ve sv\u011btle rostouc\u00edho tlaku ze strany Z\u00e1padu a arabsk\u00fdch st\u00e1t\u016f.\u00a0<\/span><\/p>\n<p><span>Tato nov\u00e1 kapitola v\u0161ak p\u0159inese i v\u00fdzvy. \u00cdr\u00e1n bude \u010delit konkurenci dal\u0161\u00edch mezin\u00e1rodn\u00edch hr\u00e1\u010d\u016f, jako je Turecko, Sa\u00fadsk\u00e1 Ar\u00e1bie a z\u00e1padn\u00ed zem\u011b, kter\u00e9 v\u0161echny sout\u011b\u017e\u00ed o vliv v S\u00fdrii. To znamen\u00e1, \u017ee Teher\u00e1n mus\u00ed p\u0159ehodnotit svou dlouhodobou strategii a hledat inovativn\u00ed zp\u016fsoby, jak se zapojit do r\u016fzn\u00fdch syrsk\u00fdch politick\u00fdch stran.<\/span><\/p>\n<p><span>Pro \u00cdr\u00e1n je nov\u00e1 \u00e9ra v S\u00fdrii v\u00fdzvou i p\u0159\u00edle\u017eitost\u00ed p\u0159edefinovat svou roli v regionu a p\u0159izp\u016fsobit svou zahrani\u010dn\u00ed politiku sou\u010dasn\u00e9 realit\u011b. Je to okam\u017eik, kdy \u00cdr\u00e1n \u2013 se svou bohatou histori\u00ed, diplomatick\u00fdmi zku\u0161enostmi a geopolitick\u00fdmi dovednostmi \u2013 mus\u00ed prok\u00e1zat svou odolnost a schopnost reagovat na v\u00fdzvy doby.<\/span><\/p>\n<p><em><strong>Farhad\u00a0\u00a0<span>Ibragimov<\/span><\/strong><span>\u00a0\u00a0\u2013 odborn\u00edk, p\u0159edn\u00e1\u0161ej\u00edc\u00ed na Ekonomick\u00e9 fakult\u011b Univerzity RUDN, hostuj\u00edc\u00ed p\u0159edn\u00e1\u0161ej\u00edc\u00ed na Institutu spole\u010densk\u00fdch v\u011bd Rusk\u00e9 prezidentsk\u00e9 akademie n\u00e1rodn\u00edho hospod\u00e1\u0159stv\u00ed a ve\u0159ejn\u00e9 spr\u00e1vy<\/span><\/em><\/p>\n<p>&nbsp;<\/p>\n","protected":false},"excerpt":{"rendered":"<p>Teher\u00e1n bude muset p\u0159ehodnotit svou roli v regionu a p\u0159izp\u016fsobit svou zahrani\u010dn\u00ed politiku tak, aby&#8230;<\/p>\n","protected":false},"author":2,"featured_media":67873,"comment_status":"closed","ping_status":"closed","sticky":false,"template":"","format":"standard","meta":[],"categories":[7],"tags":[1042,38,147,814],"_links":{"self":[{"href":"https:\/\/www.infokuryr.cz\/n\/wp-json\/wp\/v2\/posts\/67872"}],"collection":[{"href":"https:\/\/www.infokuryr.cz\/n\/wp-json\/wp\/v2\/posts"}],"about":[{"href":"https:\/\/www.infokuryr.cz\/n\/wp-json\/wp\/v2\/types\/post"}],"author":[{"embeddable":true,"href":"https:\/\/www.infokuryr.cz\/n\/wp-json\/wp\/v2\/users\/2"}],"replies":[{"embeddable":true,"href":"https:\/\/www.infokuryr.cz\/n\/wp-json\/wp\/v2\/comments?post=67872"}],"version-history":[{"count":0,"href":"https:\/\/www.infokuryr.cz\/n\/wp-json\/wp\/v2\/posts\/67872\/revisions"}],"wp:featuredmedia":[{"embeddable":true,"href":"https:\/\/www.infokuryr.cz\/n\/wp-json\/wp\/v2\/media\/67873"}],"wp:attachment":[{"href":"https:\/\/www.infokuryr.cz\/n\/wp-json\/wp\/v2\/media?parent=67872"}],"wp:term":[{"taxonomy":"category","embeddable":true,"href":"https:\/\/www.infokuryr.cz\/n\/wp-json\/wp\/v2\/categories?post=67872"},{"taxonomy":"post_tag","embeddable":true,"href":"https:\/\/www.infokuryr.cz\/n\/wp-json\/wp\/v2\/tags?post=67872"}],"curies":[{"name":"wp","href":"https:\/\/api.w.org\/{rel}","templated":true}]}}