{"id":6785,"date":"2021-12-11T05:43:35","date_gmt":"2021-12-11T04:43:35","guid":{"rendered":"http:\/\/www.infokuryr.cz\/n\/?p=6785"},"modified":"2021-12-11T05:43:35","modified_gmt":"2021-12-11T04:43:35","slug":"klaus-ustavni-zaloba-na-zemana-je-degradaci-systemu-lipavsky-na-funkci-ministra-zahranici-nema","status":"publish","type":"post","link":"https:\/\/www.infokuryr.cz\/n\/2021\/12\/11\/klaus-ustavni-zaloba-na-zemana-je-degradaci-systemu-lipavsky-na-funkci-ministra-zahranici-nema\/","title":{"rendered":"Klaus: \u00dastavn\u00ed \u017ealoba na Zemana je degradac\u00ed syst\u00e9mu. Lipavsk\u00fd na funkci ministra zahrani\u010d\u00ed nem\u00e1"},"content":{"rendered":"<div id=\"fb-root\"><\/div>\n<p><strong>Exprezident \u010cesk\u00e9 republiky V\u00e1clav Klaus se ztoto\u017enil s n\u00e1zorem Milo\u0161e Zemana ohledn\u011b kandidatury Jana Lipavsk\u00e9ho na funkci \u0161\u00e9fa zahrani\u010dn\u00edho resortu. Klaus je p\u0159esv\u011bd\u010den, \u017ee pod\u00e1n\u00ed \u017ealoby na prezidenta nen\u00ed nam\u00edst\u011b, politici podle n\u011bj mus\u00ed hledat kompromis.<\/strong><\/p>\n<p>Sou\u010dasn\u00e1 neshoda mezi p\u011btikoalic\u00ed v \u010dele s designovan\u00fdm premi\u00e9rem Petrem Fialou a prezidentem Milo\u0161em Zemanem v\u016f\u010di kandidatu\u0159e pir\u00e1ta Jana Lipavsk\u00e9ho by se m\u011bla \u0159e\u0161it politickou cestou, nikoliv p\u0159es \u00fastavn\u00ed \u017ealobu na prezidenta,\u00a0tvrd\u00ed\u00a0b\u00fdval\u00fd prezident V\u00e1clav Klaus.<\/p>\n<p>\u201eZ vlastn\u00ed prezidentsk\u00e9 i premi\u00e9rsk\u00e9 zku\u0161enosti dob\u0159e v\u00edm, \u017ee vl\u00e1da je u n\u00e1s jmenov\u00e1na jako v\u00fdsledek komunikace prezidenta a premi\u00e9ra\u2026 Premi\u00e9r nediktuje, ale pod\u00e1v\u00e1 n\u00e1vrh. Na\u0161e \u00fastava ne\u0159\u00edk\u00e1, \u017ee tento n\u00e1vrh prezident mus\u00ed p\u0159ijmout\u2026 Je ned\u016fstojn\u00e9, aby byl politick\u00fd probl\u00e9m, jeho\u017e \u0159e\u0161en\u00ed vy\u017eaduje kompromis, p\u0159ev\u00e1d\u011bn pod\u00e1n\u00edm \u017ealoby na soudn\u00ed syst\u00e9m. Tak se v\u011bci v politice \u0159e\u0161it nesm\u00ed, to je naprost\u00e1 degradace politiky a politick\u00e9ho syst\u00e9mu, vyslovil sv\u016fj n\u00e1zor Klaus.<\/p>\n<p>Klaus si mysl\u00ed, \u017ee prezident Zeman m\u00e1 naprostou pravdu, kdy\u017e \u0159\u00edk\u00e1, \u017ee\u00a0Jan Lipavsk\u00fd\u00a0nen\u00ed dost kompetentn\u00ed pro funkci ministra zahrani\u010d\u00ed. Krom\u011b toho se Klausovi nezamlouv\u00e1 ani postoj Lipavsk\u00e9ho v\u016f\u010di mo\u017enosti kon\u00e1n\u00ed Sudeton\u011bmeck\u00fdch dn\u016f v \u010cesku.<\/p>\n<p>\u201e\u00dapln\u011b n\u011bco jin\u00e9ho je m\u016fj n\u00e1zor na kandid\u00e1ta na ministra zahrani\u010d\u00ed Lipavsk\u00e9ho, na co\u017e se mne v\u0161ak spr\u00e1vn\u011b nikdo nept\u00e1. Podobn\u011b jako prezident Zeman si v\u0161ak mysl\u00edm, \u017ee na tuto funkci Jan Lipavsk\u00fd nem\u00e1\u2026 Vn\u00edmaj\u00ed probl\u00e9m jeho sporn\u00e9 kvalifikace ti, kte\u0159\u00ed tvrd\u011b vy\u017eaduj\u00ed, aby se do toho prezident Zeman nevm\u011b\u0161oval? Opravdu jim nevad\u00ed na p\u0159\u00edklad to, \u017ee pan Lipavsk\u00fd chce, aby se p\u0159\u00ed\u0161t\u00ed Sudeton\u011bmeck\u00e9 dny uskute\u010dnily v \u010cesk\u00e9 republice? Mn\u011b ano,\u201d \u0159ekl exprezident.<\/p>\n<p><strong>Zeman odm\u00edtl jmenovat Lipavsk\u00e9ho<\/strong><\/p>\n<p>Na webu Pra\u017esk\u00e9ho hradu dnes bylo vyd\u00e1no stanovisko Milo\u0161e Zemana, ve kter\u00e9m prezident republiky\u00a0podrobn\u011b vysv\u011btluje, pro\u010d se rozhodl nepodepsat jmenov\u00e1n\u00ed Jana Lipavsk\u00e9ho ministrem zahrani\u010d\u00ed. \u0160\u00e9f ODS Petr Fiala v reakci na toto rozhodnut\u00ed uvedl, \u017ee je t\u0159eba, aby \u00dastavn\u00ed soud vy\u0159e\u0161il, jestli je tohle veto skute\u010dn\u011b pravomocn\u00e9.<\/p>\n<p>Zeman odm\u00edt\u00e1 jmenovat Lipavsk\u00e9ho ze\u00a0<strong>\u010dty\u0159 hlavn\u00edch d\u016fvod\u016f<\/strong>. Jako prvn\u00ed uv\u00e1d\u00ed prezident n\u00edzkou kvalifikaci tohoto kandid\u00e1ta na ministra zahrani\u010dn\u00edch v\u011bc\u00ed. Mezi dal\u0161\u00edmi d\u016fvody\u00a0odm\u00edtnut\u00ed Lipavsk\u00e9ho jako ministra\u00a0pat\u0159\u00ed podle Zemana jeho distancovan\u00fd postoj ke spolupr\u00e1ci v r\u00e1mci Visegr\u00e1dsk\u00e9 \u010dty\u0159ky a tak\u00e9 ke vztahu s Izraelem. Dal\u0161\u00ed p\u0159\u00ed\u010dinou, kter\u00e1 ovlivnila Zemanovo rozhodnut\u00ed, je ve\u0159ejn\u00fd n\u00e1vrh Jana Lipavsk\u00e9ho, podle n\u011bho\u017e by se p\u0159\u00ed\u0161t\u00ed Sudeton\u011bmeck\u00e9 dny konaly na \u00fazem\u00ed \u010cesk\u00e9 republiky.<\/p>\n<p><a href=\"https:\/\/cz.sputniknews.com\/20211210\/klaus-ustavni-zaloba-na-zemana-je-degradaci-systemu-lipavsky-na-funkci-ministra-zahranici-nema-16817526.html\">ZDROJ<\/a><\/p>\n<p>&nbsp;<\/p>\n","protected":false},"excerpt":{"rendered":"<p>Exprezident \u010cesk\u00e9 republiky V\u00e1clav Klaus se ztoto\u017enil s n\u00e1zorem Milo\u0161e Zemana ohledn\u011b kandidatury Jana Lipavsk\u00e9ho&#8230;<\/p>\n","protected":false},"author":2,"featured_media":970,"comment_status":"closed","ping_status":"closed","sticky":false,"template":"","format":"standard","meta":[],"categories":[6],"tags":[1486,392,324,459,422],"_links":{"self":[{"href":"https:\/\/www.infokuryr.cz\/n\/wp-json\/wp\/v2\/posts\/6785"}],"collection":[{"href":"https:\/\/www.infokuryr.cz\/n\/wp-json\/wp\/v2\/posts"}],"about":[{"href":"https:\/\/www.infokuryr.cz\/n\/wp-json\/wp\/v2\/types\/post"}],"author":[{"embeddable":true,"href":"https:\/\/www.infokuryr.cz\/n\/wp-json\/wp\/v2\/users\/2"}],"replies":[{"embeddable":true,"href":"https:\/\/www.infokuryr.cz\/n\/wp-json\/wp\/v2\/comments?post=6785"}],"version-history":[{"count":0,"href":"https:\/\/www.infokuryr.cz\/n\/wp-json\/wp\/v2\/posts\/6785\/revisions"}],"wp:featuredmedia":[{"embeddable":true,"href":"https:\/\/www.infokuryr.cz\/n\/wp-json\/wp\/v2\/media\/970"}],"wp:attachment":[{"href":"https:\/\/www.infokuryr.cz\/n\/wp-json\/wp\/v2\/media?parent=6785"}],"wp:term":[{"taxonomy":"category","embeddable":true,"href":"https:\/\/www.infokuryr.cz\/n\/wp-json\/wp\/v2\/categories?post=6785"},{"taxonomy":"post_tag","embeddable":true,"href":"https:\/\/www.infokuryr.cz\/n\/wp-json\/wp\/v2\/tags?post=6785"}],"curies":[{"name":"wp","href":"https:\/\/api.w.org\/{rel}","templated":true}]}}