{"id":67843,"date":"2024-12-10T00:36:33","date_gmt":"2024-12-09T23:36:33","guid":{"rendered":"https:\/\/www.infokuryr.cz\/n\/?p=67843"},"modified":"2024-12-09T18:11:24","modified_gmt":"2024-12-09T17:11:24","slug":"ondrej-prokop-vsimli-byste-si-50-tisic-na-ucte-navic-zdenek-hrib-ne-pry-je-to-chyba-ucetni","status":"publish","type":"post","link":"https:\/\/www.infokuryr.cz\/n\/2024\/12\/10\/ondrej-prokop-vsimli-byste-si-50-tisic-na-ucte-navic-zdenek-hrib-ne-pry-je-to-chyba-ucetni\/","title":{"rendered":"Ond\u0159ej Prokop: V\u0161imli byste si 50 tis\u00edc na \u00fa\u010dt\u011b nav\u00edc? Zden\u011bk H\u0159ib ne. Pr\u00fd je to chyba \u00fa\u010detn\u00ed"},"content":{"rendered":"<div id=\"fb-root\"><\/div>\n<p>Pir\u00e1t Zden\u011bk H\u0159ib pob\u00edral nez\u00e1konn\u011b 50 tis\u00edc m\u011bs\u00ed\u010dn\u011b ze sv\u00e9 (u\u017e sedm\u00e9!) politick\u00e9 funkce. Z\u0159ejm\u011b si obrovsk\u00e9 extra v\u00fdplaty nev\u0161iml, proto\u017ee to za\u010dal \u0159e\u0161it, a\u017e kdy\u017e ho na to upozornili. \u0158\u00edk\u00e1, \u017ee pr\u00fd \u00fa\u010detn\u00ed ud\u011blala chybu a \u017ee pen\u00edze vr\u00e1t\u00ed. Kde ale \u00fa\u010detn\u00ed vzala \u010d\u00edslo jeho soukrom\u00e9ho \u00fa\u010dtu, to u\u017e ne\u0159ekl.\ud83e\udd21 Jak to ve skute\u010dnosti bylo? Mrkn\u011bte na video.<\/p>\n<p>\ud83d\udc49 Fialova vl\u00e1da dote\u010f neposlala ani korunu lidem a obc\u00edm zasa\u017een\u00fdm povodn\u011bmi. Nav\u00edc si asi d\u011blaj\u00ed u\u017e \u00fapln\u011b srandu, proto\u017ee podle Stanjury tito lid\u00e9 uvid\u00ed pen\u00edze od st\u00e1tu nejd\u0159\u00edve na konci p\u0159\u00ed\u0161t\u00edho roku nebo dokonce a\u017e v 2026.<\/p>\n<p>\ud83d\udc49 Polovina mlad\u00fdch chce po studiu odej\u00edt z \u010cesk\u00e9 republiky. D\u011bsiv\u00e9 a velmi smutn\u00e9 \u010d\u00edslo. M\u016f\u017eeme se jim ale divit? Po\u0159\u00eddit bydlen\u00ed je prakticky nemo\u017en\u00e9, v\u0161echno velice zdra\u017eilo a vl\u00e1da po\u0159\u00e1d jen a jen zvy\u0161uje dan\u011b.<\/p>\n<p>\ud83d\udc49 Eurostat jasn\u011b \u0159\u00edk\u00e1: \u010cesko je ostr\u016fvkem drahoty v Evrop\u011b. M\u00e1me naprosto nejdra\u017e\u0161\u00ed energie a bydlen\u00ed. Jen za elekt\u0159inu plat\u00edme o 10.5% v\u00edc ne\u017e loni. Na po\u0159\u00edzen\u00ed nov\u00e9ho bytu je pot\u0159eba 13 ro\u010dn\u00edch mezd.<\/p>\n<p>\ud83d\udc49 Politici se ale maj\u00ed skv\u011ble. V\u00fdpo\u010dty ukazuj\u00ed, \u017ee dostanou p\u0159id\u00e1no a\u017e 36 tis\u00edc m\u011bs\u00ed\u010dn\u011b. Fialova koalice odm\u00edtla projednat n\u00e1vrh Andreje Babi\u0161e na zmrazen\u00ed plat\u016f. Tohle je ta jejich \u00fasporn\u00e1 politika? V\u00fdsm\u011bch lidem.<\/p>\n<p>\ud83d\udc49 Na co pen\u00edze maj\u00ed? Na zbran\u011b. Ministerstvo koup\u00ed protitankov\u00e9 miny a dal\u0161\u00edch 14 tank\u016f za celkem 8 miliard K\u010d. Obrana zem\u011b je samoz\u0159ejm\u011b d\u016fle\u017eit\u00e1, ale vl\u00e1da nesm\u00ed zapom\u00ednat na sv\u00e9 ob\u010dany. Jeden p\u0159\u00edklad za v\u0161echny &#8211; hojn\u011b vyu\u017e\u00edvan\u00e1 bezplatn\u00e1 linka psychick\u00e9 pomoci omez\u00ed \u010dinnost kv\u016fli nedostatku financ\u00ed.\ud83d\ude1e<\/p>\n<p>\ud83d\udc49 Pir\u00e1t Ko\u010d\u00ed se rok vyd\u00e1val za m\u00edstostarostu TOP09, zneu\u017e\u00edval jeho identitu a nyn\u00ed to vy\u0161et\u0159uje policie. Nakonec rezignoval, ale jeho kolegov\u00e9 to samoz\u0159ejm\u011b zleh\u010dovali jako &#8222;pouh\u00fd vt\u00edpek&#8220;. Pir\u00e1ti v Praze celkov\u011b nem\u011bli \u0161\u0165astn\u00fd t\u00fdden.<\/p>\n<p>\ud83d\udc49 Dostupnost byt\u016f v Praze je nejhor\u0161\u00ed v cel\u00e9 Evrop\u011b. Pamatujete, jak Pir\u00e1ti na billboardech p\u0159ed volbami slibovali, jak postav\u00ed des\u00edtky tis\u00edc m\u011bstsk\u00fdch byt\u016f? Dobr\u00fd vtip. Nepostavili \u017e\u00e1dn\u00e9 a obecn\u00ed byty naopak zmizely, proto\u017ee se rozprod\u00e1vaj\u00ed.<\/p>\n<p>\ud83d\udc49 Alespo\u0148 jednou z pozitivn\u00edch zpr\u00e1v je stavba jihov\u00fdchodn\u00edho \u00faseku Pra\u017esk\u00e9ho okruhu, kter\u00e1 kone\u010dn\u011b za\u010dne 16. prosince. B\u011bhem 2-3 let se tak ulev\u00ed obyvatel\u016fm v okol\u00ed od tranzitn\u00edho provozu.<\/p>\n<p>To v\u0161e a mnohem v\u00edc se dozv\u00edte v 113. d\u00edlu m\u00e9ho politick\u00e9ho podcastu. D\u011bkuji v\u00e1m p\u0159edem za zhl\u00e9dnut\u00ed a pros\u00edm o dal\u0161\u00ed sd\u00edlen\u00ed, a\u0165 se pravdu dozv\u00ed co nejv\u00edc lid\u00ed! T\u011b\u0161\u00edm se na dotazy i koment\u00e1\u0159e!<\/p>\n<p><iframe loading=\"lazy\" title=\"V\u0161imli byste si 50 tis\u00edc na \u00fa\u010dt\u011b nav\u00edc? Zden\u011bk H\u0159ib ne. Pr\u00fd je to chyba \u00fa\u010detn\u00ed. | \u010cau Praho #113\" width=\"640\" height=\"360\" src=\"https:\/\/www.youtube.com\/embed\/OHnUHqxzwlA?feature=oembed\" frameborder=\"0\" allow=\"accelerometer; autoplay; clipboard-write; encrypted-media; gyroscope; picture-in-picture; web-share\" referrerpolicy=\"strict-origin-when-cross-origin\" allowfullscreen><\/iframe><\/p>\n<p><span style=\"font-size: 14pt;\"><strong>Ing.\u00a0 Ond\u0159ej Prokop, p\u0159edseda hnut\u00ed ANO v Praze<\/strong><\/span><\/p>\n<p>&nbsp;<\/p>\n","protected":false},"excerpt":{"rendered":"<p>Pir\u00e1t Zden\u011bk H\u0159ib pob\u00edral nez\u00e1konn\u011b 50 tis\u00edc m\u011bs\u00ed\u010dn\u011b ze sv\u00e9 (u\u017e sedm\u00e9!) politick\u00e9 funkce. Z\u0159ejm\u011b&#8230;<\/p>\n","protected":false},"author":2,"featured_media":67844,"comment_status":"closed","ping_status":"closed","sticky":false,"template":"","format":"standard","meta":[],"categories":[6],"tags":[1001,90,1332,889],"_links":{"self":[{"href":"https:\/\/www.infokuryr.cz\/n\/wp-json\/wp\/v2\/posts\/67843"}],"collection":[{"href":"https:\/\/www.infokuryr.cz\/n\/wp-json\/wp\/v2\/posts"}],"about":[{"href":"https:\/\/www.infokuryr.cz\/n\/wp-json\/wp\/v2\/types\/post"}],"author":[{"embeddable":true,"href":"https:\/\/www.infokuryr.cz\/n\/wp-json\/wp\/v2\/users\/2"}],"replies":[{"embeddable":true,"href":"https:\/\/www.infokuryr.cz\/n\/wp-json\/wp\/v2\/comments?post=67843"}],"version-history":[{"count":1,"href":"https:\/\/www.infokuryr.cz\/n\/wp-json\/wp\/v2\/posts\/67843\/revisions"}],"predecessor-version":[{"id":67845,"href":"https:\/\/www.infokuryr.cz\/n\/wp-json\/wp\/v2\/posts\/67843\/revisions\/67845"}],"wp:featuredmedia":[{"embeddable":true,"href":"https:\/\/www.infokuryr.cz\/n\/wp-json\/wp\/v2\/media\/67844"}],"wp:attachment":[{"href":"https:\/\/www.infokuryr.cz\/n\/wp-json\/wp\/v2\/media?parent=67843"}],"wp:term":[{"taxonomy":"category","embeddable":true,"href":"https:\/\/www.infokuryr.cz\/n\/wp-json\/wp\/v2\/categories?post=67843"},{"taxonomy":"post_tag","embeddable":true,"href":"https:\/\/www.infokuryr.cz\/n\/wp-json\/wp\/v2\/tags?post=67843"}],"curies":[{"name":"wp","href":"https:\/\/api.w.org\/{rel}","templated":true}]}}