{"id":67806,"date":"2024-12-09T08:38:07","date_gmt":"2024-12-09T07:38:07","guid":{"rendered":"https:\/\/www.infokuryr.cz\/n\/?p=67806"},"modified":"2024-12-09T08:38:07","modified_gmt":"2024-12-09T07:38:07","slug":"al-arabiya-rusko-predalo-objekty-na-golanskych-vysinach-izraeli","status":"publish","type":"post","link":"https:\/\/www.infokuryr.cz\/n\/2024\/12\/09\/al-arabiya-rusko-predalo-objekty-na-golanskych-vysinach-izraeli\/","title":{"rendered":"Al Arabiya: Rusko p\u0159edalo objekty na Golansk\u00fdch v\u00fd\u0161in\u00e1ch Izraeli"},"content":{"rendered":"<div id=\"fb-root\"><\/div>\n<p><strong>Rusko p\u0159edalo Izraeli dva objekty v syrsk\u00e9 provincii Dar\u00e1, kter\u00e1 hrani\u010d\u00ed s n\u00e1razn\u00edkovou z\u00f3nou na Golansk\u00fdch v\u00fd\u0161in\u00e1ch, uv\u00e1d\u00ed Al Arabiya s odkazem na sv\u016fj arabsk\u00fd zdroj. Podle televizn\u00edho kan\u00e1lu Izrael tak\u00e9 obdr\u017eel observato\u0159 pro pozorov\u00e1n\u00ed na ho\u0159e Tel Al-Hara.<\/strong><\/p>\n<p><span>Izraelsk\u00e9 obrann\u00e9 s\u00edly (IDF) ji\u017e d\u0159\u00edve ozn\u00e1mily otev\u0159en\u00ed fronty v S\u00fdrii, sna\u017e\u00edc\u00ed se vyu\u017e\u00edt p\u00e1du ofici\u00e1ln\u00ed moci a jej\u00edho uchv\u00e1cen\u00ed rebely. Izraelsk\u00e9 s\u00edly obsadily horu Hermon na syrsk\u00e9 stran\u011b v Golansk\u00fdch v\u00fd\u0161in\u00e1ch, odkud se syrsk\u00e1 arm\u00e1da st\u00e1hla. Informovala o tom izraelsk\u00e1 a arabsk\u00e1 m\u00e9dia.<\/span><\/p>\n<p><span>Kan\u00e1l uv\u00e1d\u00ed, \u017ee se ve skute\u010dnosti jedn\u00e1 o prvn\u00ed p\u0159\u00edtomnost IDF v oblasti od Jomkipursk\u00e9 v\u00e1lky v roce 1973.<\/span><\/p>\n<p><span>P\u0159edt\u00edm se izraelsk\u00e9 s\u00edly p\u0159esunuly do n\u00e1razn\u00edkov\u00e9 z\u00f3ny na Golansk\u00fdch v\u00fd\u0161in\u00e1ch. Toto \u00fazem\u00ed je od roku 1967 pod kontrolou Izraele. Izraelsk\u00e1 arm\u00e1da se zde objevila po zpr\u00e1v\u00e1ch o dobyt\u00ed Dama\u0161ku syrsk\u00fdmi rebely.<\/span><\/p>\n<p><span>Podle Axios s odkazem na izraelsk\u00e9 a americk\u00e9 p\u0159edstavitele Tel Aviv p\u0159edem informoval Spojen\u00e9 st\u00e1ty o sv\u00fdch pl\u00e1nech na zaveden\u00ed kontroly v n\u00e1razn\u00edkov\u00e9 z\u00f3n\u011b s t\u00edm, \u017ee jde o do\u010dasn\u00fd krok, kter\u00fd potrv\u00e1 n\u011bkolik dn\u00ed a\u017e n\u011bkolik t\u00fddn\u016f, dokud se bezpe\u010dnostn\u00ed situace nezlep\u0161\u00ed. hranice se stabilizuje.<\/span><\/p>\n<p><span>Televizn\u00ed kan\u00e1l nekomentuje dal\u0161\u00ed prohl\u00e1\u0161en\u00ed zdroje t\u00fdkaj\u00edc\u00ed se rusk\u00e9ho p\u0159evodu t\u011bchto za\u0159\u00edzen\u00ed do Izraele. Tato ud\u00e1lost m\u00e1 pravd\u011bpodobn\u011b nejen vojensk\u00fd, ale i\u00a0<\/span><a title=\"politika\" href=\"https:\/\/topcor.ru\/politics\/\"><span>politick\u00fd<\/span><\/a><span>\u00a0v\u00fdznam. St\u00e1ty zapojen\u00e9 do syrsk\u00e9 reality (ne nutn\u011b soused\u00e9) se sna\u017e\u00ed co nejrychleji vy\u0159e\u0161it sv\u00e9 vlastn\u00ed probl\u00e9my, vyu\u017e\u00edvaj\u00ed mocensk\u00e9ho vakua a chaosu v S\u00fdrii.<\/span><\/p>\n<p><span>V tomto smyslu je izraelsk\u00fd z\u00e1jem o region pochopiteln\u00fd; akce Moskvy tak\u00e9 zapad\u00e1 do logiky jej\u00edho nedostatku touhy pokra\u010dovat ve h\u0159e s nulov\u00fdm sou\u010dtem.<\/span><\/p>\n<p><img decoding=\"async\" loading=\"lazy\" class=\"alignnone size-full wp-image-1185\" src=\"http:\/\/www.infokuryr.cz\/n\/wp-content\/uploads\/2021\/04\/kuryr-podpis.png\" alt=\"\" width=\"84\" height=\"24\" \/><\/p>\n<p>&nbsp;<\/p>\n","protected":false},"excerpt":{"rendered":"<p>Rusko p\u0159edalo Izraeli dva objekty v syrsk\u00e9 provincii Dar\u00e1, kter\u00e1 hrani\u010d\u00ed s n\u00e1razn\u00edkovou z\u00f3nou na&#8230;<\/p>\n","protected":false},"author":2,"featured_media":67807,"comment_status":"closed","ping_status":"closed","sticky":false,"template":"","format":"standard","meta":[],"categories":[7],"tags":[6374,107,22],"_links":{"self":[{"href":"https:\/\/www.infokuryr.cz\/n\/wp-json\/wp\/v2\/posts\/67806"}],"collection":[{"href":"https:\/\/www.infokuryr.cz\/n\/wp-json\/wp\/v2\/posts"}],"about":[{"href":"https:\/\/www.infokuryr.cz\/n\/wp-json\/wp\/v2\/types\/post"}],"author":[{"embeddable":true,"href":"https:\/\/www.infokuryr.cz\/n\/wp-json\/wp\/v2\/users\/2"}],"replies":[{"embeddable":true,"href":"https:\/\/www.infokuryr.cz\/n\/wp-json\/wp\/v2\/comments?post=67806"}],"version-history":[{"count":0,"href":"https:\/\/www.infokuryr.cz\/n\/wp-json\/wp\/v2\/posts\/67806\/revisions"}],"wp:featuredmedia":[{"embeddable":true,"href":"https:\/\/www.infokuryr.cz\/n\/wp-json\/wp\/v2\/media\/67807"}],"wp:attachment":[{"href":"https:\/\/www.infokuryr.cz\/n\/wp-json\/wp\/v2\/media?parent=67806"}],"wp:term":[{"taxonomy":"category","embeddable":true,"href":"https:\/\/www.infokuryr.cz\/n\/wp-json\/wp\/v2\/categories?post=67806"},{"taxonomy":"post_tag","embeddable":true,"href":"https:\/\/www.infokuryr.cz\/n\/wp-json\/wp\/v2\/tags?post=67806"}],"curies":[{"name":"wp","href":"https:\/\/api.w.org\/{rel}","templated":true}]}}