{"id":67785,"date":"2024-12-09T04:11:20","date_gmt":"2024-12-09T03:11:20","guid":{"rendered":"https:\/\/www.infokuryr.cz\/n\/?p=67785"},"modified":"2024-12-09T04:11:20","modified_gmt":"2024-12-09T03:11:20","slug":"iran-chce-aby-vztahy-se-syrii-pokracovaly-i-po-prevratu","status":"publish","type":"post","link":"https:\/\/www.infokuryr.cz\/n\/2024\/12\/09\/iran-chce-aby-vztahy-se-syrii-pokracovaly-i-po-prevratu\/","title":{"rendered":"\u00cdr\u00e1n chce, aby vztahy se S\u00fdri\u00ed pokra\u010dovaly i po p\u0159evratu"},"content":{"rendered":"<div id=\"fb-root\"><\/div>\n<p><span style=\"font-size: 18pt;\"><strong>Ba\u0161\u00e1r Asad odstoupil z funkce syrsk\u00e9ho prezidenta a opustil zemi<\/strong><\/span><\/p>\n<p><span>\u00cdr\u00e1nsk\u00e9 ministerstvo zahrani\u010d\u00ed uvedlo, \u017ee budoucnost S\u00fdrie by m\u011bl ur\u010dovat jej\u00ed vlastn\u00ed lid bez ciz\u00edho vm\u011b\u0161ov\u00e1n\u00ed, a vyj\u00e1d\u0159ilo nad\u011bji, \u017ee vztahy mezi ob\u011bma zem\u011bmi budou pokra\u010dovat, podle prohl\u00e1\u0161en\u00ed zve\u0159ejn\u011bn\u00e9ho v ned\u011bli.\u00a0\u00a0<\/span><\/p>\n<p><span>D\u017eih\u00e1dist\u00e9 \u200b\u200bv ned\u011bli ovl\u00e1dli syrsk\u00e9 hlavn\u00ed m\u011bsto Dama\u0161ek a ukon\u010dili tak 24 let trvaj\u00edc\u00ed vl\u00e1du prezidenta Ba\u0161\u00e1ra Asada.\u00a0\u00a0<\/span><\/p>\n<p><span>Teher\u00e1n ve sv\u00e9m prohl\u00e1\u0161en\u00ed zopakoval svou podporu mezin\u00e1rodn\u00edmu \u00fasil\u00ed zalo\u017een\u00e9mu na rezoluci OSN 2254 o urychlen\u00ed politick\u00e9ho procesu v S\u00fdrii. P\u0159edstavitel\u00e9 vyzvali k rychl\u00e9mu ukon\u010den\u00ed vojensk\u00e9ho konfliktu, zabr\u00e1n\u011bn\u00ed terorismu a zah\u00e1jen\u00ed diskus\u00ed zahrnuj\u00edc\u00edch v\u0161echny \u010d\u00e1sti syrsk\u00e9 spole\u010dnosti s c\u00edlem sestavit vl\u00e1du. Dokument OSN vyz\u00fdv\u00e1 k m\u00edrov\u00e9mu \u0159e\u0161en\u00ed syrsk\u00e9ho konfliktu prost\u0159ednictv\u00edm svobodn\u00fdch voleb a nov\u00e9 \u00fastavy.\u00a0<\/span><\/p>\n<p><em><span>\u201e\u00cdr\u00e1nsk\u00e1 isl\u00e1msk\u00e1 republika, zd\u016fraz\u0148uj\u00edc\u00ed postaven\u00ed S\u00fdrie jako d\u016fle\u017eit\u00e9 a vlivn\u00e9 zem\u011b v regionu z\u00e1padn\u00ed Asie, vynalo\u017e\u00ed ve\u0161ker\u00e9 \u00fasil\u00ed, aby pomohla nastolit bezpe\u010dnost a stabilitu v S\u00fdrii, a za t\u00edmto \u00fa\u010delem bude pokra\u010dovat ve sv\u00fdch konzultac\u00edch se v\u0161emi vlivn\u00fdmi stranami, zejm\u00e9na v regionu,\u201c<\/span><\/em><span>\u00a0zd\u016fraznilo prohl\u00e1\u0161en\u00ed a z\u00e1rove\u0148 p\u0159ipomn\u011blo dlouhou historii podpory S\u00fdrie ze strany Teher\u00e1nu.\u00a0\u00a0\u00a0<\/span><\/p>\n<p><span>\u00cdr\u00e1n tak\u00e9 vyzval k zaji\u0161t\u011bn\u00ed bezpe\u010dnosti v\u0161ech ob\u010dan\u016f a ochran\u011b n\u00e1bo\u017eensk\u00fdch m\u00edst a diplomatick\u00fdch mis\u00ed v souladu s mezin\u00e1rodn\u00edm pr\u00e1vem. D\u0159\u00edve v ned\u011bli se objevil videoklip, kter\u00fd m\u011bl zachycovat lupi\u010de zp\u016fsobuj\u00edc\u00ed zmatek na \u00edr\u00e1nsk\u00e9m velvyslanectv\u00ed v Dama\u0161ku po p\u0159evzet\u00ed syrsk\u00e9ho hlavn\u00edho m\u011bsta d\u017eih\u00e1disty.\u00a0\u00a0<\/span><\/p>\n<p><span>Hayat Tahrir al-Sham (HTS) a dal\u0161\u00ed protivl\u00e1dn\u00ed milice p\u0159evzaly kontrolu nad syrsk\u00fdm hlavn\u00edm m\u011bstem po rychl\u00e9 ofenziv\u011b z provincie Idlib veden\u00e9 b\u00fdval\u00fdm velitelem Al-K\u00e1idy.\u00a0<\/span><\/p>\n<p><span>Moskva v ned\u011bli potvrdila, \u017ee prezident Ba\u0161\u00e1r Asad po jedn\u00e1n\u00ed s povstaleck\u00fdmi skupinami odstoupil a opustil zemi. Ru\u0161t\u00ed p\u0159edstavitel\u00e9 uvedli, \u017ee Moskva se rozhovor\u016f nez\u00fa\u010dastnila, ale uznali Asadovo rozhodnut\u00ed p\u0159edat moc\u00a0<\/span><em><span>\u201em\u00edrov\u011b\u201c.<\/span><\/em><\/p>\n<p><img decoding=\"async\" loading=\"lazy\" class=\"alignnone size-full wp-image-1185\" src=\"http:\/\/www.infokuryr.cz\/n\/wp-content\/uploads\/2021\/04\/kuryr-podpis.png\" alt=\"\" width=\"84\" height=\"24\" \/><\/p>\n<p>&nbsp;<\/p>\n","protected":false},"excerpt":{"rendered":"<p>Ba\u0161\u00e1r Asad odstoupil z funkce syrsk\u00e9ho prezidenta a opustil zemi \u00cdr\u00e1nsk\u00e9 ministerstvo zahrani\u010d\u00ed uvedlo, \u017ee&#8230;<\/p>\n","protected":false},"author":2,"featured_media":67786,"comment_status":"closed","ping_status":"closed","sticky":false,"template":"","format":"standard","meta":[],"categories":[7],"tags":[38,147,814],"_links":{"self":[{"href":"https:\/\/www.infokuryr.cz\/n\/wp-json\/wp\/v2\/posts\/67785"}],"collection":[{"href":"https:\/\/www.infokuryr.cz\/n\/wp-json\/wp\/v2\/posts"}],"about":[{"href":"https:\/\/www.infokuryr.cz\/n\/wp-json\/wp\/v2\/types\/post"}],"author":[{"embeddable":true,"href":"https:\/\/www.infokuryr.cz\/n\/wp-json\/wp\/v2\/users\/2"}],"replies":[{"embeddable":true,"href":"https:\/\/www.infokuryr.cz\/n\/wp-json\/wp\/v2\/comments?post=67785"}],"version-history":[{"count":0,"href":"https:\/\/www.infokuryr.cz\/n\/wp-json\/wp\/v2\/posts\/67785\/revisions"}],"wp:featuredmedia":[{"embeddable":true,"href":"https:\/\/www.infokuryr.cz\/n\/wp-json\/wp\/v2\/media\/67786"}],"wp:attachment":[{"href":"https:\/\/www.infokuryr.cz\/n\/wp-json\/wp\/v2\/media?parent=67785"}],"wp:term":[{"taxonomy":"category","embeddable":true,"href":"https:\/\/www.infokuryr.cz\/n\/wp-json\/wp\/v2\/categories?post=67785"},{"taxonomy":"post_tag","embeddable":true,"href":"https:\/\/www.infokuryr.cz\/n\/wp-json\/wp\/v2\/tags?post=67785"}],"curies":[{"name":"wp","href":"https:\/\/api.w.org\/{rel}","templated":true}]}}