{"id":67784,"date":"2024-12-09T04:01:24","date_gmt":"2024-12-09T03:01:24","guid":{"rendered":"https:\/\/www.infokuryr.cz\/n\/?p=67784"},"modified":"2024-12-09T04:01:24","modified_gmt":"2024-12-09T03:01:24","slug":"tady-uz-bile-nemce-nenajdete-tradicni-nemecko-mizi-a-nahrazuje-ho-chalifat","status":"publish","type":"post","link":"https:\/\/www.infokuryr.cz\/n\/2024\/12\/09\/tady-uz-bile-nemce-nenajdete-tradicni-nemecko-mizi-a-nahrazuje-ho-chalifat\/","title":{"rendered":"Tady u\u017e b\u00edl\u00e9 N\u011bmce nenajdete! Tradi\u010dn\u00ed N\u011bmecko miz\u00ed a nahrazuje ho chal\u00edf\u00e1t"},"content":{"rendered":"<div id=\"fb-root\"><\/div>\n<p>Statistick\u00fd \u00fa\u0159ad hansovn\u00edho m\u011bsta Hamburg zve\u0159ejnil\u00a0<a href=\"https:\/\/www.statistik-nord.de\/fileadmin\/maps\/Stadtteil_Profile_2023\/atlas.html\">nejnov\u011bj\u0161\u00ed \u00fadaje o obyvatelstvu m\u011bsta<\/a>.<\/p>\n<p>Je to nevesel\u00e9 \u010dten\u00ed.<strong>\u00a0V\u00edce ne\u017e 40% obyvatel m\u011bsta m\u00e1 imigrantsk\u00fd p\u016fvod a 21% obyvatel m\u011bsta jsou cizinci. U ml\u00e1de\u017ee a d\u011bt\u00ed do 18 let je to dokonce neuv\u011b\u0159iteln\u00fdch 57% populace, kter\u00e1 m\u00e1 imigrantsk\u00fd p\u016fvod.<\/strong><\/p>\n<p>Existuj\u00ed dokonce m\u011bstsk\u00e9 \u010d\u00e1sti,\u00a0<strong>kde u\u017e de facto \u017e\u00e1dn\u00ed b\u00edl\u00ed N\u011bmci ne\u017eij\u00ed. Ve \u010dtvrti Billbrook (kousek od centra m\u011bsta) \u017eije 88% obyvatel s imigrantsk\u00fdm p\u016fvodem a ve v\u011bku pod 18 let je to dokonce neuv\u011b\u0159iteln\u00fdch 98,2%! Ve \u0161kol\u00e1ch v t\u00e9hle \u010d\u00e1sti m\u011bsta tedy u\u017e nenajdete skoro \u017e\u00e1dn\u00e9 b\u00edl\u00e9 d\u011bti! Na ulic\u00edch se mluv\u00ed de facto pouze arabsky, turecky, pa\u0161tunsky nebo rozli\u010dn\u00fdmi africk\u00fdmi jazyky. N\u011bm\u010dinu neovl\u00e1d\u00e1 skoro nikdo.<\/strong><\/p>\n<p>Nav\u00edc se<strong>\u00a0jedn\u00e1 o ofici\u00e1ln\u00ed \u00fadaje a ve m\u011bst\u011b \u017eije mnoho barevn\u00fdch uprchl\u00edk\u016f ileg\u00e1ln\u011b. Ve skute\u010dnosti jsou ta \u010d\u00edsla je\u0161t\u011b vy\u0161\u0161\u00ed.<\/strong><\/p>\n<p>To p\u0159irozen\u011b vede jednak k explozi soci\u00e1ln\u00edch v\u00fddaj\u016f, proto\u017ee obohacuj\u00edc\u00ed uprchl\u00edci jsou v\u011bt\u0161inou na d\u00e1vk\u00e1ch, tak k prudk\u00e9mu n\u00e1r\u016fstu kriminality.<\/p>\n<p>V\u00a0<strong>cel\u00e9m N\u011bmecku bylo v roce 2023 ofici\u00e1ln\u011b 26% obyvatel s imigrantsk\u00fdm p\u016fvodem a 15,2 byli cizinci.<\/strong><\/p>\n<p>Sou\u010dasn\u00e9 n\u011bmeck\u00e9 politick\u00e9 elity jsou nad\u0161en\u00e9, Zni\u010den\u00ed b\u00edl\u00e9ho N\u011bmecka podle zad\u00e1n\u00ed jejich globalistick\u00fdch p\u00e1n\u016f se jim da\u0159\u00ed. Nastolen\u00ed z\u00e1padoevropsk\u00e9ho chal\u00edf\u00e1t\u016f je skoro p\u0159ipraveno.<\/p>\n<p>Op\u011bt se ukazuje, \u017ee jedna z tzv. \u201ekonspira\u010dn\u00edch\u201c teori\u00ed se uk\u00e1zala jako pravdiv\u00e1.\u00a0<strong>Jak dlouho je\u0161t\u011b dovol\u00edme, aby n\u00e1m glob\u00e1ln\u00ed finan\u010dn\u00ed oligarchie a jej\u00ed m\u00edstn\u00ed poskoci lhali a chystali na\u0161\u00ed z\u00e1hubu?<\/strong><\/p>\n<p><strong>Nechaj\u00ed se \u010ce\u0161i \u201ene\u010desk\u00fdmi politick\u00fdmi elitami\u201c zat\u00e1hnout do chal\u00edf\u00e1tu pod hesly \u201epat\u0159\u00edme na z\u00e1pad\u201c?<\/strong><\/p>\n<p><img decoding=\"async\" loading=\"lazy\" class=\"aligncenter\" src=\"https:\/\/ceskavec.com\/wp-content\/uploads\/2024\/12\/image-1.png\" width=\"722\" height=\"406\" \/><\/p>\n<p style=\"text-align: center;\"><em>Zah\u00e1jen\u00ed \u0161koln\u00edho roku v Hamburku. \u010cerno\u0161ka z m\u00edstn\u00ed TV debatuje s Turkem, \u0159editelem \u0161kolsk\u00e9ho \u00fa\u0159adu\u2026\u2026<\/em><\/p>\n<p><img decoding=\"async\" loading=\"lazy\" class=\"aligncenter\" src=\"https:\/\/ceskavec.com\/wp-content\/uploads\/2024\/11\/image-16.png\" width=\"658\" height=\"697\" \/><\/p>\n<p><a href=\"https:\/\/ceskavec.com\/2024\/12\/tady-uz-bile-nemce-nenajdete-tradicni-nemecko-mizi-a-nahrazuje-ho-chalifat\">Aron G.<\/a><\/p>\n<p>&nbsp;<\/p>\n","protected":false},"excerpt":{"rendered":"<p>Statistick\u00fd \u00fa\u0159ad hansovn\u00edho m\u011bsta Hamburg zve\u0159ejnil\u00a0nejnov\u011bj\u0161\u00ed \u00fadaje o obyvatelstvu m\u011bsta. Je to nevesel\u00e9 \u010dten\u00ed.\u00a0V\u00edce ne\u017e&#8230;<\/p>\n","protected":false},"author":2,"featured_media":54818,"comment_status":"closed","ping_status":"closed","sticky":false,"template":"","format":"standard","meta":[],"categories":[7],"tags":[119,44,429,84],"_links":{"self":[{"href":"https:\/\/www.infokuryr.cz\/n\/wp-json\/wp\/v2\/posts\/67784"}],"collection":[{"href":"https:\/\/www.infokuryr.cz\/n\/wp-json\/wp\/v2\/posts"}],"about":[{"href":"https:\/\/www.infokuryr.cz\/n\/wp-json\/wp\/v2\/types\/post"}],"author":[{"embeddable":true,"href":"https:\/\/www.infokuryr.cz\/n\/wp-json\/wp\/v2\/users\/2"}],"replies":[{"embeddable":true,"href":"https:\/\/www.infokuryr.cz\/n\/wp-json\/wp\/v2\/comments?post=67784"}],"version-history":[{"count":0,"href":"https:\/\/www.infokuryr.cz\/n\/wp-json\/wp\/v2\/posts\/67784\/revisions"}],"wp:featuredmedia":[{"embeddable":true,"href":"https:\/\/www.infokuryr.cz\/n\/wp-json\/wp\/v2\/media\/54818"}],"wp:attachment":[{"href":"https:\/\/www.infokuryr.cz\/n\/wp-json\/wp\/v2\/media?parent=67784"}],"wp:term":[{"taxonomy":"category","embeddable":true,"href":"https:\/\/www.infokuryr.cz\/n\/wp-json\/wp\/v2\/categories?post=67784"},{"taxonomy":"post_tag","embeddable":true,"href":"https:\/\/www.infokuryr.cz\/n\/wp-json\/wp\/v2\/tags?post=67784"}],"curies":[{"name":"wp","href":"https:\/\/api.w.org\/{rel}","templated":true}]}}