{"id":67733,"date":"2024-12-09T00:34:57","date_gmt":"2024-12-08T23:34:57","guid":{"rendered":"https:\/\/www.infokuryr.cz\/n\/?p=67733"},"modified":"2024-12-08T16:27:57","modified_gmt":"2024-12-08T15:27:57","slug":"bezdetnost-evropy-ticha-sebevrazda-jedne-generace","status":"publish","type":"post","link":"https:\/\/www.infokuryr.cz\/n\/2024\/12\/09\/bezdetnost-evropy-ticha-sebevrazda-jedne-generace\/","title":{"rendered":"Bezd\u011btnost Evropy: Tich\u00e1 sebevra\u017eda jedn\u00e9 generace"},"content":{"rendered":"<div id=\"fb-root\"><\/div>\n<p><strong>Je to n\u011bm\u00e9 drama, kter\u00e9 se odehr\u00e1v\u00e1 v Evrop\u011b. \u017d\u00e1dn\u00e1 v\u00e1lka, \u017e\u00e1dn\u00e1 p\u0159\u00edrodn\u00ed katastrofa, \u017e\u00e1dn\u00fd n\u00e1hl\u00fd \u0161ok \u2013 a p\u0159esto je to krize historick\u00fdch rozm\u011br\u016f. Porodnost v Evropsk\u00e9 unii dos\u00e1hla nov\u00e9ho minima. V roce 2023 se ve 27 zem\u00edch EU narodilo pouze 3,67 milionu d\u011bt\u00ed \u2013 m\u00e9n\u011b ne\u017e kdy p\u0159edt\u00edm od za\u010d\u00e1tku z\u00e1znam\u016f. To, co na prvn\u00ed pohled vypad\u00e1 jako pouh\u00e1 statistika, je ve skute\u010dnosti popla\u0161n\u00fd sign\u00e1l, kter\u00fd ot\u0159\u00e1s\u00e1 z\u00e1klady na\u0161\u00ed spole\u010dnosti.<\/strong><\/p>\n<p>Hol\u00e1\u00a0<a href=\"https:\/\/www.euronews.com\/my-europe\/2024\/12\/05\/eu-hits-record-low-in-births-in-2023-how-many-babies-were-born-in-past-decade\">fakta<\/a> jsou d\u011bsiv\u00e1: od 60. let, kdy m\u011bla ka\u017ed\u00e1 \u017eena v EU v pr\u016fm\u011bru 2,6 d\u00edt\u011bte, porodnost neust\u00e1le klesala. V roce 2022 to bylo jen 1,46 d\u00edt\u011bte na \u017eenu \u2013 a v roce 2023 se po\u010det narozen\u00fdch sn\u00ed\u017eil o dal\u0161\u00edch 5,5 procenta. Jde o nejv\u011bt\u0161\u00ed ro\u010dn\u00ed pokles od za\u010d\u00e1tku z\u00e1znam\u016f. Zem\u011b jako It\u00e1lie (1,24 d\u00edt\u011bte na \u017eenu) a \u0160pan\u011blsko (1,16) jsou na hran\u011b. Dokonce i N\u011bmecko, kter\u00e9 se r\u00e1do pova\u017euje za ekonomickou hybnou s\u00edlu Evropy, se pohybuje pouze kolem pr\u016fm\u011bru EU s 1,46 d\u00edt\u011bte na \u017eenu.<\/p>\n<figure class=\"wp-block-embed is-type-rich is-provider-twitter wp-block-embed-twitter\">\n<div class=\"wp-block-embed__wrapper\">\n<div class=\"twitter-tweet twitter-tweet-rendered\"><iframe id=\"twitter-widget-0\" class=\"\" title=\"X p\u0159\u00edsp\u011bvek\" src=\"https:\/\/platform.twitter.com\/embed\/Tweet.html?dnt=true&amp;embedId=twitter-widget-0&amp;features=eyJ0ZndfdGltZWxpbmVfbGlzdCI6eyJidWNrZXQiOltdLCJ2ZXJzaW9uIjpudWxsfSwidGZ3X2ZvbGxvd2VyX2NvdW50X3N1bnNldCI6eyJidWNrZXQiOnRydWUsInZlcnNpb24iOm51bGx9LCJ0ZndfdHdlZXRfZWRpdF9iYWNrZW5kIjp7ImJ1Y2tldCI6Im9uIiwidmVyc2lvbiI6bnVsbH0sInRmd19yZWZzcmNfc2Vzc2lvbiI6eyJidWNrZXQiOiJvbiIsInZlcnNpb24iOm51bGx9LCJ0ZndfZm9zbnJfc29mdF9pbnRlcnZlbnRpb25zX2VuYWJsZWQiOnsiYnVja2V0Ijoib24iLCJ2ZXJzaW9uIjpudWxsfSwidGZ3X21peGVkX21lZGlhXzE1ODk3Ijp7ImJ1Y2tldCI6InRyZWF0bWVudCIsInZlcnNpb24iOm51bGx9LCJ0ZndfZXhwZXJpbWVudHNfY29va2llX2V4cGlyYXRpb24iOnsiYnVja2V0IjoxMjA5NjAwLCJ2ZXJzaW9uIjpudWxsfSwidGZ3X3Nob3dfYmlyZHdhdGNoX3Bpdm90c19lbmFibGVkIjp7ImJ1Y2tldCI6Im9uIiwidmVyc2lvbiI6bnVsbH0sInRmd19kdXBsaWNhdGVfc2NyaWJlc190b19zZXR0aW5ncyI6eyJidWNrZXQiOiJvbiIsInZlcnNpb24iOm51bGx9LCJ0ZndfdXNlX3Byb2ZpbGVfaW1hZ2Vfc2hhcGVfZW5hYmxlZCI6eyJidWNrZXQiOiJvbiIsInZlcnNpb24iOm51bGx9LCJ0ZndfdmlkZW9faGxzX2R5bmFtaWNfbWFuaWZlc3RzXzE1MDgyIjp7ImJ1Y2tldCI6InRydWVfYml0cmF0ZSIsInZlcnNpb24iOm51bGx9LCJ0ZndfbGVnYWN5X3RpbWVsaW5lX3N1bnNldCI6eyJidWNrZXQiOnRydWUsInZlcnNpb24iOm51bGx9LCJ0ZndfdHdlZXRfZWRpdF9mcm9udGVuZCI6eyJidWNrZXQiOiJvbiIsInZlcnNpb24iOm51bGx9fQ%3D%3D&amp;frame=false&amp;hideCard=false&amp;hideThread=false&amp;id=1831796057975746633&amp;lang=cs&amp;origin=https%3A%2F%2Freport24.news%2Feuropas-kinderlosigkeit-der-leise-selbstmord-einer-generation%2F&amp;sessionId=323aeb6acf7a6af9eeaf893c2dcb81028d09d1c7&amp;theme=light&amp;widgetsVersion=2615f7e52b7e0%3A1702314776716&amp;width=550px\" frameborder=\"0\" scrolling=\"no\" allowfullscreen=\"allowfullscreen\" data-tweet-id=\"1831796057975746633\" data-mce-fragment=\"1\"><\/iframe><\/div>\n<\/div>\n<\/figure>\n<p>Co se ale skr\u00fdv\u00e1 za t\u011bmito \u010d\u00edsly? Odpov\u011b\u010f je stejn\u011b slo\u017eit\u00e1 jako znepokojuj\u00edc\u00ed. Nejde jen o demografickou zm\u011bnu, kter\u00e1 je zn\u00e1m\u00e1 ji\u017e des\u00edtky let. Je to \u0159et\u011bzec kriz\u00ed, kter\u00fd zanechal mlad\u00e9 lidi v Evrop\u011b v jak\u00e9msi kolektivn\u00edm \u0161oku. Exploduj\u00edc\u00ed \u017eivotn\u00ed n\u00e1klady, nejist\u00e9 trhy pr\u00e1ce, astronomick\u00e9 ceny nemovitost\u00ed \u2013 to v\u0161e d\u011bl\u00e1 z pl\u00e1nov\u00e1n\u00ed rodiny luxus, kter\u00fd si m\u016f\u017ee dovolit st\u00e1le m\u00e9n\u011b lid\u00ed. Krom\u011b toho existuj\u00ed experiment\u00e1ln\u00ed genov\u00e9 injekce proti Covid-19,\u00a0<a href=\"https:\/\/report24.news\/bundesinstitut-bestaetigt-zusammenhang-von-sinkenden-geburtenraten-mit-covid-massenimpfungen\/\">kter\u00e9 samoz\u0159ejm\u011b tak\u00e9 ovliv\u0148uj\u00ed plodnost<\/a>\u00a0.<\/p>\n<figure class=\"wp-block-embed is-type-rich is-provider-twitter wp-block-embed-twitter\">\n<div class=\"wp-block-embed__wrapper\">\n<div class=\"twitter-tweet twitter-tweet-rendered\"><iframe id=\"twitter-widget-1\" class=\"\" title=\"X p\u0159\u00edsp\u011bvek\" src=\"https:\/\/platform.twitter.com\/embed\/Tweet.html?dnt=true&amp;embedId=twitter-widget-1&amp;features=eyJ0ZndfdGltZWxpbmVfbGlzdCI6eyJidWNrZXQiOltdLCJ2ZXJzaW9uIjpudWxsfSwidGZ3X2ZvbGxvd2VyX2NvdW50X3N1bnNldCI6eyJidWNrZXQiOnRydWUsInZlcnNpb24iOm51bGx9LCJ0ZndfdHdlZXRfZWRpdF9iYWNrZW5kIjp7ImJ1Y2tldCI6Im9uIiwidmVyc2lvbiI6bnVsbH0sInRmd19yZWZzcmNfc2Vzc2lvbiI6eyJidWNrZXQiOiJvbiIsInZlcnNpb24iOm51bGx9LCJ0ZndfZm9zbnJfc29mdF9pbnRlcnZlbnRpb25zX2VuYWJsZWQiOnsiYnVja2V0Ijoib24iLCJ2ZXJzaW9uIjpudWxsfSwidGZ3X21peGVkX21lZGlhXzE1ODk3Ijp7ImJ1Y2tldCI6InRyZWF0bWVudCIsInZlcnNpb24iOm51bGx9LCJ0ZndfZXhwZXJpbWVudHNfY29va2llX2V4cGlyYXRpb24iOnsiYnVja2V0IjoxMjA5NjAwLCJ2ZXJzaW9uIjpudWxsfSwidGZ3X3Nob3dfYmlyZHdhdGNoX3Bpdm90c19lbmFibGVkIjp7ImJ1Y2tldCI6Im9uIiwidmVyc2lvbiI6bnVsbH0sInRmd19kdXBsaWNhdGVfc2NyaWJlc190b19zZXR0aW5ncyI6eyJidWNrZXQiOiJvbiIsInZlcnNpb24iOm51bGx9LCJ0ZndfdXNlX3Byb2ZpbGVfaW1hZ2Vfc2hhcGVfZW5hYmxlZCI6eyJidWNrZXQiOiJvbiIsInZlcnNpb24iOm51bGx9LCJ0ZndfdmlkZW9faGxzX2R5bmFtaWNfbWFuaWZlc3RzXzE1MDgyIjp7ImJ1Y2tldCI6InRydWVfYml0cmF0ZSIsInZlcnNpb24iOm51bGx9LCJ0ZndfbGVnYWN5X3RpbWVsaW5lX3N1bnNldCI6eyJidWNrZXQiOnRydWUsInZlcnNpb24iOm51bGx9LCJ0ZndfdHdlZXRfZWRpdF9mcm9udGVuZCI6eyJidWNrZXQiOiJvbiIsInZlcnNpb24iOm51bGx9fQ%3D%3D&amp;frame=false&amp;hideCard=false&amp;hideThread=false&amp;id=1732365360068964441&amp;lang=cs&amp;origin=https%3A%2F%2Freport24.news%2Feuropas-kinderlosigkeit-der-leise-selbstmord-einer-generation%2F&amp;sessionId=323aeb6acf7a6af9eeaf893c2dcb81028d09d1c7&amp;theme=light&amp;widgetsVersion=2615f7e52b7e0%3A1702314776716&amp;width=550px\" frameborder=\"0\" scrolling=\"no\" allowfullscreen=\"allowfullscreen\" data-tweet-id=\"1732365360068964441\" data-mce-fragment=\"1\"><\/iframe><\/div>\n<\/div>\n<\/figure>\n<p>OECD to ve zkratce uv\u00e1d\u00ed v\u00a0<a href=\"https:\/\/www.oecd.org\/en\/about\/news\/press-releases\/2024\/06\/declining-fertility-rates-put-prosperity-of-future-generations-at-risk.html\">ned\u00e1vn\u00e9 studii<\/a> : \u201e\u0158et\u011bzec glob\u00e1ln\u00edch kriz\u00ed zv\u00fd\u0161il ekonomickou nejistotu mlad\u00fdch lid\u00ed, co\u017e zkomplikovalo jejich p\u0159echod k rodi\u010dovstv\u00ed m\u00edt svou pr\u00e1ci z\u00edtra, kdo Pokud si nem\u016f\u017eete dovolit byt, pot\u00e1c\u00edte-li se z jedn\u00e9 krize do druh\u00e9, odkl\u00e1d\u00e1te rozhodnut\u00ed m\u00edt d\u011bti \u2013 nebo se ho \u00fapln\u011b vzd\u00e1te.<\/p>\n<p>V ji\u017en\u00ed Evrop\u011b to vypad\u00e1 obzvl\u00e1\u0161\u0165 ponu\u0159e. V It\u00e1lii, \u0160pan\u011blsku a \u0158ecku asi 80 procent mlad\u00fdch dosp\u011bl\u00fdch ve v\u011bku 20 a\u017e 29 let st\u00e1le \u017eije se sv\u00fdmi rodi\u010di. Ne proto, \u017ee cht\u011bj\u00ed, ale proto, \u017ee mus\u00ed. Nedostatek ekonomick\u00fdch vyhl\u00eddek uvrhl celou generaci zp\u011bt do z\u00e1vislosti. A ti, kte\u0159\u00ed st\u00e1le \u017eij\u00ed v d\u011btsk\u00e9m pokoji, jen z\u0159\u00eddka pom\u00fd\u0161lej\u00ed na to, \u017ee by sami m\u011bli d\u011bti.<\/p>\n<figure class=\"wp-block-embed is-type-rich is-provider-twitter wp-block-embed-twitter\">\n<div class=\"wp-block-embed__wrapper\">\n<div class=\"twitter-tweet twitter-tweet-rendered\"><iframe id=\"twitter-widget-2\" class=\"\" title=\"X p\u0159\u00edsp\u011bvek\" src=\"https:\/\/platform.twitter.com\/embed\/Tweet.html?dnt=true&amp;embedId=twitter-widget-2&amp;features=eyJ0ZndfdGltZWxpbmVfbGlzdCI6eyJidWNrZXQiOltdLCJ2ZXJzaW9uIjpudWxsfSwidGZ3X2ZvbGxvd2VyX2NvdW50X3N1bnNldCI6eyJidWNrZXQiOnRydWUsInZlcnNpb24iOm51bGx9LCJ0ZndfdHdlZXRfZWRpdF9iYWNrZW5kIjp7ImJ1Y2tldCI6Im9uIiwidmVyc2lvbiI6bnVsbH0sInRmd19yZWZzcmNfc2Vzc2lvbiI6eyJidWNrZXQiOiJvbiIsInZlcnNpb24iOm51bGx9LCJ0ZndfZm9zbnJfc29mdF9pbnRlcnZlbnRpb25zX2VuYWJsZWQiOnsiYnVja2V0Ijoib24iLCJ2ZXJzaW9uIjpudWxsfSwidGZ3X21peGVkX21lZGlhXzE1ODk3Ijp7ImJ1Y2tldCI6InRyZWF0bWVudCIsInZlcnNpb24iOm51bGx9LCJ0ZndfZXhwZXJpbWVudHNfY29va2llX2V4cGlyYXRpb24iOnsiYnVja2V0IjoxMjA5NjAwLCJ2ZXJzaW9uIjpudWxsfSwidGZ3X3Nob3dfYmlyZHdhdGNoX3Bpdm90c19lbmFibGVkIjp7ImJ1Y2tldCI6Im9uIiwidmVyc2lvbiI6bnVsbH0sInRmd19kdXBsaWNhdGVfc2NyaWJlc190b19zZXR0aW5ncyI6eyJidWNrZXQiOiJvbiIsInZlcnNpb24iOm51bGx9LCJ0ZndfdXNlX3Byb2ZpbGVfaW1hZ2Vfc2hhcGVfZW5hYmxlZCI6eyJidWNrZXQiOiJvbiIsInZlcnNpb24iOm51bGx9LCJ0ZndfdmlkZW9faGxzX2R5bmFtaWNfbWFuaWZlc3RzXzE1MDgyIjp7ImJ1Y2tldCI6InRydWVfYml0cmF0ZSIsInZlcnNpb24iOm51bGx9LCJ0ZndfbGVnYWN5X3RpbWVsaW5lX3N1bnNldCI6eyJidWNrZXQiOnRydWUsInZlcnNpb24iOm51bGx9LCJ0ZndfdHdlZXRfZWRpdF9mcm9udGVuZCI6eyJidWNrZXQiOiJvbiIsInZlcnNpb24iOm51bGx9fQ%3D%3D&amp;frame=false&amp;hideCard=false&amp;hideThread=false&amp;id=1821360554293825719&amp;lang=cs&amp;origin=https%3A%2F%2Freport24.news%2Feuropas-kinderlosigkeit-der-leise-selbstmord-einer-generation%2F&amp;sessionId=323aeb6acf7a6af9eeaf893c2dcb81028d09d1c7&amp;theme=light&amp;widgetsVersion=2615f7e52b7e0%3A1702314776716&amp;width=550px\" frameborder=\"0\" scrolling=\"no\" allowfullscreen=\"allowfullscreen\" data-tweet-id=\"1821360554293825719\" data-mce-fragment=\"1\"><\/iframe><\/div>\n<\/div>\n<\/figure>\n<p>D\u016fsledky tohoto v\u00fdvoje jsou zni\u010duj\u00edc\u00ed \u2013 nejen pro posti\u017een\u00e9, ale pro celou spole\u010dnost. Zmen\u0161uj\u00edc\u00ed se a st\u00e1rnouc\u00ed populace znamen\u00e1 m\u00e9n\u011b pracovn\u00edk\u016f, m\u00e9n\u011b inovac\u00ed, men\u0161\u00ed hospod\u00e1\u0159sk\u00fd r\u016fst. D\u016fchodov\u00e9 syst\u00e9my, kter\u00e9 jsou ji\u017e nyn\u00ed pod tlakem, se zhrout\u00ed, pokud bude st\u00e1le m\u00e9n\u011b mlad\u00fdch lid\u00ed \u017eivit st\u00e1le v\u00edce star\u00fdch lid\u00ed. EU, kter\u00e1 se r\u00e1da pova\u017euje za glob\u00e1ln\u00edho hr\u00e1\u010de, ztrat\u00ed ekonomick\u00fd a geopolitick\u00fd v\u00fdznam.<\/p>\n<p>Populace EU v sou\u010dasnosti st\u00e1le roste \u2013 od roku 2022 do za\u010d\u00e1tku roku 2024 p\u0159ibli\u017en\u011b o t\u0159i miliony lid\u00ed. Ale tento n\u00e1r\u016fst je t\u00e9m\u011b\u0159 v\u00fdhradn\u011b zp\u016fsoben imigrac\u00ed, zejm\u00e9na uprchl\u00edky z Ukrajiny. Bez migrace by se EU u\u017e d\u00e1vno zmen\u0161ila. A ani imigrace nen\u00ed dlouhodob\u00fdm \u0159e\u0161en\u00edm, proto\u017ee p\u0159in\u00e1\u0161\u00ed do zem\u011b dal\u0161\u00ed probl\u00e9my. Zejm\u00e9na kv\u016fli masov\u00e9 imigraci\u00a0<a href=\"https:\/\/amzn.to\/3Bm5h0x\">z Afriky a isl\u00e1msk\u00fdch zem\u00ed<\/a>\u00a0.<\/p>\n<figure class=\"wp-block-embed is-type-rich is-provider-twitter wp-block-embed-twitter\">\n<div class=\"wp-block-embed__wrapper\">\n<div class=\"twitter-tweet twitter-tweet-rendered\"><iframe id=\"twitter-widget-3\" class=\"\" title=\"X p\u0159\u00edsp\u011bvek\" src=\"https:\/\/platform.twitter.com\/embed\/Tweet.html?dnt=true&amp;embedId=twitter-widget-3&amp;features=eyJ0ZndfdGltZWxpbmVfbGlzdCI6eyJidWNrZXQiOltdLCJ2ZXJzaW9uIjpudWxsfSwidGZ3X2ZvbGxvd2VyX2NvdW50X3N1bnNldCI6eyJidWNrZXQiOnRydWUsInZlcnNpb24iOm51bGx9LCJ0ZndfdHdlZXRfZWRpdF9iYWNrZW5kIjp7ImJ1Y2tldCI6Im9uIiwidmVyc2lvbiI6bnVsbH0sInRmd19yZWZzcmNfc2Vzc2lvbiI6eyJidWNrZXQiOiJvbiIsInZlcnNpb24iOm51bGx9LCJ0ZndfZm9zbnJfc29mdF9pbnRlcnZlbnRpb25zX2VuYWJsZWQiOnsiYnVja2V0Ijoib24iLCJ2ZXJzaW9uIjpudWxsfSwidGZ3X21peGVkX21lZGlhXzE1ODk3Ijp7ImJ1Y2tldCI6InRyZWF0bWVudCIsInZlcnNpb24iOm51bGx9LCJ0ZndfZXhwZXJpbWVudHNfY29va2llX2V4cGlyYXRpb24iOnsiYnVja2V0IjoxMjA5NjAwLCJ2ZXJzaW9uIjpudWxsfSwidGZ3X3Nob3dfYmlyZHdhdGNoX3Bpdm90c19lbmFibGVkIjp7ImJ1Y2tldCI6Im9uIiwidmVyc2lvbiI6bnVsbH0sInRmd19kdXBsaWNhdGVfc2NyaWJlc190b19zZXR0aW5ncyI6eyJidWNrZXQiOiJvbiIsInZlcnNpb24iOm51bGx9LCJ0ZndfdXNlX3Byb2ZpbGVfaW1hZ2Vfc2hhcGVfZW5hYmxlZCI6eyJidWNrZXQiOiJvbiIsInZlcnNpb24iOm51bGx9LCJ0ZndfdmlkZW9faGxzX2R5bmFtaWNfbWFuaWZlc3RzXzE1MDgyIjp7ImJ1Y2tldCI6InRydWVfYml0cmF0ZSIsInZlcnNpb24iOm51bGx9LCJ0ZndfbGVnYWN5X3RpbWVsaW5lX3N1bnNldCI6eyJidWNrZXQiOnRydWUsInZlcnNpb24iOm51bGx9LCJ0ZndfdHdlZXRfZWRpdF9mcm9udGVuZCI6eyJidWNrZXQiOiJvbiIsInZlcnNpb24iOm51bGx9fQ%3D%3D&amp;frame=false&amp;hideCard=false&amp;hideThread=false&amp;id=1863995164475129976&amp;lang=cs&amp;origin=https%3A%2F%2Freport24.news%2Feuropas-kinderlosigkeit-der-leise-selbstmord-einer-generation%2F&amp;sessionId=323aeb6acf7a6af9eeaf893c2dcb81028d09d1c7&amp;theme=light&amp;widgetsVersion=2615f7e52b7e0%3A1702314776716&amp;width=550px\" frameborder=\"0\" scrolling=\"no\" allowfullscreen=\"allowfullscreen\" data-tweet-id=\"1863995164475129976\" data-mce-fragment=\"1\"><\/iframe><\/div>\n<\/div>\n<\/figure>\n<p>S ohledem na tyto chmurn\u00e9 vyhl\u00eddky by politici m\u011bli vlastn\u011b b\u00edt na poplach. Ale co se stane? Nic. Nebo sp\u00ed\u0161e: p\u0159\u00edli\u0161 m\u00e1lo. V n\u011bkter\u00fdch zem\u00edch existuj\u00ed p\u0159\u00edstupy ke zv\u00fd\u0161en\u00ed porodnosti \u2013 nap\u0159\u00edklad prost\u0159ednictv\u00edm finan\u010dn\u00edch pob\u00eddek, lep\u0161\u00ed p\u00e9\u010de o d\u011bti nebo del\u0161\u00ed rodi\u010dovsk\u00e9 dovolen\u00e9. Tato opat\u0159en\u00ed jsou v\u0161ak \u010dasto polovi\u010dat\u00e1 a selh\u00e1vaj\u00ed. Bojujete s p\u0159\u00edznaky, ne s p\u0159\u00ed\u010dinami.<\/p>\n<p>Proto\u017ee skute\u010dn\u00fd probl\u00e9m nen\u00ed jen finan\u010dn\u00ed. Je to tak\u00e9 ot\u00e1zka hodnot a priorit. Ve spole\u010dnosti, kter\u00e1 si nade v\u0161e cen\u00ed individualismu a seberealizace, v n\u00ed\u017e jsou d\u011bti \u010dasto vn\u00edm\u00e1ny jako p\u0159\u00edt\u011b\u017e m\u00edsto jako majetek, nen\u00ed divu, \u017ee st\u00e1le v\u00edce lid\u00ed odpou\u0161t\u00ed m\u00edt d\u011bti. K tomu se p\u0159id\u00e1v\u00e1 kultura nejistoty, kterou posiluje neust\u00e1l\u00e1 p\u0159\u00edtomnost kriz\u00ed \u2013 a\u0165 u\u017e je to plandemie, \u00fadajn\u011b nebezpe\u010dn\u00e1 zm\u011bna klimatu nebo v\u00e1lka na Ukrajin\u011b.<\/p>\n<p>Ot\u00e1zka, kter\u00e1 vyvst\u00e1v\u00e1, je v kone\u010dn\u00e9m d\u016fsledku existen\u010dn\u00ed: M\u016f\u017ee Evropa p\u0159e\u017e\u00edt, kdy\u017e u\u017e nebudou \u017e\u00e1dn\u00e9 d\u011bti? Odpov\u011b\u010f je vyst\u0159\u00edzliv\u011bn\u00ed. Bez z\u00e1sadn\u00edch zm\u011bn \u2013 jak politick\u00fdch, tak spole\u010densk\u00fdch \u2013 se kontinent pomalu, ale jist\u011b propadne do bezv\u00fdznamnosti. Je to tich\u00e1, ale nezastaviteln\u00e1 sebevra\u017eda, kter\u00e1 se zde odehr\u00e1v\u00e1. Mo\u017en\u00e1 je na \u010dase, abychom si vzpomn\u011bli na to, co je opravdu d\u016fle\u017eit\u00e9. \u017de p\u0159estaneme vn\u00edmat d\u011bti jako cenu a za\u010dneme je vid\u011bt takov\u00e9, jak\u00e9 jsou: budoucnost. Proto\u017ee bez dostatku mlad\u00fdch lid\u00ed nen\u00ed budoucnost \u2013 ani pro Evropu, ani pro sv\u011bt.<\/p>\n<p><a href=\"https:\/\/report24.news\/europas-kinderlosigkeit-der-leise-selbstmord-einer-generation\/\"><img decoding=\"async\" loading=\"lazy\" class=\"alignnone size-full wp-image-1185\" src=\"http:\/\/www.infokuryr.cz\/n\/wp-content\/uploads\/2021\/04\/kuryr-podpis.png\" alt=\"\" width=\"84\" height=\"24\" \/><\/a><\/p>\n<p>&nbsp;<\/p>\n","protected":false},"excerpt":{"rendered":"<p>Je to n\u011bm\u00e9 drama, kter\u00e9 se odehr\u00e1v\u00e1 v Evrop\u011b. \u017d\u00e1dn\u00e1 v\u00e1lka, \u017e\u00e1dn\u00e1 p\u0159\u00edrodn\u00ed katastrofa, \u017e\u00e1dn\u00fd&#8230;<\/p>\n","protected":false},"author":2,"featured_media":67734,"comment_status":"closed","ping_status":"closed","sticky":false,"template":"","format":"standard","meta":[],"categories":[7],"tags":[245,283,2728],"_links":{"self":[{"href":"https:\/\/www.infokuryr.cz\/n\/wp-json\/wp\/v2\/posts\/67733"}],"collection":[{"href":"https:\/\/www.infokuryr.cz\/n\/wp-json\/wp\/v2\/posts"}],"about":[{"href":"https:\/\/www.infokuryr.cz\/n\/wp-json\/wp\/v2\/types\/post"}],"author":[{"embeddable":true,"href":"https:\/\/www.infokuryr.cz\/n\/wp-json\/wp\/v2\/users\/2"}],"replies":[{"embeddable":true,"href":"https:\/\/www.infokuryr.cz\/n\/wp-json\/wp\/v2\/comments?post=67733"}],"version-history":[{"count":0,"href":"https:\/\/www.infokuryr.cz\/n\/wp-json\/wp\/v2\/posts\/67733\/revisions"}],"wp:featuredmedia":[{"embeddable":true,"href":"https:\/\/www.infokuryr.cz\/n\/wp-json\/wp\/v2\/media\/67734"}],"wp:attachment":[{"href":"https:\/\/www.infokuryr.cz\/n\/wp-json\/wp\/v2\/media?parent=67733"}],"wp:term":[{"taxonomy":"category","embeddable":true,"href":"https:\/\/www.infokuryr.cz\/n\/wp-json\/wp\/v2\/categories?post=67733"},{"taxonomy":"post_tag","embeddable":true,"href":"https:\/\/www.infokuryr.cz\/n\/wp-json\/wp\/v2\/tags?post=67733"}],"curies":[{"name":"wp","href":"https:\/\/api.w.org\/{rel}","templated":true}]}}