{"id":67724,"date":"2024-12-08T06:42:13","date_gmt":"2024-12-08T05:42:13","guid":{"rendered":"https:\/\/www.infokuryr.cz\/n\/?p=67724"},"modified":"2024-12-08T06:42:13","modified_gmt":"2024-12-08T05:42:13","slug":"dzihadiste-tvrdi-ze-prebiraji-moc-v-syrii","status":"publish","type":"post","link":"https:\/\/www.infokuryr.cz\/n\/2024\/12\/08\/dzihadiste-tvrdi-ze-prebiraji-moc-v-syrii\/","title":{"rendered":"D\u017eih\u00e1dist\u00e9 \u200b\u200btvrd\u00ed, \u017ee p\u0159eb\u00edraj\u00ed moc v S\u00fdrii"},"content":{"rendered":"<div id=\"fb-root\"><\/div>\n<p><span style=\"font-size: 18pt;\"><strong>Islamist\u00e9 vstoupili do Dama\u0161ku a prohl\u00e1sili ho za \u201esvobodn\u00fd\u201c, tvrd\u00edc, \u017ee \u200b\u200bprezident Ba\u0161\u00e1r Asad uprchl z hlavn\u00edho m\u011bsta<\/strong><\/span><\/p>\n<p><span>D\u017eih\u00e1dist\u00e9 \u200b\u200ba dal\u0161\u00ed protivl\u00e1dn\u00ed milice v sobotu vstoupily do Dama\u0161ku a p\u0159evzaly kontrolu nad syrsk\u00fdm hlavn\u00edm m\u011bstem. Prohl\u00e1sili m\u011bsto za\u00a0<\/span><em><span>\u201esvobodn\u00e9\u201c<\/span><\/em><span>\u00a0od vl\u00e1dy prezidenta Ba\u0161\u00e1ra Asada a tvrdili, \u017ee opustil hlavn\u00ed m\u011bsto.<\/span><\/p>\n<p><span>Podle agentury Reuters Asad, kter\u00fd zemi na Bl\u00edzk\u00e9m v\u00fdchod\u011b vl\u00e1dl t\u00e9m\u011b\u0159 \u010dtvrt stolet\u00ed, odlet\u011bl v sobotu ve\u010der z Dama\u0161ku\u00a0\u00a0<\/span><em><span>\u201ena nezn\u00e1m\u00e9 m\u00edsto\u201c<\/span><\/em><span>\u00a0s odvol\u00e1n\u00edm na dva vysok\u00e9 arm\u00e1dn\u00ed d\u016fstojn\u00edky. Jen n\u011bkolik hodin p\u0159edt\u00edm d\u017eih\u00e1dist\u00e9 \u200b\u200bozn\u00e1mili, \u017ee po jedin\u00e9m dni boj\u016f z\u00edskali plnou kontrolu nad kl\u00ed\u010dov\u00fdm m\u011bstem Homs.<\/span><\/p>\n<p><span>Syrsk\u00fd premi\u00e9r Mohammad al-D\u017eal\u00e1l\u00ed ji\u017e nab\u00eddl spolupr\u00e1ci\u00a0<\/span><em><span>\u201ejak\u00e9mukoli veden\u00ed zvolen\u00e9mu lidem\u201c<\/span><\/em><span>\u00a0a tak\u00e9 tvrdil, \u017ee z\u016fst\u00e1v\u00e1 ve sv\u00e9m dom\u011b.<\/span><\/p>\n<p><span>HTS, skupina veden\u00e1 b\u00fdval\u00fdm velitelem Al-K\u00e1idy a d\u0159\u00edve zn\u00e1m\u00e1 jako D\u017eabhat al-Nusra, zah\u00e1jila minul\u00fd t\u00fdden p\u0159ekvapivou ofenz\u00edvu z provincie Idlib v severn\u00ed S\u00fdrii ovl\u00e1dan\u00e9 opozic\u00ed. D\u017eih\u00e1dist\u00e9 \u200b\u200bji\u017e vyhnali syrskou arm\u00e1du z m\u011bst Aleppo, Hama, Homs a Al-Qusayr u hranic s Libanonem.<\/span><\/p>\n<p><span>Svobodn\u00e1 syrsk\u00e1 arm\u00e1da (FSA) sponzorovan\u00e1 Spojen\u00fdmi st\u00e1ty p\u0159evzala kontrolu nad starov\u011bk\u00fdm m\u00edstem Palm\u00fdry, zat\u00edmco Syrsk\u00e9 demokratick\u00e9 s\u00edly (SDF) podporovan\u00e9 tak\u00e9 USA dobyly Deir ez-Zor na v\u00fdchod\u011b zem\u011b.<\/span><\/p>\n<p><span>Syrsk\u00e9 \u00fa\u0159ady se od roku 2011, kdy se r\u016fzn\u00e9 protivl\u00e1dn\u00ed skupiny poprv\u00e9 sna\u017eily sesadit Asada, zapletly do n\u011bkolika lokalizovan\u00fdch konflikt\u016f. D\u017eih\u00e1distick\u00e9 s\u00edly, zejm\u00e9na ty, kter\u00e9 p\u0159ij\u00edmaj\u00ed vojenskou pomoc ze zahrani\u010d\u00ed, se mezi opozic\u00ed uk\u00e1zaly jako dominantn\u00ed hr\u00e1\u010di.\u00a0<\/span><\/p>\n<p><img decoding=\"async\" loading=\"lazy\" class=\"alignnone size-full wp-image-1185\" src=\"http:\/\/www.infokuryr.cz\/n\/wp-content\/uploads\/2021\/04\/kuryr-podpis.png\" alt=\"\" width=\"84\" height=\"24\" \/><\/p>\n<p>&nbsp;<\/p>\n","protected":false},"excerpt":{"rendered":"<p>Islamist\u00e9 vstoupili do Dama\u0161ku a prohl\u00e1sili ho za \u201esvobodn\u00fd\u201c, tvrd\u00edc, \u017ee \u200b\u200bprezident Ba\u0161\u00e1r Asad uprchl&#8230;<\/p>\n","protected":false},"author":2,"featured_media":67725,"comment_status":"closed","ping_status":"closed","sticky":false,"template":"","format":"standard","meta":[],"categories":[7],"tags":[481,3343,2935,147],"_links":{"self":[{"href":"https:\/\/www.infokuryr.cz\/n\/wp-json\/wp\/v2\/posts\/67724"}],"collection":[{"href":"https:\/\/www.infokuryr.cz\/n\/wp-json\/wp\/v2\/posts"}],"about":[{"href":"https:\/\/www.infokuryr.cz\/n\/wp-json\/wp\/v2\/types\/post"}],"author":[{"embeddable":true,"href":"https:\/\/www.infokuryr.cz\/n\/wp-json\/wp\/v2\/users\/2"}],"replies":[{"embeddable":true,"href":"https:\/\/www.infokuryr.cz\/n\/wp-json\/wp\/v2\/comments?post=67724"}],"version-history":[{"count":0,"href":"https:\/\/www.infokuryr.cz\/n\/wp-json\/wp\/v2\/posts\/67724\/revisions"}],"wp:featuredmedia":[{"embeddable":true,"href":"https:\/\/www.infokuryr.cz\/n\/wp-json\/wp\/v2\/media\/67725"}],"wp:attachment":[{"href":"https:\/\/www.infokuryr.cz\/n\/wp-json\/wp\/v2\/media?parent=67724"}],"wp:term":[{"taxonomy":"category","embeddable":true,"href":"https:\/\/www.infokuryr.cz\/n\/wp-json\/wp\/v2\/categories?post=67724"},{"taxonomy":"post_tag","embeddable":true,"href":"https:\/\/www.infokuryr.cz\/n\/wp-json\/wp\/v2\/tags?post=67724"}],"curies":[{"name":"wp","href":"https:\/\/api.w.org\/{rel}","templated":true}]}}