{"id":67626,"date":"2024-12-07T00:46:50","date_gmt":"2024-12-06T23:46:50","guid":{"rendered":"https:\/\/www.infokuryr.cz\/n\/?p=67626"},"modified":"2024-12-06T17:27:51","modified_gmt":"2024-12-06T16:27:51","slug":"jiri-jaros-nickelli-osvobodit-nelu-liskovou-je-nezbytne","status":"publish","type":"post","link":"https:\/\/www.infokuryr.cz\/n\/2024\/12\/07\/jiri-jaros-nickelli-osvobodit-nelu-liskovou-je-nezbytne\/","title":{"rendered":"Ji\u0159\u00ed Jaro\u0161 Nickelli: Osvobodit Nelu Liskovou je nezbytn\u00e9"},"content":{"rendered":"<div id=\"fb-root\"><\/div>\n<p>My potomci a poz\u016fstal\u00ed ob\u011bt\u00ed nacismu v \u010cesk\u00e9 republice jsme rozho\u0159\u010den\u00ed \u017ealobou na pan\u00ed Nelu Liskovou, emeritn\u00ed z\u00e1stupkyni Don\u011bck\u00e9 lidov\u00e9 republiky, aktivistku protifa\u0161istick\u00e9 fronty. N\u00e1sledn\u00fd proces s n\u00ed, kter\u00e1 se odv\u00e1\u017eila vyj\u00e1d\u0159it n\u00e1zor o odstran\u011bn\u00ed nacistick\u00fdch fenomen\u016f v republice, pokl\u00e1d\u00e1me za proces politick\u00fd &#8211; stejn\u011b jako p\u0159edchoz\u00ed procesy s dr. Sk\u00e1lou a panem Kapalem, zesnul\u00fdm n\u00e1sledkem tohoto procesu!,\u00a0 s pan\u00ed u\u010ditelkou Bedn\u00e1\u0159ovou, anebo na\u0161e d\u0159\u00edv\u011bj\u0161\u00ed procesy\u00a0 (chronologicky Jaro\u0161, Ne\u010dasov\u00e1, H\u0159\u00edbek) na ochranu osobnosti kn\u00ed\u017eete z R\u00e1jce, kdy nakonec restitu\u010dn\u00ed soudy\u00a0 daly za pravdu n\u00e1m.<\/p>\n<p>Pokud \u010cesk\u00e1 republika bude pokra\u010dovat v tomto trendu, pak se pr\u00e1vn\u00ed \u0159\u00e1d vystav\u00ed hlubok\u00e9 erozi a mor\u00e1ln\u00ed devastaci, obvykl\u00e9 v antidemokratick\u00fdch syst\u00e9mech.<\/p>\n<p>D\u00e1le odsuzujeme vyhro\u017eov\u00e1n\u00ed fa\u0161istick\u00fdch individu\u00ed pan\u00ed Nele Liskov\u00e9 smrt\u00ed, kryj\u00edc\u00edch se tzv. plukem AZOV na internetu. Policie \u010cesk\u00e9 republiky, pokud je v\u011brna heslu &#8222;Pom\u00e1hat a chr\u00e1nit&#8220;, by se m\u011bla zab\u00fdvat \u00fatoky na pan\u00ed Nelu Liskovou a vyvodit v p\u0159\u00edpad\u011b zji\u0161t\u011bn\u00ed odpov\u011bdnost pachatel\u016f.<\/p>\n<p>Nacismus a fa\u0161ismus ji\u017e nesm\u00ed m\u00edt v republice sv\u00e1 podhoub\u00ed a cel\u00e1 vlasteneck\u00e1 fronta by se m\u011bla postavit za pan\u00ed Nelu Liskovou.<\/p>\n<p><em><strong>Ji\u0159\u00ed Jaro\u0161 Nickelli, \u010cSPB\u00a0 z.s.<\/strong><\/em><\/p>\n<p><img decoding=\"async\" loading=\"lazy\" class=\"alignnone size-full wp-image-22385\" src=\"http:\/\/www.infokuryr.cz\/n\/wp-content\/uploads\/2023\/02\/jaros_nickelli.jpg\" alt=\"\" width=\"180\" height=\"180\" srcset=\"https:\/\/www.infokuryr.cz\/n\/wp-content\/uploads\/2023\/02\/jaros_nickelli.jpg 180w, https:\/\/www.infokuryr.cz\/n\/wp-content\/uploads\/2023\/02\/jaros_nickelli-150x150.jpg 150w\" sizes=\"(max-width: 180px) 100vw, 180px\" \/><\/p>\n<p>&nbsp;<\/p>\n","protected":false},"excerpt":{"rendered":"<p>My potomci a poz\u016fstal\u00ed ob\u011bt\u00ed nacismu v \u010cesk\u00e9 republice jsme rozho\u0159\u010den\u00ed \u017ealobou na pan\u00ed Nelu&#8230;<\/p>\n","protected":false},"author":2,"featured_media":53581,"comment_status":"closed","ping_status":"closed","sticky":false,"template":"","format":"standard","meta":[],"categories":[6],"tags":[144,5224,520,324,538],"_links":{"self":[{"href":"https:\/\/www.infokuryr.cz\/n\/wp-json\/wp\/v2\/posts\/67626"}],"collection":[{"href":"https:\/\/www.infokuryr.cz\/n\/wp-json\/wp\/v2\/posts"}],"about":[{"href":"https:\/\/www.infokuryr.cz\/n\/wp-json\/wp\/v2\/types\/post"}],"author":[{"embeddable":true,"href":"https:\/\/www.infokuryr.cz\/n\/wp-json\/wp\/v2\/users\/2"}],"replies":[{"embeddable":true,"href":"https:\/\/www.infokuryr.cz\/n\/wp-json\/wp\/v2\/comments?post=67626"}],"version-history":[{"count":0,"href":"https:\/\/www.infokuryr.cz\/n\/wp-json\/wp\/v2\/posts\/67626\/revisions"}],"wp:featuredmedia":[{"embeddable":true,"href":"https:\/\/www.infokuryr.cz\/n\/wp-json\/wp\/v2\/media\/53581"}],"wp:attachment":[{"href":"https:\/\/www.infokuryr.cz\/n\/wp-json\/wp\/v2\/media?parent=67626"}],"wp:term":[{"taxonomy":"category","embeddable":true,"href":"https:\/\/www.infokuryr.cz\/n\/wp-json\/wp\/v2\/categories?post=67626"},{"taxonomy":"post_tag","embeddable":true,"href":"https:\/\/www.infokuryr.cz\/n\/wp-json\/wp\/v2\/tags?post=67626"}],"curies":[{"name":"wp","href":"https:\/\/api.w.org\/{rel}","templated":true}]}}