{"id":67624,"date":"2024-12-07T00:42:12","date_gmt":"2024-12-06T23:42:12","guid":{"rendered":"https:\/\/www.infokuryr.cz\/n\/?p=67624"},"modified":"2024-12-06T17:20:32","modified_gmt":"2024-12-06T16:20:32","slug":"9-rocnik-udelovani-ceny-vaclava-mateje-krameria","status":"publish","type":"post","link":"https:\/\/www.infokuryr.cz\/n\/2024\/12\/07\/9-rocnik-udelovani-ceny-vaclava-mateje-krameria\/","title":{"rendered":"9. ro\u010dn\u00edk ud\u011blov\u00e1n\u00ed ceny V\u00e1clava Mat\u011bje Krameria"},"content":{"rendered":"<div id=\"fb-root\"><\/div>\n<p><strong>V\u00e1\u017een\u00ed a mil\u00ed,<\/p>\n<p>po roce jsme se op\u011bt setkali, abychom vzdali hold novin\u00e1\u0159\u016fm, publicist\u016fm, fotograf\u016fm, moder\u00e1tor\u016fm, vydavatel\u016fm, kte\u0159\u00ed nejsou ochotni p\u0159istoupit na zglajch\u0161altov\u00e1n\u00ed a potupnou slu\u017ebu moment\u00e1ln\u00ed politick\u00e9 moci. Moci, je\u017e by je r\u00e1da pou\u017eila\u00a0k\u00a0zotro\u010den\u00ed n\u00e1roda, k\u00a0upevn\u011bn\u00ed sv\u00e9ho v\u00fdsadn\u00edho postaven\u00ed. Moci, kter\u00e1 usiluje p\u0159edev\u0161\u00edm o osobn\u00ed prosp\u011bch t\u011bch, kte\u0159\u00ed si u\u017e\u00edvaj\u00ed plod\u016f pr\u00e1ce jin\u00fdch, ale slou\u017eit bli\u017en\u00edm necht\u011bj\u00ed.<\/strong><\/p>\n<p>Moci, kter\u00e1 usiluje v\u017edy o moc absolutn\u00ed. A proto plat\u00ed Krylovo,\u00a0<strong>\u017ee politik\u016fm se nev\u011b\u0159\u00ed, politici se kontroluj\u00ed<\/strong>. A o lidi, kte\u0159\u00ed tak \u010din\u00ed n\u00e1m jde. Pr\u00e1v\u011b takov\u00e9 lidi chceme podporovat\u00a0<strong>alespo\u0148 mor\u00e1ln\u011b<\/strong>. K\u00a0tomu slou\u017e\u00ed i Krameriova cena. Je tady kv\u016fli povzbuzen\u00ed, ubezpe\u010den\u00ed, \u017ee laure\u00e1ti d\u011blaj\u00ed svou pr\u00e1ci dob\u0159e, \u017ee jsou profesion\u00e1ln\u00ed a poctiv\u00ed. Ale tak\u00e9, a to v\u00a0neposledn\u00ed \u0159ad\u011b, kv\u016fli vytv\u00e1\u0159en\u00ed komunity, spole\u010denstv\u00ed. Spole\u010denstv\u00ed lid\u00ed, kte\u0159\u00ed si dod\u00e1vaj\u00ed odvahy, pom\u00e1haj\u00ed si a podporuj\u00ed se vz\u00e1jemn\u011b. Lidsk\u00e9 spole\u010denstv\u00ed toti\u017e stoj\u00ed na pospolitosti. Moc chce v\u017edy spole\u010denstv\u00ed rozd\u011blit, a v\u00a0sam\u00e9m d\u016fsledku atomizovat. Nah\u00fdm a bezbrann\u00fdm, je\u017e jsou zbaveni rodinn\u00fdch a n\u00e1rodn\u00edch pout, se dob\u0159e vl\u00e1dne. Svobodn\u00e1 novina\u0159ina by tedy m\u011bla odhalovat praktiky moci, a to ve jm\u00e9nu bl\u00edzkosti k\u00a0bl\u00edzk\u00fdm zejm\u00e9na.<\/p>\n<p>Cht\u011bl bych je\u0161t\u011b poznamenat, \u017ee svoboda slova je ned\u011bliteln\u00e1. Vypad\u00e1 to jako fr\u00e1ze, ale kdy\u017e dnes vid\u00edm, kterak by se mnoz\u00ed hrdinov\u00e9 r\u00e1di zam\u011b\u0159ili nap\u0159. na ohro\u017een\u00ed svobody slova a\u017e n\u011bkdy od doby covidov\u00e9, je mi z\u00a0toho pon\u011bkud \u00fazko. My mus\u00edme diskutovat o v\u0161ech aspektech ko\u0159en\u016f na\u0161eho sou\u010dasn\u00e9ho marasmu. A ten spo\u010d\u00edv\u00e1 ve zp\u016fsobu tzv. \u010cesk\u00e9 transformace stejn\u011b, jako v postupn\u00e9 vlastizr\u00e1dnosti v\u0161ech polistopadov\u00fdch vl\u00e1d. Nelze se vyh\u00fdbat \u017e\u00e1dn\u00e9mu t\u00e9matu.\u00a0<strong>Oportunismus v\u00a0boji za svobodu slova smysl nem\u00e1.<\/strong><\/p>\n<p><em><strong>Stanislav Novotn\u00fd<br \/>\n<\/strong>P\u0159edseda Asociace nez\u00e1visl\u00fdch m\u00e9di\u00ed<\/em><\/p>\n<p>V\u00a0Praze dne 4. 12. 2024<\/p>\n<p>&nbsp;<\/p>\n","protected":false},"excerpt":{"rendered":"<p>V\u00e1\u017een\u00ed a mil\u00ed, po roce jsme se op\u011bt setkali, abychom vzdali hold novin\u00e1\u0159\u016fm, publicist\u016fm, fotograf\u016fm,&#8230;<\/p>\n","protected":false},"author":2,"featured_media":45361,"comment_status":"closed","ping_status":"closed","sticky":false,"template":"","format":"standard","meta":[],"categories":[6],"tags":[8293,5641,553],"_links":{"self":[{"href":"https:\/\/www.infokuryr.cz\/n\/wp-json\/wp\/v2\/posts\/67624"}],"collection":[{"href":"https:\/\/www.infokuryr.cz\/n\/wp-json\/wp\/v2\/posts"}],"about":[{"href":"https:\/\/www.infokuryr.cz\/n\/wp-json\/wp\/v2\/types\/post"}],"author":[{"embeddable":true,"href":"https:\/\/www.infokuryr.cz\/n\/wp-json\/wp\/v2\/users\/2"}],"replies":[{"embeddable":true,"href":"https:\/\/www.infokuryr.cz\/n\/wp-json\/wp\/v2\/comments?post=67624"}],"version-history":[{"count":1,"href":"https:\/\/www.infokuryr.cz\/n\/wp-json\/wp\/v2\/posts\/67624\/revisions"}],"predecessor-version":[{"id":67625,"href":"https:\/\/www.infokuryr.cz\/n\/wp-json\/wp\/v2\/posts\/67624\/revisions\/67625"}],"wp:featuredmedia":[{"embeddable":true,"href":"https:\/\/www.infokuryr.cz\/n\/wp-json\/wp\/v2\/media\/45361"}],"wp:attachment":[{"href":"https:\/\/www.infokuryr.cz\/n\/wp-json\/wp\/v2\/media?parent=67624"}],"wp:term":[{"taxonomy":"category","embeddable":true,"href":"https:\/\/www.infokuryr.cz\/n\/wp-json\/wp\/v2\/categories?post=67624"},{"taxonomy":"post_tag","embeddable":true,"href":"https:\/\/www.infokuryr.cz\/n\/wp-json\/wp\/v2\/tags?post=67624"}],"curies":[{"name":"wp","href":"https:\/\/api.w.org\/{rel}","templated":true}]}}