{"id":67577,"date":"2024-12-06T06:45:40","date_gmt":"2024-12-06T05:45:40","guid":{"rendered":"https:\/\/www.infokuryr.cz\/n\/?p=67577"},"modified":"2024-12-06T06:45:40","modified_gmt":"2024-12-06T05:45:40","slug":"generalni-stavka-v-la-scale-anna-netrebko-odzpivala-bez-orchestru","status":"publish","type":"post","link":"https:\/\/www.infokuryr.cz\/n\/2024\/12\/06\/generalni-stavka-v-la-scale-anna-netrebko-odzpivala-bez-orchestru\/","title":{"rendered":"Gener\u00e1ln\u00ed st\u00e1vka v La Scale: Anna Netrebko odzp\u00edvala bez orchestru"},"content":{"rendered":"<div id=\"fb-root\"><\/div>\n<p class=\"lead\"><strong>Koncert k 100. v\u00fdro\u010d\u00ed \u00famrt\u00ed italsk\u00e9ho skladatele Giacoma Pucciniho na jevi\u0161ti Teatro alla Scala (slavn\u00e1 mil\u00e1nsk\u00e1 opera) byl skute\u010dn\u011b p\u0159eru\u0161en kv\u016fli st\u00e1vce odborov\u00e9ho svazu CGIL (V\u0161eobecn\u00e1 italsk\u00e1 konfederace pr\u00e1ce). Sopranistka Anna Netrebko a tenorista Jonas Kaufman z\u016fstali bez orchestru a byli nuceni zp\u00edvat za doprovodu klav\u00edru, informuje <a href=\"https:\/\/www.ilgiorno.it\/\" target=\"_blank\" rel=\"noopener\">port\u00e1l<\/a>\u00a0IlGiorno .<\/strong><\/p>\n<p><span>Publikace uv\u00e1d\u00ed, \u017ee divadlo o st\u00e1vce v\u011bd\u011blo, proto\u017ee dopoledn\u00ed zkou\u0161ka byla zru\u0161ena z d\u016fvodu nep\u0159\u00edtomnosti \u010dlen\u016f orchestru v pr\u00e1ci. Div\u00e1ci v\u0161ak nebyli na zru\u0161en\u00ed akce p\u0159edem upozorn\u011bni. V\u00fdsledkem bylo, \u017ee 10 minut p\u0159ed za\u010d\u00e1tkem koncertu p\u0159i\u0161el na p\u00f3dium superintendent LaScala\u00a0<\/span><strong><span>Domenic Meyer<\/span><\/strong><span>\u00a0a ozn\u00e1mil t\u00e9m\u011b\u0159 pln\u00e9mu s\u00e1lu, \u017ee koncert je zru\u0161en.<\/span><\/p>\n<p><em>&#8222;Nemohli jsme se spolehnout, kdo p\u0159ijde, a p\u0159ed deseti minutami jsme si uv\u011bdomili, \u017ee dnes ve\u010der nem\u016f\u017eeme koncertovat,&#8220;<span class=\"after-quote\">\u00a0&#8211; \u0159ekl.<\/span><\/em><\/p>\n<p><span>Z\u00e1rove\u0148 dodal, \u017ee je tu \u201edobr\u00e1 zpr\u00e1va\u201c &#8211; koncert se uskute\u010dn\u00ed za\u00a0klav\u00edrn\u00edho doprovodu\u00a0<\/span><strong><span>Jamese Vaughna<\/span><\/strong><span> . Div\u00e1ci byli vyzv\u00e1ni, aby vypili sklenku sektu v divadeln\u00edch barech, zat\u00edmco divadeln\u00ed person\u00e1l sejmul z jevi\u0161t\u011b \u017eidle a hudebn\u00ed stojany a nainstaloval klav\u00edr.<\/span><\/p>\n<p><span>Zpo\u010d\u00e1tku byla ve\u0159ejnost \u0161okov\u00e1na a v\u00edtala zpr\u00e1vy v\u00fdk\u0159iky \u201ehanba\u201c, ale pozd\u011bji si div\u00e1ci uv\u011bdomili, \u017ee jsou na jedine\u010dn\u00e9 akci. Um\u011blci dali t\u0159i p\u0159\u00eddavky a koncert skon\u010dil dlouh\u00fdm potleskem.<\/span><\/p>\n<p><span>Nutno podotknout, \u017ee odborov\u00fd svaz CGIL vyhl\u00e1sil osmihodinovou gener\u00e1ln\u00ed st\u00e1vku, kter\u00e1 byla napl\u00e1nov\u00e1na na den koncertu. Mezi po\u017eadavky demonstrant\u016f pat\u0159\u00ed zv\u00fd\u0161en\u00ed mezd a d\u016fchod\u016f; nav\u00fd\u0161en\u00ed finan\u010dn\u00edch prost\u0159edk\u016f na \u0161kolstv\u00ed, zdravotnictv\u00ed, bezplatn\u00e9 st\u00e1tn\u00ed slu\u017eby v\u010detn\u011b dopravy; r\u016fst investic v pr\u016fmyslu; odm\u00edtnut\u00ed fisk\u00e1ln\u00edho man\u00e9vru, kter\u00fd by Italov\u00e9 vedl k sedmi let\u016fm \u00fasporn\u00fdch opat\u0159en\u00ed.<\/span><\/p>\n<p><img decoding=\"async\" loading=\"lazy\" class=\"alignnone size-full wp-image-1185\" src=\"http:\/\/www.infokuryr.cz\/n\/wp-content\/uploads\/2021\/04\/kuryr-podpis.png\" alt=\"\" width=\"84\" height=\"24\" \/><\/p>\n<p>&nbsp;<\/p>\n","protected":false},"excerpt":{"rendered":"<p>Koncert k 100. v\u00fdro\u010d\u00ed \u00famrt\u00ed italsk\u00e9ho skladatele Giacoma Pucciniho na jevi\u0161ti Teatro alla Scala (slavn\u00e1&#8230;<\/p>\n","protected":false},"author":2,"featured_media":67578,"comment_status":"closed","ping_status":"closed","sticky":false,"template":"","format":"standard","meta":[],"categories":[7],"tags":[5564,4757,8287,1696,951],"_links":{"self":[{"href":"https:\/\/www.infokuryr.cz\/n\/wp-json\/wp\/v2\/posts\/67577"}],"collection":[{"href":"https:\/\/www.infokuryr.cz\/n\/wp-json\/wp\/v2\/posts"}],"about":[{"href":"https:\/\/www.infokuryr.cz\/n\/wp-json\/wp\/v2\/types\/post"}],"author":[{"embeddable":true,"href":"https:\/\/www.infokuryr.cz\/n\/wp-json\/wp\/v2\/users\/2"}],"replies":[{"embeddable":true,"href":"https:\/\/www.infokuryr.cz\/n\/wp-json\/wp\/v2\/comments?post=67577"}],"version-history":[{"count":0,"href":"https:\/\/www.infokuryr.cz\/n\/wp-json\/wp\/v2\/posts\/67577\/revisions"}],"wp:featuredmedia":[{"embeddable":true,"href":"https:\/\/www.infokuryr.cz\/n\/wp-json\/wp\/v2\/media\/67578"}],"wp:attachment":[{"href":"https:\/\/www.infokuryr.cz\/n\/wp-json\/wp\/v2\/media?parent=67577"}],"wp:term":[{"taxonomy":"category","embeddable":true,"href":"https:\/\/www.infokuryr.cz\/n\/wp-json\/wp\/v2\/categories?post=67577"},{"taxonomy":"post_tag","embeddable":true,"href":"https:\/\/www.infokuryr.cz\/n\/wp-json\/wp\/v2\/tags?post=67577"}],"curies":[{"name":"wp","href":"https:\/\/api.w.org\/{rel}","templated":true}]}}