{"id":67553,"date":"2024-12-06T00:47:07","date_gmt":"2024-12-05T23:47:07","guid":{"rendered":"https:\/\/www.infokuryr.cz\/n\/?p=67553"},"modified":"2024-12-05T16:11:31","modified_gmt":"2024-12-05T15:11:31","slug":"peking-uvalil-sankce-na-americke-obranne-firmy-kvuli-tchaj-wanu","status":"publish","type":"post","link":"https:\/\/www.infokuryr.cz\/n\/2024\/12\/06\/peking-uvalil-sankce-na-americke-obranne-firmy-kvuli-tchaj-wanu\/","title":{"rendered":"Peking uvalil sankce na americk\u00e9 obrann\u00e9 firmy kv\u016fli Tchaj-wanu"},"content":{"rendered":"<div id=\"fb-root\"><\/div>\n<p><span style=\"font-size: 18pt;\"><strong>Prodej zbran\u00ed na ostrov \u201ev\u00e1\u017en\u011b podkop\u00e1v\u00e1\u201c suverenitu \u010c\u00edny a je d\u016fvodem sankc\u00ed, uvedlo ministerstvo zahrani\u010d\u00ed<\/strong><\/span><\/p>\n<p><span>\u010c\u00ednsk\u00e9 ministerstvo zahrani\u010d\u00ed ve \u010dtvrtek ozn\u00e1milo, \u017ee Peking uvalil sankce na v\u00edce ne\u017e tucet americk\u00fdch vojensk\u00fdch firem a vedouc\u00edch pracovn\u00edk\u016f v reakci na posledn\u00ed schv\u00e1len\u00ed prodeje zbran\u00ed Washingtonem Tchaj-wanu.<\/span><\/p>\n<p><span>Minul\u00fd t\u00fdden americk\u00e9 ministerstvo zahrani\u010d\u00ed povolilo dodate\u010dn\u00e9 vojensk\u00e9 prodeje na Tchaj-wan ve v\u00fd\u0161i 385 milion\u016f dolar\u016f po bal\u00ed\u010dku a\u017e 2 miliardy dolar\u016f schv\u00e1len\u00e9m v \u0159\u00edjnu, ozn\u00e1men\u00e9m m\u011bs\u00edc po dohod\u011b ve v\u00fd\u0161i 567 milion\u016f dolar\u016f, kter\u00e1 byla podeps\u00e1na v z\u00e1\u0159\u00ed.<\/span><\/p>\n<p><span>Nejnov\u011bj\u0161\u00ed dohoda\u00a0\u00a0<\/span><em><span>\u201ev\u00e1\u017en\u011b poru\u0161uje\u201c<\/span><\/em><span>\u00a0z\u00e1sadu jedn\u00e9 \u010c\u00edny,\u00a0<\/span><em><span>\u201ev\u00e1\u017en\u011b zasahuje do vnit\u0159n\u00edch z\u00e1le\u017eitost\u00ed \u010c\u00edny a v\u00e1\u017en\u011b podkop\u00e1v\u00e1\u201c<\/span><\/em><span>\u00a0suverenitu a \u00fazemn\u00ed celistvost zem\u011b, uvedl na tiskov\u00e9 konferenci mluv\u010d\u00ed ministerstva zahrani\u010d\u00ed Lin \u0164ien.<\/span><\/p>\n<p><span>Zat\u00edmco USA ofici\u00e1ln\u011b dodr\u017euj\u00ed politiku jedn\u00e9 \u010c\u00edny a uzn\u00e1vaj\u00ed Tchaj-wan jako sou\u010d\u00e1st \u010c\u00edny, sou\u010dasn\u011b se zapojuj\u00ed do vojensk\u00e9 spolupr\u00e1ce s vl\u00e1dou v Taipei.<\/span><\/p>\n<p><span>V reakci na nejnov\u011bj\u0161\u00ed zbrojn\u00ed dohodu budou od \u010dtvrtka zmrazena aktiva 13 americk\u00fdch obrann\u00fdch spole\u010dnost\u00ed v \u010c\u00edn\u011b a firm\u00e1m bude zak\u00e1z\u00e1no obchodovat a spolupracovat s \u010d\u00ednsk\u00fdmi subjekty a jednotlivci, uvedlo ministerstvo zahrani\u010d\u00ed. Stejn\u00e1 opat\u0159en\u00ed se budou vztahovat na \u0161est uveden\u00fdch vedouc\u00edch pracovn\u00edk\u016f, kter\u00fdm budou rovn\u011b\u017e odep\u0159ena v\u00edza nebo vstup do \u010c\u00edny.<\/span><\/p>\n<p><span>Ministerstvo vyzvalo USA, aby\u00a0<\/span><em><span>\u201eokam\u017eit\u011b zastavily vyzbrojov\u00e1n\u00ed Tchaj-wanu a p\u0159estaly tolerovat a podporovat\u201c<\/span><\/em><span>\u00a0ostrovn\u00ed\u00a0<\/span><em><span>\u201enez\u00e1visl\u00e9\u201c<\/span><\/em><span>\u00a0s\u00edly.<\/span><\/p>\n<p><span>Samovl\u00e1du na Tchaj-wanu nastolily nacionalistick\u00e9 s\u00edly po jejich por\u00e1\u017ece v \u010d\u00ednsk\u00e9 ob\u010dansk\u00e9 v\u00e1lce v roce 1949. V sou\u010dasn\u00e9 dob\u011b uzn\u00e1v\u00e1 suverenitu ostrova jen hrstka n\u00e1rod\u016f, p\u0159i\u010dem\u017e v\u011bt\u0161ina sv\u011bta, v\u010detn\u011b Ruska, vyhov\u011bla po\u017eadavku Pekingu, aby byl pova\u017eov\u00e1n za sou\u010d\u00e1st\u00ed lidov\u00e9 republiky.<\/span><\/p>\n<p><span>\u010c\u00edna v \u0159\u00edjnu po\u0159\u00e1dala kolem ostrova rozs\u00e1hl\u00e1 vojensk\u00e1 cvi\u010den\u00ed. Vl\u00e1da v Tchaj-peji prohl\u00e1sila, \u017ee Peking se\u00a0proti n\u011bmu nikdy\u00a0<\/span><em><span>\u201enevzd\u00e1 pou\u017eit\u00ed s\u00edly\u201c .<\/span><\/em><\/p>\n<p><span>\u010c\u00ednsk\u00e9 ministerstvo zahrani\u010d\u00ed d\u0159\u00edve zd\u016fraznilo, \u017ee pokra\u010duj\u00edc\u00ed americk\u00e1 podpora Tchaj-wanu je v rozporu s d\u0159\u00edv\u011bj\u0161\u00edmi z\u00e1vazky vypl\u00fdvaj\u00edc\u00edmi z komunik\u00e9 ze 17. srpna z roku 1982, ve kter\u00e9m se Washington zav\u00e1zal, \u017ee nebude uplat\u0148ovat dlouhodobou politiku prodeje zbran\u00ed Tchaj-wanu, a vyj\u00e1d\u0159il sv\u016fj z\u00e1m\u011br postupn\u011b sni\u017eovat prodej zbran\u00ed. \u010das.<\/span><\/p>\n<p><span>\u010c\u00ednsk\u00fd prezident Si \u0164in-pching v listopadu ozna\u010dil ot\u00e1zku Tchaj-wanu za jednu z kl\u00ed\u010dov\u00fdch hranic, kter\u00e9 mus\u00ed USA respektovat, aby udr\u017eely vyv\u00e1\u017een\u00fd vztah mezi ob\u011bma zem\u011bmi.<\/span><\/p>\n<p><img decoding=\"async\" loading=\"lazy\" class=\"alignnone size-full wp-image-1185\" src=\"http:\/\/www.infokuryr.cz\/n\/wp-content\/uploads\/2021\/04\/kuryr-podpis.png\" alt=\"\" width=\"84\" height=\"24\" \/><\/p>\n<p>&nbsp;<\/p>\n","protected":false},"excerpt":{"rendered":"<p>Prodej zbran\u00ed na ostrov \u201ev\u00e1\u017en\u011b podkop\u00e1v\u00e1\u201c suverenitu \u010c\u00edny a je d\u016fvodem sankc\u00ed, uvedlo ministerstvo zahrani\u010d\u00ed&#8230;<\/p>\n","protected":false},"author":2,"featured_media":67554,"comment_status":"closed","ping_status":"closed","sticky":false,"template":"","format":"standard","meta":[],"categories":[7],"tags":[30,125,37],"_links":{"self":[{"href":"https:\/\/www.infokuryr.cz\/n\/wp-json\/wp\/v2\/posts\/67553"}],"collection":[{"href":"https:\/\/www.infokuryr.cz\/n\/wp-json\/wp\/v2\/posts"}],"about":[{"href":"https:\/\/www.infokuryr.cz\/n\/wp-json\/wp\/v2\/types\/post"}],"author":[{"embeddable":true,"href":"https:\/\/www.infokuryr.cz\/n\/wp-json\/wp\/v2\/users\/2"}],"replies":[{"embeddable":true,"href":"https:\/\/www.infokuryr.cz\/n\/wp-json\/wp\/v2\/comments?post=67553"}],"version-history":[{"count":0,"href":"https:\/\/www.infokuryr.cz\/n\/wp-json\/wp\/v2\/posts\/67553\/revisions"}],"wp:featuredmedia":[{"embeddable":true,"href":"https:\/\/www.infokuryr.cz\/n\/wp-json\/wp\/v2\/media\/67554"}],"wp:attachment":[{"href":"https:\/\/www.infokuryr.cz\/n\/wp-json\/wp\/v2\/media?parent=67553"}],"wp:term":[{"taxonomy":"category","embeddable":true,"href":"https:\/\/www.infokuryr.cz\/n\/wp-json\/wp\/v2\/categories?post=67553"},{"taxonomy":"post_tag","embeddable":true,"href":"https:\/\/www.infokuryr.cz\/n\/wp-json\/wp\/v2\/tags?post=67553"}],"curies":[{"name":"wp","href":"https:\/\/api.w.org\/{rel}","templated":true}]}}