{"id":67549,"date":"2024-12-06T00:39:41","date_gmt":"2024-12-05T23:39:41","guid":{"rendered":"https:\/\/www.infokuryr.cz\/n\/?p=67549"},"modified":"2024-12-05T15:59:46","modified_gmt":"2024-12-05T14:59:46","slug":"petr-pokorny-zachranil-rakusan-tisice-studentu-v-plzni-nebo-to-zinscenovala-vlada-aby-odklonila-rozpoctovy-armagedon-stanjury","status":"publish","type":"post","link":"https:\/\/www.infokuryr.cz\/n\/2024\/12\/06\/petr-pokorny-zachranil-rakusan-tisice-studentu-v-plzni-nebo-to-zinscenovala-vlada-aby-odklonila-rozpoctovy-armagedon-stanjury\/","title":{"rendered":"Petr Pokorn\u00fd: Zachr\u00e1nil Raku\u0161an tis\u00edce student\u016f v Plzni, nebo to zinscenovala vl\u00e1da, aby odklonila rozpo\u010dtov\u00fd Armagedon Stanjury?"},"content":{"rendered":"<div id=\"fb-root\"><\/div>\n<div class=\"introtext\">\n<p><span style=\"font-size: 14pt;\"><strong>Kolik plat\u00ed vl\u00e1da na to, aby defilovala des\u00edtky hodin na televizn\u00edch obrazovk\u00e1ch ka\u017ed\u00fd den? Nen\u00ed dne, nen\u00ed hodiny, aby hrdinov\u00e9 na\u0161\u00ed zem\u011b z \u0159ad vl\u00e1dn\u00edch politik\u016f neukazovali sv\u00e9 hrdinn\u00e9 kousky.<\/strong><\/span><\/p>\n<\/div>\n<div class=\"fulltext\">\n<p>A z\u00edtra n\u00e1s ZASE vystra\u0161\u00ed \u010d\u00edm?<\/p>\n<p>Samoz\u0159ejm\u011b v\u017edy d\u011blaj\u00ed v\u0161e pro lidi, ob\u011btuj\u00ed sv\u00e9 \u017eivoty a z hl\u00eddac\u00edch ps\u016f vl\u00e1d se z masm\u00e9di\u00ed stali mopsl\u00edci \u0161t\u011bkaj\u00edc\u00ed, jak p\u00e1n\u00ed\u010dek ze Strakovky zap\u00edsk\u00e1.<\/p>\n<p><span style=\"font-size: 18pt;\">Masakr rozpo\u010dtu se transformoval do masakru student\u016f v Plzni<\/span><\/p>\n<p>Jenom\u017ee zat\u00edmco masakr rozpo\u010dtu se stal a to v setrv\u00e1vaj\u00edc\u00edm \u010dase, v Plzni, jak se dalo p\u0159epokl\u00e1dat, to byla zase fra\u0161ka. V okam\u017eiku, kdy masm\u00e9dia dramaticky hl\u00e1sila (p\u0159edev\u0161\u00edm op\u011bt vl\u00e1dn\u00ed CNN Prima News), jak je Raku\u0161an, vrchn\u00ed policajt a skv\u011bl\u00fd a\u017e nejskv\u011blej\u0161\u00ed, dala se o\u010dek\u00e1vat zase nafouknut\u00e1 fusekle vl\u00e1dn\u00edho komanda.<\/p>\n<h1>St\u0159elba a All\u00e1hu Akbar, zazn\u011blo na lince. A dva v\u00fdst\u0159ely&#8230;<\/h1>\n<p><em>St\u0159ede\u010dn\u00ed z\u00e1sah na fakult\u011b v Plzni policie vy\u0161et\u0159uje jako \u0161\u00ed\u0159en\u00ed popla\u0161n\u00e9 zpr\u00e1vy. Hled\u00e1 \u010dlov\u011bka, kter\u00fd vyvolal obavy o mo\u017en\u00e9 st\u0159elb\u011b. Oznamovatel podle policie uvedl, \u017ee v Univerzitn\u00ed ulici byla sly\u0161et st\u0159elba spolu s provol\u00e1n\u00edm souslov\u00ed \u201eAll\u00e1hu Akbar\u201c (B\u016fh je velik\u00fd). Samotn\u00e9ho oznamovatele zpr\u00e1vy PR\u00dd nepodez\u00edr\u00e1. B\u011bhem ud\u00e1losti nedo\u0161lo k potvrzen\u00ed st\u0159elby ani k \u017e\u00e1dn\u00e9mu zran\u011bn\u00ed.\u00a0Univerzita dnes mimo\u0159\u00e1dn\u011b zkr\u00e1t\u00ed v\u00fduku!!<\/em><em>(Asi bude vyhodnocovat skv\u011bl\u00fd z\u00e1sah a \u00fadernost ministra Raku\u0161ana, proto\u017ee jin\u00fd d\u016fvod nen\u00ed a n\u00e1sledn\u00fd frenetick\u00fd potlesk voli\u010d\u016f)<\/em><br \/>\n<em><a href=\"https:\/\/www.idnes.cz\/plzen\/zpravy\/policie-zasah-plzen-fakulta.A241205_083414_domaci_Ichuc#utm_source=rss&amp;utm_medium=feed&amp;utm_campaign=domaci&amp;utm_content=main\" target=\"_blank\" rel=\"noopener\">ZDROJ<\/a><\/em><\/p>\n<p>Mo\u017en\u00e1 zase khaki plukovn\u00edk Folt\u00fdn vyraz\u00ed do boje, \u017ee \u017e\u00e1dn\u00e1 takov\u00e1 zpr\u00e1va se nesm\u00ed podcenit. On je toti\u017e &#8222;stra\u0161n\u011b chytr\u00fd&#8220;.<\/p>\n<p>Jenom\u017ee moudr\u00fd \u010dten\u00e1\u0159 si ihned dok\u00e1\u017ee vybavit, o \u010dem ta kritika je.<\/p>\n<p>To nen\u00ed o okam\u017eit\u00e9m z\u00e1kroku bezejmenn\u00fdch policist\u016f, kter\u00fdm asi ka\u017ed\u00fd soudn\u00fd \u010dlov\u011bk pod\u011bkuje s dopln\u011bn\u00edm: co kdyby.<\/p>\n<p>\u017de je to o idiotsk\u00e9 prezentaci maxiz\u00e1sahu v\u016fdc\u016f kolem ministra Raku\u0161ana a drama, jak\u00fdm to bylo vykl\u00e1d\u00e1no masm\u00e9dii, p\u0159edev\u0161\u00edm u\u017e na uboh\u00e9 CNN Prima News a n\u00e1sledn\u00e9 v\u00fdklady ostatn\u00edch, jak chrabr\u00fd Raku\u0161an m\u00e1lem nasadil sv\u016fj \u017eivot. Proto\u017ee bylo hned z po\u010d\u00e1tku jasn\u00e9, \u017ee z 99% je to provokace, a do hlav se vt\u00edr\u00e1 podez\u0159en\u00ed, \u017ee tu fra\u0161ku mohl zinscenovat poradce geni\u00e1ln\u00edho Petra Fialy a hv\u011bzdn\u00e9 flotily kolem Raku\u0161ana.<\/p>\n<p><strong><em>Telefon\u00e1t se nakonec uk\u00e1zal jako plan\u00fd poplach., kter\u00fd aktivoval v\u0161echny slo\u017eky bezpe\u010dnostn\u00edho syst\u00e9mu. Je zhodnocen\u00ed policie.<\/em><\/strong>Ale to 1% si nechme v z\u00e1loze, zat\u00edm d\u00e1v\u00e1me pouze podez\u0159en\u00ed, \u017ee to m\u011blo b\u00fdt vl\u00e1dn\u00ed divadlo, jak skv\u011ble pracuje policie pod ministrem Raku\u0161anem.<\/p>\n<p>Bl\u00ed\u017e\u00ed se volby&#8230;<\/p>\n<p><em><span style=\"font-size: 18pt;\"><strong>P.S.<\/strong><\/span> <strong>Policie tvrdila, \u017ee oznamovatel je D\u016eVERYHODN\u00dd a je s n\u00edm st\u00e1le ve styku. Tak uvid\u00edme, koho n\u00e1m uk\u00e1\u017e\u00ed. Proto\u017ee v\u017edy studenti maj\u00ed zkr\u00e1cenou v\u00fduku, neb jsou v psychick\u00e9m \u0161oku. Za vesel\u00e9ho povyku&#8230;<\/strong><\/em><\/p>\n<p><a href=\"https:\/\/www.skrytapravda.cz\/z-domova\/2257-zachranil-rakusan-tisice-studentu-v-plzni-nebo-to-zinscenovala-vlada-aby-odklonila-rozpoctovy-armagedon-stanjury\">Petr Pokorn\u00fd<\/a><\/p>\n<p>&nbsp;<\/p>\n<\/div>\n","protected":false},"excerpt":{"rendered":"<p>Kolik plat\u00ed vl\u00e1da na to, aby defilovala des\u00edtky hodin na televizn\u00edch obrazovk\u00e1ch ka\u017ed\u00fd den? Nen\u00ed&#8230;<\/p>\n","protected":false},"author":2,"featured_media":67550,"comment_status":"closed","ping_status":"closed","sticky":false,"template":"","format":"standard","meta":[],"categories":[6],"tags":[1503,1603,86,320],"_links":{"self":[{"href":"https:\/\/www.infokuryr.cz\/n\/wp-json\/wp\/v2\/posts\/67549"}],"collection":[{"href":"https:\/\/www.infokuryr.cz\/n\/wp-json\/wp\/v2\/posts"}],"about":[{"href":"https:\/\/www.infokuryr.cz\/n\/wp-json\/wp\/v2\/types\/post"}],"author":[{"embeddable":true,"href":"https:\/\/www.infokuryr.cz\/n\/wp-json\/wp\/v2\/users\/2"}],"replies":[{"embeddable":true,"href":"https:\/\/www.infokuryr.cz\/n\/wp-json\/wp\/v2\/comments?post=67549"}],"version-history":[{"count":0,"href":"https:\/\/www.infokuryr.cz\/n\/wp-json\/wp\/v2\/posts\/67549\/revisions"}],"wp:featuredmedia":[{"embeddable":true,"href":"https:\/\/www.infokuryr.cz\/n\/wp-json\/wp\/v2\/media\/67550"}],"wp:attachment":[{"href":"https:\/\/www.infokuryr.cz\/n\/wp-json\/wp\/v2\/media?parent=67549"}],"wp:term":[{"taxonomy":"category","embeddable":true,"href":"https:\/\/www.infokuryr.cz\/n\/wp-json\/wp\/v2\/categories?post=67549"},{"taxonomy":"post_tag","embeddable":true,"href":"https:\/\/www.infokuryr.cz\/n\/wp-json\/wp\/v2\/tags?post=67549"}],"curies":[{"name":"wp","href":"https:\/\/api.w.org\/{rel}","templated":true}]}}