{"id":67544,"date":"2024-12-06T00:45:54","date_gmt":"2024-12-05T23:45:54","guid":{"rendered":"https:\/\/www.infokuryr.cz\/n\/?p=67544"},"modified":"2024-12-05T15:39:10","modified_gmt":"2024-12-05T14:39:10","slug":"nemecko-iracky-migrant-zabil-ve-spanku-matku-deviti-deti","status":"publish","type":"post","link":"https:\/\/www.infokuryr.cz\/n\/2024\/12\/06\/nemecko-iracky-migrant-zabil-ve-spanku-matku-deviti-deti\/","title":{"rendered":"N\u011bmecko: Ir\u00e1ck\u00fd migrant zabil ve sp\u00e1nku matku dev\u00edti d\u011bt\u00ed"},"content":{"rendered":"<div id=\"fb-root\"><\/div>\n<h3 class=\"s-tagline fw-tagline\"><span>Dvaapades\u00e1tilet\u00fd Ir\u00e1\u010dan v Gelsenkirchenu se p\u0159iznal k zabit\u00ed sv\u00e9 man\u017eelky a matky dev\u00edti d\u011bt\u00ed, co\u017e vedlo k policejn\u00edmu vy\u0161et\u0159ov\u00e1n\u00ed, kter\u00e9 odhalilo, \u017ee byla ubod\u00e1na k smrti ve sp\u00e1nku<\/span><\/h3>\n<p><span>Dvaapades\u00e1tilet\u00fd ir\u00e1ck\u00fd migrant vstoupil v \u00fater\u00fd na policejn\u00ed stanici v N\u011bmecku a p\u0159iznal se, \u017ee ve sp\u00e1nku zabil svou 46letou man\u017eelku \u2013 a matku dev\u00edti d\u011bt\u00ed.<\/span><\/p>\n<p><span>Policie p\u0159isp\u011bchala na m\u00edsto ve \u010dtvrti Bulmke-H\u00fcllen v Gelsenkirchenu, ale byla p\u0159\u00edli\u0161 pozd\u011b na to, aby ji zachr\u00e1nila, a na\u0161la d\u016fkazy o brut\u00e1ln\u00edm \u00fatoku v byt\u011b rodiny.<\/span><\/p>\n<p><span>Noviny Bild\u00a0<\/span><a href=\"https:\/\/www.bild.de\/regional\/ruhrgebiet\/mord-in-gelsenkirchen-vater-von-neun-kindern-ersticht-frau-im-schlaf-6750570f03ce23009ba633e6\"><span>informovaly,<\/span><\/a><span>\u00a0\u017ee policist\u00e9 v 11:45 prorazili dve\u0159e bytu, ale z\u00e1chran\u00e1\u0159i potvrdili, \u017ee matka dev\u00edti d\u011bt\u00ed byla zbita a ubod\u00e1na k smrti.<\/span><\/p>\n<p><span>\u00da\u0159ady neuvedly \u017e\u00e1dn\u00e9 jasn\u00e9 zd\u016fvodn\u011bn\u00ed vra\u017edy, tak\u017ee soused\u00e9 nev\u011bd\u011bli, co se stalo.<\/span><\/p>\n<p><span>&#8222;Neobjevily se \u017e\u00e1dn\u00e9 zn\u00e1mky pot\u00ed\u017e\u00ed,&#8220; \u0159ekl n\u011bmeck\u00fdm m\u00e9di\u00edm jeden z obyvatel p\u011btipatrov\u00e9ho \u010din\u017eovn\u00edho domu, kter\u00fd p\u00e1r sd\u00edlel. &#8222;V\u017edycky se zd\u00e1l sv\u00e9 \u017een\u011b laskav\u00fd a \u010dasto sed\u011bli na balk\u00f3n\u011b a poslouchali hudbu,&#8220; \u0159ekl o podez\u0159el\u00e9m.<\/span><\/p>\n<p><span>P\u00e1r m\u011bl \u0161est d\u011bt\u00ed \u017eij\u00edc\u00edch v N\u011bmecku \u2013 t\u0159i syny a t\u0159i dcery \u2013 zat\u00edmco dal\u0161\u00ed t\u0159i d\u011bti z\u016fstaly \u017e\u00edt v Ir\u00e1ku. Mlad\u0161\u00ed d\u011bti jsou je\u0161t\u011b ve \u0161kole.<\/span><\/p>\n<p><span>M\u00edsto \u010dinu bylo uzav\u0159eno, proto\u017ee soudn\u00ed znalci shroma\u017e\u010fovali d\u016fkazy, a t\u011blo \u017eeny bylo p\u0159evezeno na pitvu.<\/span><\/p>\n<p><span>Vy\u0161et\u0159ovatel\u00e9 vytvo\u0159ili speci\u00e1ln\u00ed vra\u017eednou jednotku, kter\u00e1 m\u011bla odhalit motiv vra\u017edy.<\/span><\/p>\n<p><span>Prvn\u00ed zji\u0161t\u011bn\u00ed nazna\u010duj\u00ed, \u017ee \u017eena mohla b\u00fdt zabita se zl\u00fdm \u00famyslem ve sp\u00e1nku a m\u011bla n\u011bkolik bodn\u00fdch ran a zn\u00e1mky bit\u00ed.<\/span><\/p>\n<p><span>Podez\u0159el\u00fd byl ve st\u0159edu p\u0159edveden p\u0159ed soud a byl vyd\u00e1n na n\u011bj zatyka\u010d pro vra\u017edu.<\/span><\/p>\n<p><span>Vy\u0161et\u0159ov\u00e1n\u00ed prob\u00edh\u00e1.<\/span><\/p>\n<p><img decoding=\"async\" loading=\"lazy\" class=\"alignnone size-full wp-image-1185\" src=\"http:\/\/www.infokuryr.cz\/n\/wp-content\/uploads\/2021\/04\/kuryr-podpis.png\" alt=\"\" width=\"84\" height=\"24\" \/><\/p>\n<p>&nbsp;<\/p>\n","protected":false},"excerpt":{"rendered":"<p>Dvaapades\u00e1tilet\u00fd Ir\u00e1\u010dan v Gelsenkirchenu se p\u0159iznal k zabit\u00ed sv\u00e9 man\u017eelky a matky dev\u00edti d\u011bt\u00ed, co\u017e&#8230;<\/p>\n","protected":false},"author":2,"featured_media":34125,"comment_status":"closed","ping_status":"closed","sticky":false,"template":"","format":"standard","meta":[],"categories":[7],"tags":[551,84,184],"_links":{"self":[{"href":"https:\/\/www.infokuryr.cz\/n\/wp-json\/wp\/v2\/posts\/67544"}],"collection":[{"href":"https:\/\/www.infokuryr.cz\/n\/wp-json\/wp\/v2\/posts"}],"about":[{"href":"https:\/\/www.infokuryr.cz\/n\/wp-json\/wp\/v2\/types\/post"}],"author":[{"embeddable":true,"href":"https:\/\/www.infokuryr.cz\/n\/wp-json\/wp\/v2\/users\/2"}],"replies":[{"embeddable":true,"href":"https:\/\/www.infokuryr.cz\/n\/wp-json\/wp\/v2\/comments?post=67544"}],"version-history":[{"count":0,"href":"https:\/\/www.infokuryr.cz\/n\/wp-json\/wp\/v2\/posts\/67544\/revisions"}],"wp:featuredmedia":[{"embeddable":true,"href":"https:\/\/www.infokuryr.cz\/n\/wp-json\/wp\/v2\/media\/34125"}],"wp:attachment":[{"href":"https:\/\/www.infokuryr.cz\/n\/wp-json\/wp\/v2\/media?parent=67544"}],"wp:term":[{"taxonomy":"category","embeddable":true,"href":"https:\/\/www.infokuryr.cz\/n\/wp-json\/wp\/v2\/categories?post=67544"},{"taxonomy":"post_tag","embeddable":true,"href":"https:\/\/www.infokuryr.cz\/n\/wp-json\/wp\/v2\/tags?post=67544"}],"curies":[{"name":"wp","href":"https:\/\/api.w.org\/{rel}","templated":true}]}}