{"id":67541,"date":"2024-12-06T00:43:36","date_gmt":"2024-12-05T23:43:36","guid":{"rendered":"https:\/\/www.infokuryr.cz\/n\/?p=67541"},"modified":"2024-12-05T15:30:21","modified_gmt":"2024-12-05T14:30:21","slug":"komisar-eu-pro-spravedlnost-padl-kvuli-skandalu-s-pranim-spinavych-penez","status":"publish","type":"post","link":"https:\/\/www.infokuryr.cz\/n\/2024\/12\/06\/komisar-eu-pro-spravedlnost-padl-kvuli-skandalu-s-pranim-spinavych-penez\/","title":{"rendered":"Komisa\u0159 EU pro spravedlnost padl kv\u016fli skand\u00e1lu s pran\u00edm \u0161pinav\u00fdch pen\u011bz"},"content":{"rendered":"<div id=\"fb-root\"><\/div>\n<p><strong><span>Belgick\u00fd liber\u00e1ln\u00ed komisa\u0159 EU Didier Reynders se v\u017edy vykresloval jako bojovn\u00edk proti korupci. Nyn\u00ed je s\u00e1m zapleten do skand\u00e1lu s pran\u00edm \u0161pinav\u00fdch pen\u011bz. To v\u0161ak sv\u011bd\u010d\u00ed o dvoj\u00edch metrech, kter\u00e9 mezi politick\u00fdmi elitami \u2013 a to i v Evropsk\u00e9 unii \u2013 \u010dasto panuj\u00ed.<\/span><\/strong><\/p>\n<p><span>Tam sed\u00ed, velk\u00fd str\u00e1\u017ece evropsk\u00e9ho pr\u00e1vn\u00edho st\u00e1tu, a mus\u00ed b\u00fdt vyslechnut belgick\u00fdmi vy\u0161et\u0159ovateli. Ze v\u0161ech lid\u00ed stoj\u00ed Didier Reynders, kter\u00fd byl je\u0161t\u011b p\u0159ed p\u00e1r dny eurokomisa\u0159em pro spravedlnost a samozvan\u00fdm bojovn\u00edkem proti korupci (viz tak\u00e9 tweety n\u00ed\u017ee), v centru velkolep\u00e9 af\u00e9ry\u00a0<\/span><a href=\"https:\/\/www.ftm.eu\/articles\/european-commissioner-didier-reynders-investigated-for-alleged-fraud\"><span>s pran\u00edm \u0161pinav\u00fdch pen\u011bz<\/span><\/a><span>\u00a0. Ironie u\u017e nem\u016f\u017ee b\u00fdt kousav\u011bj\u0161\u00ed. Sotva v sobotu skon\u010dil jeho mand\u00e1t eurokomisa\u0159e, kdy\u017e se v \u00fater\u00fd u jeho dve\u0159\u00ed objevili vy\u0161et\u0159ovatel\u00e9. Ztr\u00e1ta imunity to umo\u017e\u0148uje. Co vy\u0161et\u0159ovatel\u00e9 hledali v jeho soukrom\u00fdch pokoj\u00edch?\u00a0<\/span><strong><span>D\u016fkaz z\u00e1ludn\u00e9ho syst\u00e9mu pran\u00ed \u0161pinav\u00fdch pen\u011bz, kter\u00fd pr\u00fd p\u011bta\u0161edes\u00e1tilet\u00fd Belgi\u010dan b\u011bhem let dovedl k dokonalosti.<\/span><\/strong><\/p>\n<p><span>Podvod zn\u00ed a\u017e p\u0159\u00edli\u0161 jednodu\u0161e, aby to byla pravda:\u00a0<\/span><strong><span>Liber\u00e1ln\u00ed politik pr\u00fd systematicky nakupoval losy za pochybn\u00e9 pen\u00edze a pot\u00e9 \u201ev\u00fdhry\u201c leg\u00e1ln\u011b p\u0159ev\u00e1d\u011bl na sv\u016fj \u00fa\u010det.<\/span><\/strong><span> Klasick\u00fd p\u0159\u00edpad pran\u00ed \u0161pinav\u00fdch pen\u011bz &#8211; p\u0159es st\u00e1tn\u00ed loterijn\u00ed spole\u010dnost, za kterou byl v letech 2007 a\u017e 2011 jako ministr financ\u00ed odpov\u011bdn\u00fd. Belgick\u00fd finan\u010dn\u00ed regul\u00e1tor CTIF-CFI hovo\u0159\u00ed o \u201epodez\u0159el\u00fdch transakc\u00edch v del\u0161\u00edm \u010dasov\u00e9m obdob\u00ed\u201c. St\u00e1le nen\u00ed jasn\u00e9, odkud poch\u00e1zej\u00ed prost\u0159edky, kter\u00e9 pr\u00fd Reynders \u201evypral\u201c. B\u00fdval\u00fd komisa\u0159 nyn\u00ed bude muset prok\u00e1zat leg\u00e1ln\u00ed p\u016fvod \u2013 to nen\u00ed snadn\u00fd \u00fakol pro n\u011bkoho, kdo po desetilet\u00ed pob\u00fdval v nejvy\u0161\u0161\u00edch patrech belgick\u00e9 a evropsk\u00e9 politiky.<\/span><\/p>\n<p><span>Zvl\u00e1\u0161t\u011b zaj\u00edmav\u00e1 je tak\u00e9 n\u00e1sleduj\u00edc\u00ed skute\u010dnost: Kdy\u017e ho Ursula von der Leyen jmenovala v roce 2019 komisa\u0159em pro spravedlnost, dala mu za \u00fakol \u201ezajistit pr\u00e1vn\u00ed st\u00e1t v na\u0161\u00ed Unii\u201c. Nyn\u00ed je z poru\u0161ov\u00e1n\u00ed z\u00e1kona podez\u0159el\u00fd samotn\u00fd str\u00e1\u017ece. P\u0159\u00edpad op\u011bt ukazuje dvoj\u00ed metr elity EU. Zat\u00edmco navenek se k\u00e1\u017ee transparentnost a integrita, uvnit\u0159 se zd\u00e1, \u017ee plat\u00ed jin\u00e1 pravidla. Reynders, kter\u00e9mu se v Belgii kv\u016fli jeho zjevn\u00e9 nedotknutelnosti p\u0159ezd\u00edv\u00e1 \u201eTeflon Didier\u201c, by tentokr\u00e1t mohl klop\u00fdtnout.<\/span><\/p>\n<p><span>Vy\u0161et\u0159ovatel\u00e9 trp\u011bliv\u011b \u010dekali, a\u017e skon\u010d\u00ed jeho mand\u00e1t komisa\u0159e. Nyn\u00ed, kdy\u017e je ochrann\u00e1 ruka imunity EU pry\u010d, se teprve uvid\u00ed, zda je na obvin\u011bn\u00edch n\u011bco pravdy. V\u011bci by mohly b\u00fdt pro dlouhodobou politickou t\u011b\u017ekou v\u00e1hu t\u011bsn\u00e9 \u2013 ve skute\u010dnosti velmi t\u011bsn\u00e9. V tom, \u017ee rozhoduj\u00edc\u00ed vod\u00edtko dala n\u00e1rodn\u00ed loterie, je jist\u00e1 ironie. N\u011bkdy p\u0159i hazardn\u00edch hr\u00e1ch prohrajete \u2013 i kdy\u017e jste si pravidla napsali sami.<\/span><\/p>\n<p><img decoding=\"async\" loading=\"lazy\" class=\"alignnone size-full wp-image-1185\" src=\"http:\/\/www.infokuryr.cz\/n\/wp-content\/uploads\/2021\/04\/kuryr-podpis.png\" alt=\"\" width=\"84\" height=\"24\" \/><\/p>\n<p>&nbsp;<\/p>\n","protected":false},"excerpt":{"rendered":"<p>Belgick\u00fd liber\u00e1ln\u00ed komisa\u0159 EU Didier Reynders se v\u017edy vykresloval jako bojovn\u00edk proti korupci. Nyn\u00ed je&#8230;<\/p>\n","protected":false},"author":2,"featured_media":67542,"comment_status":"closed","ping_status":"closed","sticky":false,"template":"","format":"standard","meta":[],"categories":[7],"tags":[41,5451,207,3926],"_links":{"self":[{"href":"https:\/\/www.infokuryr.cz\/n\/wp-json\/wp\/v2\/posts\/67541"}],"collection":[{"href":"https:\/\/www.infokuryr.cz\/n\/wp-json\/wp\/v2\/posts"}],"about":[{"href":"https:\/\/www.infokuryr.cz\/n\/wp-json\/wp\/v2\/types\/post"}],"author":[{"embeddable":true,"href":"https:\/\/www.infokuryr.cz\/n\/wp-json\/wp\/v2\/users\/2"}],"replies":[{"embeddable":true,"href":"https:\/\/www.infokuryr.cz\/n\/wp-json\/wp\/v2\/comments?post=67541"}],"version-history":[{"count":0,"href":"https:\/\/www.infokuryr.cz\/n\/wp-json\/wp\/v2\/posts\/67541\/revisions"}],"wp:featuredmedia":[{"embeddable":true,"href":"https:\/\/www.infokuryr.cz\/n\/wp-json\/wp\/v2\/media\/67542"}],"wp:attachment":[{"href":"https:\/\/www.infokuryr.cz\/n\/wp-json\/wp\/v2\/media?parent=67541"}],"wp:term":[{"taxonomy":"category","embeddable":true,"href":"https:\/\/www.infokuryr.cz\/n\/wp-json\/wp\/v2\/categories?post=67541"},{"taxonomy":"post_tag","embeddable":true,"href":"https:\/\/www.infokuryr.cz\/n\/wp-json\/wp\/v2\/tags?post=67541"}],"curies":[{"name":"wp","href":"https:\/\/api.w.org\/{rel}","templated":true}]}}