{"id":67526,"date":"2024-12-06T00:37:33","date_gmt":"2024-12-05T23:37:33","guid":{"rendered":"https:\/\/www.infokuryr.cz\/n\/?p=67526"},"modified":"2024-12-05T14:54:35","modified_gmt":"2024-12-05T13:54:35","slug":"frank-bergman-covidove-vakciny-vyzivuji-rakovinne-bunky-a-pomahaji-nadorum-odolavat-lecbe","status":"publish","type":"post","link":"https:\/\/www.infokuryr.cz\/n\/2024\/12\/06\/frank-bergman-covidove-vakciny-vyzivuji-rakovinne-bunky-a-pomahaji-nadorum-odolavat-lecbe\/","title":{"rendered":"Frank Bergman: Covidov\u00e9 \u201evakc\u00edny\u201c vy\u017eivuj\u00ed rakovinn\u00e9 bu\u0148ky a pom\u00e1haj\u00ed n\u00e1dor\u016fm odol\u00e1vat l\u00e9\u010db\u011b"},"content":{"rendered":"<div id=\"fb-root\"><\/div>\n<div class=\"elementor-element elementor-element-1fb4c2c elementor-widget elementor-widget-theme-post-content\" data-id=\"1fb4c2c\" data-element_type=\"widget\" data-widget_type=\"theme-post-content.default\">\n<div class=\"elementor-widget-container\">\n<p><span>Alarmuj\u00edc\u00ed nov\u00e1 studie zjistila, \u017ee \u201evakc\u00edny\u201c mRNA Covid vy\u017eivuj\u00ed rakovinn\u00e9 bu\u0148ky, aby p\u0159e\u017eily a staly se odoln\u011bj\u0161\u00edmi v\u016f\u010di l\u00e9\u010db\u011b, jako je chemoterapie.<\/span><\/p>\n<p><span>P\u0159edn\u00ed t\u00fdm americk\u00fdch v\u011bdc\u016f z renomovan\u00e9\u00a0<\/span><a href=\"https:\/\/www.brown.edu\/\" target=\"_blank\" rel=\"noreferrer noopener\"><span>Brown University<\/span><\/a><span>\u00a0zjistil, \u017ee spike protein z mRNA vakc\u00edn je prosp\u011b\u0161n\u00fd pro rakovinn\u00e9 bu\u0148ky.<\/span><\/p>\n<p><span>Zat\u00edmco spike protein je tak\u00e9 p\u0159\u00edtomen v SARS-CoV-2, viru odpov\u011bdn\u00e9m za COVID-19, agresivn\u00ed rakoviny za\u010daly p\u0159ib\u00fdvat a\u017e pot\u00e9, co byli lid\u00e9 o\u010dkov\u00e1ni.<\/span><\/p>\n<p><span>Podle recenzovan\u00e9 studie veden\u00e9 Dr. Wafik El-Deiry, \u0159editel Brown Legorreta Cancer Center, by spike protein mohl podporovat p\u0159e\u017eit\u00ed rakoviny.<\/span><\/p>\n<p><span>Studie\u00a0<\/span><a href=\"https:\/\/www.oncotarget.com\/article\/28582\/text\/\" target=\"_blank\" rel=\"noreferrer noopener\"><span>objevila<\/span><\/a><span>\u00a0r\u016fst d\u00edky interferenci s protirakovinn\u00fdmi aktivitami.<\/span><\/p>\n<p><span>V\u011bdci zjistili, \u017ee spike protein blokuje funkci kl\u00ed\u010dov\u00e9ho genu potla\u010duj\u00edc\u00edho rakovinu zn\u00e1m\u00e9ho jako p53.<\/span><\/p>\n<p><span>El-Deiry a jeho kolegov\u00e9 pozorovali, \u017ee rakovinn\u00e9 bu\u0148ky, kter\u00e9 se setkaly s podjednotkami spike proteinu, sni\u017euj\u00ed aktivitu p53.<\/span><\/p>\n<p><span>Zasahov\u00e1n\u00edm do p53 blokuje spike protein protein, kter\u00fd pom\u00e1h\u00e1 t\u011blu bojovat s n\u00e1dory.<\/span><\/p>\n<p><span>To umo\u017enilo rakovinn\u00fdm bu\u0148k\u00e1m vyhnout se p\u0159irozen\u00fdm obrann\u00fdm mechanism\u016fm t\u011bla proti tvorb\u011b n\u00e1dor\u016f.<\/span><\/p>\n<p><span>El-Deiry tak\u00e9 vysv\u011btlil, \u017ee interference s p53 m\u016f\u017ee podporovat jak rozvoj rakoviny, tak r\u016fst rakoviny.<\/span><\/p>\n<p><span>Studie zjistila, \u017ee spike protein obsa\u017een\u00fd v mRNA \u201evakc\u00edn\u00e1ch\u201c v podstat\u011b vy\u017eivuje rakovinn\u00e9 bu\u0148ky a podporuje rychl\u00fd r\u016fst n\u00e1dor\u016f.<\/span><\/p>\n<p><span>Studie tak\u00e9 pou\u017e\u00edvala chemoterapeutick\u00e9 l\u00e9ky, standardn\u00ed l\u00e9\u010dbu r\u016fzn\u00fdch typ\u016f rakoviny, k aktivaci gen\u016f p53.<\/span><\/p>\n<p><span>Ale m\u00edsto toho, aby zem\u0159eli, v\u011bdci zjistili, \u017ee rakovinn\u00e9 bu\u0148ky obsahuj\u00edc\u00ed podjednotky spike proteinu m\u011bly zv\u00fd\u0161enou odolnost v\u016f\u010di chemoterapii.<\/span><\/p>\n<p><span>&#8222;Vid\u011bli jsme zv\u00fd\u0161enou \u017eivotaschopnost rakovinn\u00fdch bun\u011bk v p\u0159\u00edtomnosti SARS-CoV-2 Spike S2 \u200b\u200b\u200b\u200bpodjednotky po l\u00e9\u010db\u011b r\u016fzn\u00fdmi chemoterapeutick\u00fdmi l\u00e9ky,&#8220; \u0159ekl El-Deiry.<\/span><\/p>\n<p><span>Japonsk\u00e1 studie podporuje v\u00fdsledky Brownova v\u00fdzkumu\u00a0<\/span><em><span>.<\/span><\/em><\/p>\n<p><span>Studie byla zve\u0159ejn\u011bna\u00a0<\/span><a href=\"https:\/\/www.cureus.com\/articles\/196275-increased-age-adjusted-cancer-mortality-after-the-third-mrna-lipid-nanoparticle-vaccine-dose-during-the-covid-19-pandemic-in-japan#!\/\" target=\"_blank\" rel=\"noreferrer noopener\"><span>8. dubna v l\u00e9ka\u0159sk\u00e9m \u010dasopise\u00a0<\/span><em><span>Cureus<\/span><\/em><span>\u00a0.<\/span><\/a><\/p>\n<p><span>Japon\u0161t\u00ed v\u011bdci zkoumali v\u011bkov\u011b upravenou \u00famrtnost u 20 r\u016fzn\u00fdch typ\u016f rakoviny v Japonsku.<\/span><\/p>\n<p><span>Analyzovali ofici\u00e1ln\u00ed statistiky o \u00famrt\u00edch, infekc\u00edch COVID-19 a proo\u010dkovanosti od roku 2020 do roku 2022.<\/span><\/p>\n<p><span>Studie ukazuje \u201e\u00a0<\/span><a href=\"https:\/\/www.cureus.com\/articles\/196275-increased-age-adjusted-cancer-mortality-after-the-third-mrna-lipid-nanoparticle-vaccine-dose-during-the-covid-19-pandemic-in-japan#!\/\" target=\"_blank\" rel=\"noreferrer noopener\"><span>statisticky v\u00fdznamn\u00fd n\u00e1r\u016fst<\/span><\/a><span>\u00a0\u201c \u00famrt\u00ed na rakovinu po pod\u00e1n\u00ed t\u0159et\u00ed d\u00e1vky vakc\u00edny.<\/span><\/p>\n<p><span>B\u011bhem prvn\u00edho roku pandemie v roce 202o nedo\u0161lo k \u017e\u00e1dn\u00e9 nadm\u011brn\u00e9 \u00famrtnosti na rakovinu (-0,4 procenta).<\/span><\/p>\n<p><span>V\u011bdci poznamen\u00e1vaj\u00ed, \u017ee samotn\u00fd virus nem\u00e1 \u017e\u00e1dn\u00fd vliv na v\u00fdskyt rakoviny.<\/span><\/p>\n<p><span>\u00dadaje v\u0161ak ukazuj\u00ed, \u017ee\u00a0<\/span><a href=\"https:\/\/www.theepochtimes.com\/health\/significant-increase-in-cancer-mortality-after-mass-vaccination-with-3rd-covid-dose-study-5630488\" target=\"_blank\" rel=\"noreferrer noopener\"><span>nadm\u011brn\u00e1 \u00famrtnost na rakovinu<\/span><\/a><span>\u00a0po kampan\u00edch hromadn\u00e9ho o\u010dkov\u00e1n\u00ed prvn\u00ed a druh\u00e9 d\u00e1vky v roce 2021 prudce vzrostla.<\/span><\/p>\n<p><span>V roce 2022, po zaveden\u00ed t\u0159et\u00ed d\u00e1vky vakc\u00edny, op\u011bt vzrostl po\u010det \u00famrt\u00ed na rakovinu.<\/span><\/p>\n<p><span>V roce 2022 se zv\u00fd\u0161ila nad\u00famrtnost na v\u0161echny druhy rakoviny.<\/span><\/p>\n<p><span>Zejm\u00e9na rakovina senzitivn\u00ed na estrogen a estrogenov\u00fd receptor alfa (ER\u03b1), v\u010detn\u011b rakoviny vaje\u010dn\u00edk\u016f, leuk\u00e9mie, prostaty, rtu\/or\u00e1ln\u00ed\/hltanu, slinivky a prsu, v\u0161echny prudce vzrostly.<\/span><\/p>\n<p><span>Krom\u011b rakoviny citliv\u00fdch na ER\u03b1 studie tak\u00e9 ukazuje znepokojiv\u00fd trend v \u00famrtnosti na nejsmrteln\u011bj\u0161\u00ed rakoviny \u2013 plic, tlust\u00e9ho st\u0159eva, \u017ealudku a jater.<\/span><\/p>\n<p><span>P\u0159ed zaveden\u00edm \u201evakc\u00edn s mRNA Covid\u201c m\u00edra v\u0161ech t\u011bchto rakovin klesala.<\/span><\/p>\n<p><span>Po zaveden\u00ed \u201evakc\u00edny\u201c se v\u0161ak pokles drasticky obr\u00e1til.<\/span><\/p>\n<p><span>V\u0161ech \u0161est druh\u016f rakoviny p\u0159ekro\u010dilo o\u010dek\u00e1van\u00e9 \u00farovn\u011b \u00famrtnosti v letech 2021 a 2022.<\/span><\/p>\n<p><span>Jedinou anom\u00e1li\u00ed byla rakovina slinivky, kter\u00e1 ji\u017e p\u0159ed pandemi\u00ed vykazovala st\u00e1l\u00fd vzestup.<\/span><\/p>\n<p><span>V\u011bt\u0161ina \u00famrt\u00ed souvisej\u00edc\u00edch s rakovinou se vyskytla u lid\u00ed ve v\u011bku 80 a\u017e 84 let, p\u0159i\u010dem\u017e v\u00edce ne\u017e 90 procent t\u00e9to skupiny dostalo t\u0159et\u00ed d\u00e1vku vakc\u00edny.<\/span><\/p>\n<p><span>T\u00e9m\u011b\u0159 100 procent podan\u00fdch vakc\u00edn bylo zalo\u017eeno na mRNA.<\/span><\/p>\n<p><span>Injekce mRNA poch\u00e1zely p\u0159ev\u00e1\u017en\u011b od spole\u010dnosti Pfizer (78 procent), n\u00e1sledovan\u00e9 spole\u010dnost\u00ed Moderna (22 procent).<\/span><\/p>\n<p><span>Krom\u011b toho v\u011bdci tvrdili, \u017ee i p\u0159i omezen\u00e9m screeningu rakoviny a omezen\u00e9m p\u0159\u00edstupu ke zdravotn\u00ed p\u00e9\u010di v roce 2022 je n\u00e1r\u016fst \u00famrtnosti na tyto druhy rakoviny st\u00e1le nevysv\u011btliteln\u00fd, proto\u017ee p\u0159\u00edstup ke zdravotn\u00ed p\u00e9\u010di pro screening a l\u00e9\u010dbu rakoviny byl omezen\u00fd.<\/span><\/p>\n<p><span>Odborn\u00edci ji\u017e n\u011bjakou dobu vzbuzuj\u00ed obavy ohledn\u011b souvislosti mezi injekc\u00ed mRNA a rakovinou.<\/span><\/p>\n<p><a href=\"https:\/\/slaynews.com\/news\/moderna-admits-covid-mrna-shots-cause-cancer\/\" target=\"_blank\" rel=\"noreferrer noopener\"><span>Jak ji\u017e d\u0159\u00edve uvedl<\/span><\/a><span>\u00a0Slay News\u00a0, objevily se dokumenty, kter\u00e9 ukazuj\u00ed, \u017ee Moderna v\u017edy v\u011bd\u011bla, \u017ee z\u00e1b\u011bry mRNA Covid od farmaceutick\u00e9ho giganta zp\u016fsobuj\u00ed rakovinu.<\/span><\/p>\n<p><span>Za\u010d\u00e1tkem tohoto roku p\u0159edstavil sv\u011btov\u011b uzn\u00e1van\u00fd odborn\u00edk na vakc\u00edny na sly\u0161en\u00ed v Kongresu d\u016fkazy, \u017ee Moderna v\u011bd\u011bla o souvislostech rakoviny.<\/span><\/p>\n<p><span>Dr. Robert Malone, vyn\u00e1lezce technologie vakc\u00edny mRNA, sv\u011bd\u010dil na sly\u0161en\u00ed na Capitol Hill, kter\u00e9 vedla republik\u00e1nsk\u00e1 poslankyn\u011b Marjorie Taylor Greene (R-GA).<\/span><\/p>\n<p><span>B\u011bhem sv\u00e9ho sv\u011bdectv\u00ed Malone p\u0159edstavil patent na vakc\u00ednu Covid spole\u010dnosti Moderna.<\/span><\/p>\n<p><span>Patent spole\u010dnosti Moderna ukazuje, \u017ee lahvi\u010dky s vakc\u00ednou COVID-19 obsahuj\u00ed miliardy fragment\u016f DNA.<\/span><\/p>\n<p><span>Tyto fragmenty spolu s dal\u0161\u00edmi kontaminanty byly spojov\u00e1ny s vrozen\u00fdmi vadami a rakovinou.<\/span><\/p>\n<p><span>V patentu Moderna p\u0159izn\u00e1v\u00e1, \u017ee ne\u010distoty ve vakc\u00edn\u00e1ch zp\u016fsobuj\u00ed rakovinu.<\/span><\/p>\n<p><span>&#8222;Moderna m\u00e1 patent na pou\u017eit\u00ed RNA pro vakc\u00edny,&#8220; \u0159ekl Malone na sly\u0161en\u00ed.<\/span><\/p>\n<p><span>&#8222;A v tomto patentu Moderna v\u00fdslovn\u011b uzn\u00e1v\u00e1, \u017ee RNA je lep\u0161\u00ed ne\u017e DNA pro \u00fa\u010dely o\u010dkov\u00e1n\u00ed kv\u016fli probl\u00e9m\u016fm v\u010detn\u011b mo\u017enosti inzer\u010dn\u00ed mutageneze, kter\u00e1 by mohla v\u00e9st k aktivaci onkogen\u016f nebo inaktivaci gen\u016f potla\u010duj\u00edc\u00edch n\u00e1dory.&#8220;<\/span><\/p>\n<p><span>&#8222;FDA \u0159\u00edk\u00e1, \u017ee si nen\u00ed v\u011bdom \u017e\u00e1dn\u00fdch obav, ale Moderna ve sv\u00e9m vlastn\u00edm patentu uv\u00e1d\u00ed p\u0159esn\u011b stejn\u00e9 obavy, jak\u00e9 existuj\u00ed u DNA, pokud jde o inzer\u010dn\u00ed mutagenezi a genotoxicitu.&#8220;<\/span><\/p>\n<p><span>&#8222;Tak\u017ee Moderna v\u00ed &#8211; DNA je kontaminant.&#8220;<\/span><\/p>\n<p><span>&#8222;Z\u016fstalo pozadu kv\u016fli zp\u016fsobu, jak\u00fdm to d\u011blaj\u00ed&#8230; pou\u017e\u00edvaj\u00ed DNA k v\u00fdrob\u011b RNA, a pak degraduj\u00ed DNA a pak mus\u00ed odd\u011blit degradovanou DNA od RNA.&#8220;<\/span><\/p>\n<p><span>&#8222;A proces, kter\u00fd pou\u017e\u00edvaj\u00ed, zjevn\u011b nen\u00ed tak dobr\u00fd.&#8220;<\/span><\/p>\n<div id=\"rumble_v57g37p\">\n<div id=\"vid_v57g37p\" class=\"rumble_v57g37p-Rumble-cls\" tabindex=\"-1\">\n<div class=\"bigPlayUI ctp\">\n<div class=\"bigPlayUIInner ctp\"><\/div>\n<\/div>\n<div><div class='videoWrapper'>\r\n\t            <iframe src='https:\/\/rumble.com\/embed\/pj.v57g37p\/' frameborder='0' allowfullscreen><\/iframe>\r\n\t        <\/div><\/div>\n<div><\/div>\n<\/div>\n<\/div>\n<\/div>\n<\/div>\n<div class=\"elementor-element elementor-element-8c57238 quelle dc-has-condition dc-condition-empty elementor-widget elementor-widget-heading\" data-id=\"8c57238\" data-element_type=\"widget\" data-widget_type=\"heading.default\">\n<div class=\"elementor-widget-container\">\n<h3 class=\"elementor-heading-title elementor-size-default\"><span style=\"font-size: 10pt;\"><a href=\"https:\/\/slaynews.com\/news\/covid-vaccines-feed-cancer-cells-help-tumors-resist-treatment\/\" target=\"_blank\" rel=\"nofollow noopener\">Zdroj<\/a><\/span><\/h3>\n<\/div>\n<\/div>\n","protected":false},"excerpt":{"rendered":"<p>Alarmuj\u00edc\u00ed nov\u00e1 studie zjistila, \u017ee \u201evakc\u00edny\u201c mRNA Covid vy\u017eivuj\u00ed rakovinn\u00e9 bu\u0148ky, aby p\u0159e\u017eily a staly&#8230;<\/p>\n","protected":false},"author":2,"featured_media":23391,"comment_status":"closed","ping_status":"closed","sticky":false,"template":"","format":"standard","meta":[],"categories":[7],"tags":[23,694,1366,839,651],"_links":{"self":[{"href":"https:\/\/www.infokuryr.cz\/n\/wp-json\/wp\/v2\/posts\/67526"}],"collection":[{"href":"https:\/\/www.infokuryr.cz\/n\/wp-json\/wp\/v2\/posts"}],"about":[{"href":"https:\/\/www.infokuryr.cz\/n\/wp-json\/wp\/v2\/types\/post"}],"author":[{"embeddable":true,"href":"https:\/\/www.infokuryr.cz\/n\/wp-json\/wp\/v2\/users\/2"}],"replies":[{"embeddable":true,"href":"https:\/\/www.infokuryr.cz\/n\/wp-json\/wp\/v2\/comments?post=67526"}],"version-history":[{"count":0,"href":"https:\/\/www.infokuryr.cz\/n\/wp-json\/wp\/v2\/posts\/67526\/revisions"}],"wp:featuredmedia":[{"embeddable":true,"href":"https:\/\/www.infokuryr.cz\/n\/wp-json\/wp\/v2\/media\/23391"}],"wp:attachment":[{"href":"https:\/\/www.infokuryr.cz\/n\/wp-json\/wp\/v2\/media?parent=67526"}],"wp:term":[{"taxonomy":"category","embeddable":true,"href":"https:\/\/www.infokuryr.cz\/n\/wp-json\/wp\/v2\/categories?post=67526"},{"taxonomy":"post_tag","embeddable":true,"href":"https:\/\/www.infokuryr.cz\/n\/wp-json\/wp\/v2\/tags?post=67526"}],"curies":[{"name":"wp","href":"https:\/\/api.w.org\/{rel}","templated":true}]}}