{"id":67525,"date":"2024-12-06T00:35:09","date_gmt":"2024-12-05T23:35:09","guid":{"rendered":"https:\/\/www.infokuryr.cz\/n\/?p=67525"},"modified":"2024-12-05T15:50:34","modified_gmt":"2024-12-05T14:50:34","slug":"odhaleni-mnoho-lidi-kteri-se-ucastni-proevropskych-protestu-v-gruzii-nejsou-gruzinci","status":"publish","type":"post","link":"https:\/\/www.infokuryr.cz\/n\/2024\/12\/06\/odhaleni-mnoho-lidi-kteri-se-ucastni-proevropskych-protestu-v-gruzii-nejsou-gruzinci\/","title":{"rendered":"Odhalen\u00ed: Mnoho lid\u00ed, kte\u0159\u00ed se \u00fa\u010dastn\u00ed proevropsk\u00fdch protest\u016f v Gruzii, nejsou Gruz\u00ednci"},"content":{"rendered":"<div id=\"fb-root\"><\/div>\n<p><strong>Gruz\u00ednsk\u00e1 policie pou\u017eila v \u00fater\u00fd b\u011bhem obnoven\u00fdch proevropsk\u00fdch protest\u016f v hlavn\u00edm m\u011bst\u011b Tbilisi vodn\u00ed d\u011bla a slzn\u00fd plyn. Demonstranti m\u00e1vali evropsk\u00fdmi vlajkami a h\u00e1zeli oh\u0148ostroje na budovu parlamentu.<\/strong><\/p>\n<p>Ve m\u011bst\u011b u\u017e n\u011bkolik dn\u00ed prob\u00edhaj\u00ed protesty proti rozhodnut\u00ed vl\u00e1dy pozastavit p\u0159\u00edstupov\u00e1 jedn\u00e1n\u00ed s EU a nep\u0159ijmout \u017e\u00e1dnou finan\u010dn\u00ed pomoc EU. Demonstranti se \u201eob\u00e1vaj\u00ed\u201c rostouc\u00edho vlivu Ruska na jejich zemi.<\/p>\n<p><strong><em>Molotovovy koktejly jsou h\u00e1zeny na policii v Tbilisi v Gruzii.<\/em><\/strong><\/p>\n<div class=\"twitter-tweet twitter-tweet-rendered\"><iframe id=\"twitter-widget-0\" class=\"\" title=\"X Post\" src=\"https:\/\/platform.twitter.com\/embed\/Tweet.html?dnt=false&amp;embedId=twitter-widget-0&amp;features=eyJ0ZndfdGltZWxpbmVfbGlzdCI6eyJidWNrZXQiOltdLCJ2ZXJzaW9uIjpudWxsfSwidGZ3X2ZvbGxvd2VyX2NvdW50X3N1bnNldCI6eyJidWNrZXQiOnRydWUsInZlcnNpb24iOm51bGx9LCJ0ZndfdHdlZXRfZWRpdF9iYWNrZW5kIjp7ImJ1Y2tldCI6Im9uIiwidmVyc2lvbiI6bnVsbH0sInRmd19yZWZzcmNfc2Vzc2lvbiI6eyJidWNrZXQiOiJvbiIsInZlcnNpb24iOm51bGx9LCJ0ZndfZm9zbnJfc29mdF9pbnRlcnZlbnRpb25zX2VuYWJsZWQiOnsiYnVja2V0Ijoib24iLCJ2ZXJzaW9uIjpudWxsfSwidGZ3X21peGVkX21lZGlhXzE1ODk3Ijp7ImJ1Y2tldCI6InRyZWF0bWVudCIsInZlcnNpb24iOm51bGx9LCJ0ZndfZXhwZXJpbWVudHNfY29va2llX2V4cGlyYXRpb24iOnsiYnVja2V0IjoxMjA5NjAwLCJ2ZXJzaW9uIjpudWxsfSwidGZ3X3Nob3dfYmlyZHdhdGNoX3Bpdm90c19lbmFibGVkIjp7ImJ1Y2tldCI6Im9uIiwidmVyc2lvbiI6bnVsbH0sInRmd19kdXBsaWNhdGVfc2NyaWJlc190b19zZXR0aW5ncyI6eyJidWNrZXQiOiJvbiIsInZlcnNpb24iOm51bGx9LCJ0ZndfdXNlX3Byb2ZpbGVfaW1hZ2Vfc2hhcGVfZW5hYmxlZCI6eyJidWNrZXQiOiJvbiIsInZlcnNpb24iOm51bGx9LCJ0ZndfdmlkZW9faGxzX2R5bmFtaWNfbWFuaWZlc3RzXzE1MDgyIjp7ImJ1Y2tldCI6InRydWVfYml0cmF0ZSIsInZlcnNpb24iOm51bGx9LCJ0ZndfbGVnYWN5X3RpbWVsaW5lX3N1bnNldCI6eyJidWNrZXQiOnRydWUsInZlcnNpb24iOm51bGx9LCJ0ZndfdHdlZXRfZWRpdF9mcm9udGVuZCI6eyJidWNrZXQiOiJvbiIsInZlcnNpb24iOm51bGx9fQ%3D%3D&amp;frame=false&amp;hideCard=false&amp;hideThread=false&amp;id=1863323929911132246&amp;lang=de&amp;origin=https%3A%2F%2Funcutnews.ch%2Fviele-menschen-die-an-den-proeuropaeischen-protesten-in-georgien-teilnehmen-stammen-nicht-aus-georgien%2F&amp;sessionId=475554c122be8ed518125e66cdbddc98f6edfe75&amp;theme=light&amp;widgetsVersion=2615f7e52b7e0%3A1702314776716&amp;width=550px\" frameborder=\"0\" scrolling=\"no\" allowfullscreen=\"allowfullscreen\" data-tweet-id=\"1863323929911132246\" data-mce-fragment=\"1\"><\/iframe><\/div>\n<p>Parlamentn\u00ed volby v \u0159\u00edjnu vyhr\u00e1la strana Gruz\u00ednsk\u00fd sen, kter\u00e1 pos\u00edlila vztahy s Ruskem. Proz\u00e1padn\u00ed opozice stranu vin\u00ed z v\u00edt\u011bzstv\u00ed ve volb\u00e1ch podvodem.<\/p>\n<p>V\u016fdce strany Gruz\u00ednsk\u00fd sen Mamuka Mdinaradze\u00a0<a href=\"https:\/\/tass.com\/world\/1881423\" target=\"_blank\" rel=\"noreferrer noopener\" data-type=\"link\" data-id=\"https:\/\/tass.com\/world\/1881423\">uvedl<\/a>\u00a0, \u017ee t\u00e9m\u011b\u0159 t\u0159etina \u00fa\u010dastn\u00edk\u016f protest\u016f v Tbilisi nebyla z Gruzie:<\/p>\n<p>\u201eT\u0159icet procent lid\u00ed identifikovan\u00fdch p\u0159i protestech v Tbilisi poch\u00e1z\u00ed z jin\u00fdch zem\u00ed. co se to tu d\u011bje? M\u016f\u017ee n\u00e1m n\u011bkdo vysv\u011btlit tuto podivnost?&#8220;<\/p>\n<p>Premi\u00e9r Ir\u00e1\u010dan Kobachidze obvinil EU z opakovan\u00e9ho vyd\u00edr\u00e1n\u00ed Gruzie. EU nap\u0159\u00edklad sl\u00edbila, \u017ee zah\u00e1j\u00ed p\u0159\u00edstupov\u00e1 jedn\u00e1n\u00ed, pokud Tbilisi zru\u0161\u00ed n\u011bkter\u00e9 z\u00e1kony, uvedl premi\u00e9r.<\/p>\n<p><strong><em>Evrop\u0161t\u00ed byrokrat\u00e9 jsou v Gruzii, aby provedli pu\u010d proti zvolen\u00e9 vl\u00e1d\u011b. A v\u0161ichni mluv\u00ed anglicky. Neobvykl\u00fd.<\/em><\/strong><\/p>\n<div class=\"twitter-tweet twitter-tweet-rendered\"><iframe id=\"twitter-widget-1\" class=\"\" title=\"X Post\" src=\"https:\/\/platform.twitter.com\/embed\/Tweet.html?dnt=false&amp;embedId=twitter-widget-1&amp;features=eyJ0ZndfdGltZWxpbmVfbGlzdCI6eyJidWNrZXQiOltdLCJ2ZXJzaW9uIjpudWxsfSwidGZ3X2ZvbGxvd2VyX2NvdW50X3N1bnNldCI6eyJidWNrZXQiOnRydWUsInZlcnNpb24iOm51bGx9LCJ0ZndfdHdlZXRfZWRpdF9iYWNrZW5kIjp7ImJ1Y2tldCI6Im9uIiwidmVyc2lvbiI6bnVsbH0sInRmd19yZWZzcmNfc2Vzc2lvbiI6eyJidWNrZXQiOiJvbiIsInZlcnNpb24iOm51bGx9LCJ0ZndfZm9zbnJfc29mdF9pbnRlcnZlbnRpb25zX2VuYWJsZWQiOnsiYnVja2V0Ijoib24iLCJ2ZXJzaW9uIjpudWxsfSwidGZ3X21peGVkX21lZGlhXzE1ODk3Ijp7ImJ1Y2tldCI6InRyZWF0bWVudCIsInZlcnNpb24iOm51bGx9LCJ0ZndfZXhwZXJpbWVudHNfY29va2llX2V4cGlyYXRpb24iOnsiYnVja2V0IjoxMjA5NjAwLCJ2ZXJzaW9uIjpudWxsfSwidGZ3X3Nob3dfYmlyZHdhdGNoX3Bpdm90c19lbmFibGVkIjp7ImJ1Y2tldCI6Im9uIiwidmVyc2lvbiI6bnVsbH0sInRmd19kdXBsaWNhdGVfc2NyaWJlc190b19zZXR0aW5ncyI6eyJidWNrZXQiOiJvbiIsInZlcnNpb24iOm51bGx9LCJ0ZndfdXNlX3Byb2ZpbGVfaW1hZ2Vfc2hhcGVfZW5hYmxlZCI6eyJidWNrZXQiOiJvbiIsInZlcnNpb24iOm51bGx9LCJ0ZndfdmlkZW9faGxzX2R5bmFtaWNfbWFuaWZlc3RzXzE1MDgyIjp7ImJ1Y2tldCI6InRydWVfYml0cmF0ZSIsInZlcnNpb24iOm51bGx9LCJ0ZndfbGVnYWN5X3RpbWVsaW5lX3N1bnNldCI6eyJidWNrZXQiOnRydWUsInZlcnNpb24iOm51bGx9LCJ0ZndfdHdlZXRfZWRpdF9mcm9udGVuZCI6eyJidWNrZXQiOiJvbiIsInZlcnNpb24iOm51bGx9fQ%3D%3D&amp;frame=false&amp;hideCard=false&amp;hideThread=false&amp;id=1863877340343701775&amp;lang=de&amp;origin=https%3A%2F%2Funcutnews.ch%2Fviele-menschen-die-an-den-proeuropaeischen-protesten-in-georgien-teilnehmen-stammen-nicht-aus-georgien%2F&amp;sessionId=475554c122be8ed518125e66cdbddc98f6edfe75&amp;theme=light&amp;widgetsVersion=2615f7e52b7e0%3A1702314776716&amp;width=550px\" frameborder=\"0\" scrolling=\"no\" allowfullscreen=\"allowfullscreen\" data-tweet-id=\"1863877340343701775\" data-mce-fragment=\"1\"><\/iframe><\/div>\n<p>\u010clov\u011bk si klade ot\u00e1zku: <strong>\u201ePro\u010d jsou lid\u00e9, kte\u0159\u00ed za\u00fato\u010dili na Kapitol USA, zobrazov\u00e1ni jako zl\u00ed, zat\u00edmco ti, kte\u0159\u00ed se opakovan\u011b pokou\u0161eli vyp\u00e1lit a za\u00fato\u010dit na parlament v Gruzii, jsou oslavov\u00e1ni jako hrdinov\u00e9 demokracie?<\/strong><\/p>\n<p>Police zve\u0159ejnila, \u017ee v\u00edce jak 50% zadr\u017een\u00fdch p\u0159i protestech v Gruzii, jsou ciz\u00ed st\u00e1tn\u00ed p\u0159\u00edslu\u0161n\u00edci. Tato skute\u010dnost o n\u011b\u010dem vypov\u00edd\u00e1!<\/p>\n<p><img decoding=\"async\" loading=\"lazy\" class=\"alignnone size-full wp-image-1185\" src=\"http:\/\/www.infokuryr.cz\/n\/wp-content\/uploads\/2021\/04\/kuryr-podpis.png\" alt=\"\" width=\"84\" height=\"24\" \/><\/p>\n<p>&nbsp;<\/p>\n<p>&nbsp;<\/p>\n","protected":false},"excerpt":{"rendered":"<p>Gruz\u00ednsk\u00e1 policie pou\u017eila v \u00fater\u00fd b\u011bhem obnoven\u00fdch proevropsk\u00fdch protest\u016f v hlavn\u00edm m\u011bst\u011b Tbilisi vodn\u00ed d\u011bla&#8230;<\/p>\n","protected":false},"author":2,"featured_media":67273,"comment_status":"closed","ping_status":"closed","sticky":false,"template":"","format":"standard","meta":[],"categories":[7],"tags":[1297,381,95],"_links":{"self":[{"href":"https:\/\/www.infokuryr.cz\/n\/wp-json\/wp\/v2\/posts\/67525"}],"collection":[{"href":"https:\/\/www.infokuryr.cz\/n\/wp-json\/wp\/v2\/posts"}],"about":[{"href":"https:\/\/www.infokuryr.cz\/n\/wp-json\/wp\/v2\/types\/post"}],"author":[{"embeddable":true,"href":"https:\/\/www.infokuryr.cz\/n\/wp-json\/wp\/v2\/users\/2"}],"replies":[{"embeddable":true,"href":"https:\/\/www.infokuryr.cz\/n\/wp-json\/wp\/v2\/comments?post=67525"}],"version-history":[{"count":0,"href":"https:\/\/www.infokuryr.cz\/n\/wp-json\/wp\/v2\/posts\/67525\/revisions"}],"wp:featuredmedia":[{"embeddable":true,"href":"https:\/\/www.infokuryr.cz\/n\/wp-json\/wp\/v2\/media\/67273"}],"wp:attachment":[{"href":"https:\/\/www.infokuryr.cz\/n\/wp-json\/wp\/v2\/media?parent=67525"}],"wp:term":[{"taxonomy":"category","embeddable":true,"href":"https:\/\/www.infokuryr.cz\/n\/wp-json\/wp\/v2\/categories?post=67525"},{"taxonomy":"post_tag","embeddable":true,"href":"https:\/\/www.infokuryr.cz\/n\/wp-json\/wp\/v2\/tags?post=67525"}],"curies":[{"name":"wp","href":"https:\/\/api.w.org\/{rel}","templated":true}]}}