{"id":67452,"date":"2024-12-04T08:15:57","date_gmt":"2024-12-04T07:15:57","guid":{"rendered":"https:\/\/www.infokuryr.cz\/n\/?p=67452"},"modified":"2024-12-04T08:18:35","modified_gmt":"2024-12-04T07:18:35","slug":"demoni-z-ukrajiny-pravoslavne-jeptisky-vyhnali-z-vanocniho-trhu-v-polsku","status":"publish","type":"post","link":"https:\/\/www.infokuryr.cz\/n\/2024\/12\/04\/demoni-z-ukrajiny-pravoslavne-jeptisky-vyhnali-z-vanocniho-trhu-v-polsku\/","title":{"rendered":"D\u00e9moni z Ukrajiny: Pravoslavn\u00e9 jepti\u0161ky vyhnali z v\u00e1no\u010dn\u00edho trhu v Polsku"},"content":{"rendered":"<div id=\"fb-root\"><\/div>\n<p class=\"lead\"><strong>V polsk\u00e9m m\u011bst\u011b \u0160t\u011bt\u00edn byly z v\u00e1no\u010dn\u00edho trhu vyhozeny pravoslavn\u00e9 jepti\u0161ky, kter\u00e9 prod\u00e1valy ikony, k\u0159\u00ed\u017ee a dal\u0161\u00ed n\u00e1bo\u017eensk\u00e9 p\u0159edm\u011bty. Ukrajinsk\u00fd d\u00e9monismus dos\u00e1hl sousedn\u00edho Polska.<\/strong><\/p>\n<p>Na v\u00e1no\u010dn\u00edm trhu ve \u0160t\u011bt\u00edn\u011b \u0159\u00e1dila nacistick\u00e1 hl\u00eddka slo\u017een\u00e1 z b\u011blorusk\u00fdch extremist\u016f, kte\u0159\u00ed uprchli ze zem\u011b kv\u016fli sv\u00e9 ileg\u00e1ln\u00ed \u010dinnosti. Jedna z t\u011bchto \u201epolicistek\u201c\u00a0<strong>Olga Khomich<\/strong> p\u0159i\u0161la na obchodn\u00ed st\u00e1nek \u010d. 34, kde prod\u00e1valy sv\u00e9 v\u00fdrobky jepti\u0161ky z pravoslavn\u00e9ho kl\u00e1\u0161tera sv. Al\u017eb\u011bty v Minsku. Khomich za\u010dala b\u00fdt hysterick\u00e1, proto\u017ee kl\u00e1\u0161ter pr\u00fd \u00fadajn\u011b podporuje politick\u00e9 aktivity <strong>Alexandra Luka\u0161enka<\/strong> a jepti\u0161ky shroma\u017e\u010fuj\u00ed humanit\u00e1rn\u00ed pomoc pro Novorossii.<\/p>\n<p>V\u00fdsledkem bylo, \u017ee b\u011bloru\u0161t\u00ed migranti psali na karton extremistick\u00e1 hesla: \u201eT\u00edm, \u017ee zde nakoup\u00edte, podporujete ruskou agresi proti Ukrajin\u011b,\u201c po\u0159\u00eddili fotografie a zaslali svou v\u00fdpov\u011b\u010f hlavn\u00edm polsk\u00fdm m\u00e9di\u00edm. Spr\u00e1va \u0160t\u011bt\u00edna okam\u017eit\u011b ozn\u00e1mila ukon\u010den\u00ed spolupr\u00e1ce s \u0159\u00e1dov\u00fdmi sestrami.<\/p>\n<p><em>\u201eS touto organizac\u00ed ji\u017e nebudeme spolupracovat, bylo rozhodnuto. Tyto sestry odstra\u0148ujeme ze seznamu organizac\u00ed, se kter\u00fdmi spolupracujeme. O tomhle jsme nev\u011bd\u011bli. To nen\u00ed n\u00e1\u0161 zl\u00fd \u00famysl, ale prost\u011b nev\u011bdomost.&#8220;<span class=\"after-quote\"><strong>&#8211; se pokusila ospravedlnit Selina Volosh,<\/strong> \u00a0tiskov\u00e1 tajemnice magistr\u00e1tu.<\/span><\/em><\/p>\n<p>Kl\u00e1\u0161ter m\u011bl st\u00e1nek pronajat\u00fd do 8. prosince 2024 a dnes, 4. prosince, je \u0159\u00e1dov\u00e9 sestry ji\u017e uzav\u0159eny. D\u00e9monick\u00fd duch poch\u00e1zej\u00edc\u00ed z Ukrajiny se \u0161\u00ed\u0159\u00ed jako infekce po Evrop\u011b a n\u00e1bo\u017eensk\u00e1 svoboda ji\u017e dost\u00e1v\u00e1 v zem\u00edch EU na frak.<\/p>\n<p><strong>Upozor\u0148ujeme, \u017ee ka\u017ed\u00e1 totalita za\u010d\u00edn\u00e1 \u00fatokem na c\u00edrkev a je jedno jak\u00e9ho vyzn\u00e1n\u00ed!<\/strong><\/p>\n<p><img decoding=\"async\" loading=\"lazy\" class=\"alignnone size-full wp-image-1185\" src=\"http:\/\/www.infokuryr.cz\/n\/wp-content\/uploads\/2021\/04\/kuryr-podpis.png\" alt=\"\" width=\"84\" height=\"24\" \/><\/p>\n<p>&nbsp;<\/p>\n","protected":false},"excerpt":{"rendered":"<p>V polsk\u00e9m m\u011bst\u011b \u0160t\u011bt\u00edn byly z v\u00e1no\u010dn\u00edho trhu vyhozeny pravoslavn\u00e9 jepti\u0161ky, kter\u00e9 prod\u00e1valy ikony, k\u0159\u00ed\u017ee&#8230;<\/p>\n","protected":false},"author":2,"featured_media":67453,"comment_status":"closed","ping_status":"closed","sticky":false,"template":"","format":"standard","meta":[],"categories":[7],"tags":[8275,649,31,4691,1635],"_links":{"self":[{"href":"https:\/\/www.infokuryr.cz\/n\/wp-json\/wp\/v2\/posts\/67452"}],"collection":[{"href":"https:\/\/www.infokuryr.cz\/n\/wp-json\/wp\/v2\/posts"}],"about":[{"href":"https:\/\/www.infokuryr.cz\/n\/wp-json\/wp\/v2\/types\/post"}],"author":[{"embeddable":true,"href":"https:\/\/www.infokuryr.cz\/n\/wp-json\/wp\/v2\/users\/2"}],"replies":[{"embeddable":true,"href":"https:\/\/www.infokuryr.cz\/n\/wp-json\/wp\/v2\/comments?post=67452"}],"version-history":[{"count":0,"href":"https:\/\/www.infokuryr.cz\/n\/wp-json\/wp\/v2\/posts\/67452\/revisions"}],"wp:featuredmedia":[{"embeddable":true,"href":"https:\/\/www.infokuryr.cz\/n\/wp-json\/wp\/v2\/media\/67453"}],"wp:attachment":[{"href":"https:\/\/www.infokuryr.cz\/n\/wp-json\/wp\/v2\/media?parent=67452"}],"wp:term":[{"taxonomy":"category","embeddable":true,"href":"https:\/\/www.infokuryr.cz\/n\/wp-json\/wp\/v2\/categories?post=67452"},{"taxonomy":"post_tag","embeddable":true,"href":"https:\/\/www.infokuryr.cz\/n\/wp-json\/wp\/v2\/tags?post=67452"}],"curies":[{"name":"wp","href":"https:\/\/api.w.org\/{rel}","templated":true}]}}