{"id":67423,"date":"2024-12-04T00:30:13","date_gmt":"2024-12-03T23:30:13","guid":{"rendered":"https:\/\/www.infokuryr.cz\/n\/?p=67423"},"modified":"2024-12-03T17:57:40","modified_gmt":"2024-12-03T16:57:40","slug":"erik-best-babisuv-mocensky-tah","status":"publish","type":"post","link":"https:\/\/www.infokuryr.cz\/n\/2024\/12\/04\/erik-best-babisuv-mocensky-tah\/","title":{"rendered":"Erik Best: Babi\u0161\u016fv mocensk\u00fd tah"},"content":{"rendered":"<div id=\"fb-root\"><\/div>\n<p>A\u010dkoliv premi\u00e9r Petr Fiala ned\u00e1vno \u0159ekl, \u017ee ho nem\u016f\u017ee urazit n\u011bkdo jako Andrej Babi\u0161, kter\u00fd\u00a0<a href=\"https:\/\/www.blesk.cz\/clanek\/zpravy-politika\/800384\/fiala-ostre-babis-nedokaze-rict-ctyri-vety-co-davaji-smysl-sef-ano-tasil-bajivou-lhavost.html\" target=\"_blank\" rel=\"noopener\">nedok\u00e1\u017ee \u0159\u00edct \u010dty\u0159i v\u011bty po sob\u011b<\/a>, kter\u00e9 d\u00e1vaj\u00ed smysl, realita je takov\u00e1, \u017ee pro Babi\u0161e jsou jeho \u010dasto z\u00e1hadn\u00e1 slova n\u011bkdy v\u00fdhodou.<\/p>\n<p>Ten\u00a0<a href=\"https:\/\/www.facebook.com\/AndrejBabis\/posts\/pfbid0B8us9o5TiddKqxx9ADMCVosnEWARDfWeAd4gqgCPmFsgvWJ4H1PcR2Gwina8BUkql?locale=cs_CZ\" target=\"_blank\" rel=\"noopener\">v\u010dera ozn\u00e1mil<\/a>, \u017ee rozpust\u00ed jeden ze sv\u011b\u0159ensk\u00fdch fond\u016f, kter\u00fd vlastn\u00ed Agrofert, jako zp\u016fsob, jak si \u201euspo\u0159\u00e1dat v\u011bci do budoucna s\u00a0ohledem na svou rodinu, kdyby se mi t\u0159eba m\u011blo n\u011bco st\u00e1t\u201c. Dodal: \u201ePokud p\u0159\u00ed\u0161t\u00ed rok usp\u011bjeme ve volb\u00e1ch a\u00a0budu sestavovat vl\u00e1du, u\u017e bych to nemohl ud\u011blat\u201c. To vedlo k\u00a0nejr\u016fzn\u011bj\u0161\u00edm spekulac\u00edm o\u00a0skute\u010dn\u00e9m v\u00fdznamu.<\/p>\n<p>Pl\u00e1nuje snad Babi\u0161 reorganizaci Agrofertu? Opust\u00ed politiku a\u00a0vr\u00e1t\u00ed se k\u00a0podnik\u00e1n\u00ed? P\u0159ed\u00e1 byznys sv\u00fdm d\u011btem? Cokoliv z\u00a0toho by se v\u0161ak dalo ud\u011blat v\u00a0r\u00e1mci sou\u010dasn\u00e9 struktury sv\u011b\u0159ensk\u00fdch fond\u016f. No\u010dn\u00ed m\u016frou pro Babi\u0161ovy politick\u00e9 rivaly by byl sc\u00e9n\u00e1\u0159, kdyby se rozhodl Agrofertu do voleb vzd\u00e1t a\u00a0inkasovat za n\u011bj mnohamiliardovou \u010d\u00e1stku v\u00a0eurech. To by ho zbavilo jak\u00fdchkoli p\u00e1k, kter\u00e9 na n\u011bj Evropsk\u00e1 unie m\u00e1, a\u00a0umo\u017enilo mu tak soust\u0159edit se na kumulaci moci. Ale kdo v\u00ed, jak to Babi\u0161 ve skute\u010dnosti myslel.<\/p>\n<p><a href=\"https:\/\/www.fsfinalword.cz\/?page=archive&amp;day=2024-12-03&amp;utm_source=utm_source%3Dnewsletter&amp;utm_medium=utm_medium%3De-mail&amp;utm_campaign=utm_campaign%3Dfinal_word_3.12.2024\">Erik Best<\/a><\/p>\n<p><img decoding=\"async\" loading=\"lazy\" class=\"alignnone wp-image-1179\" src=\"http:\/\/www.infokuryr.cz\/n\/wp-content\/uploads\/2021\/04\/erik-best.jpg\" alt=\"\" width=\"118\" height=\"133\" \/><\/p>\n<p>&nbsp;<\/p>\n","protected":false},"excerpt":{"rendered":"<p>A\u010dkoliv premi\u00e9r Petr Fiala ned\u00e1vno \u0159ekl, \u017ee ho nem\u016f\u017ee urazit n\u011bkdo jako Andrej Babi\u0161, kter\u00fd\u00a0nedok\u00e1\u017ee&#8230;<\/p>\n","protected":false},"author":2,"featured_media":1032,"comment_status":"closed","ping_status":"closed","sticky":false,"template":"","format":"standard","meta":[],"categories":[6],"tags":[127,126,122,8272],"_links":{"self":[{"href":"https:\/\/www.infokuryr.cz\/n\/wp-json\/wp\/v2\/posts\/67423"}],"collection":[{"href":"https:\/\/www.infokuryr.cz\/n\/wp-json\/wp\/v2\/posts"}],"about":[{"href":"https:\/\/www.infokuryr.cz\/n\/wp-json\/wp\/v2\/types\/post"}],"author":[{"embeddable":true,"href":"https:\/\/www.infokuryr.cz\/n\/wp-json\/wp\/v2\/users\/2"}],"replies":[{"embeddable":true,"href":"https:\/\/www.infokuryr.cz\/n\/wp-json\/wp\/v2\/comments?post=67423"}],"version-history":[{"count":0,"href":"https:\/\/www.infokuryr.cz\/n\/wp-json\/wp\/v2\/posts\/67423\/revisions"}],"wp:featuredmedia":[{"embeddable":true,"href":"https:\/\/www.infokuryr.cz\/n\/wp-json\/wp\/v2\/media\/1032"}],"wp:attachment":[{"href":"https:\/\/www.infokuryr.cz\/n\/wp-json\/wp\/v2\/media?parent=67423"}],"wp:term":[{"taxonomy":"category","embeddable":true,"href":"https:\/\/www.infokuryr.cz\/n\/wp-json\/wp\/v2\/categories?post=67423"},{"taxonomy":"post_tag","embeddable":true,"href":"https:\/\/www.infokuryr.cz\/n\/wp-json\/wp\/v2\/tags?post=67423"}],"curies":[{"name":"wp","href":"https:\/\/api.w.org\/{rel}","templated":true}]}}