{"id":67383,"date":"2024-12-03T06:28:20","date_gmt":"2024-12-03T05:28:20","guid":{"rendered":"https:\/\/www.infokuryr.cz\/n\/?p=67383"},"modified":"2024-12-03T06:28:20","modified_gmt":"2024-12-03T05:28:20","slug":"zelensky-priznal-v-rozhovoru-ze-ukrajinska-armada-jiz-nema-silu-dal-bojovat","status":"publish","type":"post","link":"https:\/\/www.infokuryr.cz\/n\/2024\/12\/03\/zelensky-priznal-v-rozhovoru-ze-ukrajinska-armada-jiz-nema-silu-dal-bojovat\/","title":{"rendered":"Zelensk\u00fd p\u0159iznal v rozhovoru, \u017ee ukrajinsk\u00e1 arm\u00e1da ji\u017e nem\u00e1 s\u00edlu d\u00e1l bojovat&#8230;"},"content":{"rendered":"<div id=\"fb-root\"><\/div>\n<h4>Zelensk\u00fd p\u0159iznal v rozhovoru, \u017ee ukrajinsk\u00e1 arm\u00e1da ji\u017e nem\u00e1 s\u00edlu d\u00e1l bojovat, a proto je t\u0159eba zah\u00e1jit diplomatick\u00e1 jedn\u00e1n\u00ed k ukon\u010den\u00ed v\u00e1lky! Polsk\u00fd think-tank uve\u0159ejnil doned\u00e1vna tajn\u00fd m\u00edrov\u00fd pl\u00e1n Trumpova emisara pro Ukrajinu! Pl\u00e1n bude daleko v\u00edce vyhovovat Rus\u016fm, i kdy\u017e ti ho podle v\u0161eho smetou pod st\u016fl, proto\u017ee ne\u0159e\u0161\u00ed Rusku hlavn\u00ed c\u00edle SVO na Ukrajin\u011b!<\/h4>\n<p>V\u00e1lka na Ukrajin\u011b u\u017e d\u00e1vno nen\u00ed v\u00e1lkou o Ukrajin\u011b, ale o osudu kolektivn\u00edho Z\u00e1padu v nov\u00e9m sv\u011btov\u00e9m \u0159\u00e1du, kter\u00fd pod kontrolou glob\u00e1ln\u00edho prediktora ukotvuje Rusko na 6. priorit\u011b a \u010c\u00edna de facto na v\u0161ech vy\u0161\u0161\u00edch priorit\u00e1ch. Z\u00e1padn\u00ed elity ji\u017e v\u011bd\u00ed, \u017ee jejich \u010das je spo\u010d\u00edt\u00e1n a z\u00e1hadn\u00e9 \u00famrt\u00ed jednoho z \u010dlen\u016f rozv\u011btven\u00e9 Rothschildovy rodiny v Kalifornii\u00a0<strong>[<a href=\"https:\/\/aeronet.news\/v-hollywoodu-ve-svem-dome-uhorel-jeden-z-clenu-rothschildovy-rodiny-zchatraly-dum-s-obrovskou-sbirkou-nejdrazsich-aut-na-svete-zachvatil-pozar-ve-kterem-zahynul-william-rothschild\/\">1<\/a>]<\/strong>\u00a0pouze potvrzuje, \u017ee se doopravdy po\u010d\u00edt\u00e1 se v\u0161emi alternativami rozpadu z\u00e1padn\u00edho sv\u011bta a p\u0159edev\u0161\u00edm pov\u00e1le\u010dn\u00e9ho \u0159\u00e1du\u00a0<em>Pax Americana<\/em>\u00a0postaven\u00e9ho a op\u0159en\u00e9ho o pozici fosiln\u00edho a ropn\u00e9ho petrodolaru ve sv\u011bt\u011b.<\/p>\n<p>A to v\u010detn\u011b hrozby ob\u010dansk\u00fdch v\u00e1lek, zn\u00e1rod\u0148ov\u00e1n\u00ed majetk\u016f doned\u00e1vna nedotknuteln\u00fdch Rothschild\u016f, jako kdysi po n\u00e1stupu Stalina k moci v SSSR, tak\u017ee procesy \u0159\u00edzen\u00ed z\u00e1padn\u00edch elit jsou te\u010f nastaveny do dvou pl\u00e1n\u016f, kter\u00e9 si v tomto \u010dl\u00e1nku a zav\u010das mus\u00edme probrat. Rusk\u00e1 arm\u00e1da je toti\u017e nezastaviteln\u00e1 v t\u00e9to chv\u00edli, a tak se otev\u00edraj\u00ed dva sc\u00e9n\u00e1\u0159e a pl\u00e1ny. A oba dva pl\u00e1ny toti\u017e ji\u017e brzy uvid\u00edme na vlastn\u00ed o\u010di.<\/p>\n<p>&nbsp;<\/p>\n<div id=\"rumble_v5t1xtn\">\n<div id=\"vid_v5t1xtn\" class=\"rumble_v5t1xtn-Rumble-cls\" tabindex=\"-1\">\n<div class=\"bigPlayUI ctp\"><div class='videoWrapper'>\r\n\t            <iframe src='https:\/\/rumble.com\/embed\/pj.v5t1xtn\/' frameborder='0' allowfullscreen><\/iframe>\r\n\t        <\/div><\/p>\n<div class=\"bigPlayUIInner ctp\"><\/div>\n<\/div>\n<\/div>\n<\/div>\n<p>&nbsp;<\/p>\n<p><strong>Prvn\u00edm pl\u00e1nem je n\u011bco, co by se dalo nazvat\u00a0<em>Pl\u00e1nem mafi\u00e1n\u016f<\/em>, a to vzhledem k charakteru tohoto pl\u00e1nu zalo\u017een\u00e9m na vyd\u00edr\u00e1n\u00ed obou v\u00e1l\u010d\u00edc\u00edch stran<\/strong>, kter\u00fd od ozna\u010den\u00ed \u201cm\u00edrov\u00fd\u201d m\u00e1 opravdu tak daleko, jak daleko to jen m\u016f\u017ee b\u00fdt. Zelensk\u00fd o tomto pl\u00e1nu v Kyjev\u011b mluvil\u00a0<strong>[<a href=\"https:\/\/href.li\/?https:\/\/www.newsweek.com\/ukraine-volodymyr-zelensky-russia-diplomacy-1994190\" target=\"_blank\" rel=\"nofollow noopener\">2<\/a>]<\/strong>\u00a0v rozhovoru pro japonskou tiskovou agenturu Kyodo a p\u0159iznal, \u017ee Ukrajina ji\u017e nem\u00e1 s\u00edlu na v\u00e1lku a mus\u00ed se nastolit diplomacie.<\/p>\n<p>Tento pl\u00e1n je v m\u00e9di\u00edch \u010dasto ozna\u010dov\u00e1n jako\u00a0<em>Trump\u016fv m\u00edrov\u00fd pl\u00e1n<\/em>, p\u0159esto\u017ee to nen\u00ed jeho pl\u00e1n, nebo\u0165 na jeho tvorb\u011b se pod\u00edlela dvojice Trumpov\u00fdch poradc\u016f a b\u00fdval\u00fdch \u010dlen\u016f jeho poradn\u00edho t\u00fdmu z dob jeho prvn\u00edho prezidentov\u00e1n\u00ed. Pl\u00e1n vymysleli Keith Kellogg, sou\u010dasn\u00fd emisar Donalda Trumpa pro ot\u00e1zky Ukrajiny, a b\u00fdval\u00fd analytik CIA Fred Fleitz. Tito dva jsou autory pl\u00e1nu, kter\u00fd byl dosud utajen\u00fd, ale polsk\u00fd\u00a0<em>think-tank<\/em>\u00a0OSW \u2013 Centrum v\u00fdchodn\u00edch studi\u00ed (<em>O\u015brodek Studi\u00f3w Wschodnich<\/em>) k n\u011bmu dostal p\u0159\u00edstup a v pond\u011bl\u00ed jej publikoval\u00a0<strong>[<a href=\"https:\/\/href.li\/?https:\/\/www.osw.waw.pl\/sites\/default\/files\/OSW-Report_Winning%20the%20war%20with%20Russia%20is%20still%20possible_net.pdf\" target=\"_blank\" rel=\"nofollow noopener\">3<\/a>]<\/strong>\u00a0v dokumentu na sv\u00fdch str\u00e1nk\u00e1ch, z n\u011bho\u017e si nyn\u00ed cel\u00fd pl\u00e1n ocitujeme:<\/p>\n<h4><span style=\"font-size: 18pt;\">\u201eKellogg\u016fv pl\u00e1n\u201c pro Ukrajinu<\/span><\/h4>\n<p>N\u00e1vrh na \u0159e\u0161en\u00ed rusko-ukrajinsk\u00e9ho konfliktu, jeho\u017e autory jsou Keith Kellogg a Fred Fleitz, zahrnuje n\u00e1sleduj\u00edc\u00ed opat\u0159en\u00ed a r\u00e1mec jedn\u00e1n\u00ed:<\/p>\n<p><strong>1. Ukon\u010den\u00ed politick\u00e9 izolace Ruska, nav\u00e1z\u00e1n\u00ed diplomatick\u00fdch kontakt\u016f s Moskvou a ukon\u010den\u00ed \u201ed\u00e9monizace\u201c Putina.<\/strong><\/p>\n<p><strong>2. Vyv\u00edjen\u00ed tlaku na Moskvu i Kyjev, aby zavedly p\u0159\u00edm\u011b\u0159\u00ed a zah\u00e1jily m\u00edrov\u00e1 jedn\u00e1n\u00ed.<\/strong><\/p>\n<p><strong>3. Pob\u00eddky pro Rusko v r\u00e1mci m\u00edrov\u00e9ho urovn\u00e1n\u00ed by zahrnovaly n\u00e1sleduj\u00edc\u00ed:<\/strong><\/p>\n<p>\u2013 USA a NATO odlo\u017e\u00ed ot\u00e1zku \u010dlenstv\u00ed Ukrajiny v NATO na del\u0161\u00ed dobu (mo\u017en\u00e1 na deset let),<\/p>\n<p>\u2013 Rusko si ponech\u00e1 v sou\u010dasnosti okupovan\u00e1 ukrajinsk\u00e1 \u00fazem\u00ed,<\/p>\n<p>\u2013 \u010d\u00e1ste\u010dn\u00e9 zru\u0161en\u00ed sankc\u00ed proti Rusku,<\/p>\n<p>\u2013 vyhl\u00eddka na \u00fapln\u00e9 uvoln\u011bn\u00ed sankc\u00ed a normalizaci vztah\u016f s USA za podm\u00ednky, \u017ee Rusko p\u0159istoup\u00ed na m\u00edrovou dohodu p\u0159ijatelnou pro Ukrajinu.<\/p>\n<p><strong>4. Tlak na Moskvu by vych\u00e1zel z:<\/strong><\/p>\n<p>\u2013 pokra\u010duj\u00edc\u00ed vojensk\u00e9 podpory Ukrajiny ze strany USA a pos\u00edlen\u00ed jej\u00ed obranyschopnosti,<\/p>\n<p>\u2013 dlouhodob\u00fdch bezpe\u010dnostn\u00edch z\u00e1ruk (p\u0159edev\u0161\u00edm bilater\u00e1ln\u00edch) ze strany Ukrajiny.<\/p>\n<p><strong>5. Pob\u00eddky pro Ukrajinu v r\u00e1mci m\u00edrov\u00e9ho urovn\u00e1n\u00ed by zahrnovaly:\u00a0<\/strong><\/p>\n<p>\u2013 Ukrajina by nemusela form\u00e1ln\u011b uznat rusk\u00e9 anexe, ale zav\u00e1zala by se, \u017ee se nebude pokou\u0161et zm\u011bnit sou\u010dasn\u00fd status quo silou,<\/p>\n<p>\u2013 pl\u00e1n neukl\u00e1d\u00e1 jin\u00e1 omezen\u00ed ukrajinsk\u00e9 suverenity,<\/p>\n<p>\u2013 Kyjev nad\u00e1le dost\u00e1v\u00e1 vojenskou pomoc USA (potenci\u00e1ln\u011b ve form\u011b bez\u00faro\u010dn\u00fdch p\u016fj\u010dek) a nejasn\u00e9 bezpe\u010dnostn\u00ed z\u00e1ruky,<\/p>\n<p>\u2013 na v\u00fdvoz rusk\u00fdch energetick\u00fdch surovin by byla uvalena cla, jejich\u017e v\u00fdnos by byl ur\u010den na obnovu Ukrajiny.<\/p>\n<p><strong>6. Tlak na Kyjev by byl zp\u016fsoben mo\u017enost\u00ed, \u017ee USA zastav\u00ed vojenskou pomoc Ukrajin\u011b, pokud Kyjev odm\u00edtne zah\u00e1jit m\u00edrov\u00e9 rozhovory s Moskvou.<\/strong><\/p>\n<h6><span style=\"font-size: 18pt;\">Koment\u00e1\u0159 OSW<\/span><\/h6>\n<p>\u2013 Navzdory deklarovan\u00fdm z\u00e1m\u011br\u016fm nen\u00ed n\u00e1vrh \u201e<em>kompromisem<\/em>\u201c. Rusko z\u00edsk\u00e1v\u00e1 (i kdy\u017e m\u00e9n\u011b, ne\u017e si p\u0159\u00e1lo), zat\u00edmco Ukrajina p\u0159edev\u0161\u00edm ztr\u00e1c\u00ed.<\/p>\n<p>\u2013 A\u010dkoli tvrd\u00ed, \u017ee nab\u00edz\u00ed Kyjevu jedn\u00e1n\u00ed \u201e<em>z pozice s\u00edly<\/em>\u201c, tlak na rychl\u00e9 urovn\u00e1n\u00ed je ve prosp\u011bch Moskvy, kter\u00e1 by toho vyu\u017eila k diktov\u00e1n\u00ed podm\u00ednek.<\/p>\n<p>\u2013 Pl\u00e1n vyz\u00fdv\u00e1 k ukon\u010den\u00ed snah o izolaci Ruska a Putina, co\u017e by pos\u00edlilo jeho dom\u00e1c\u00ed i mezin\u00e1rodn\u00ed legitimitu a usnadnilo pokra\u010dov\u00e1n\u00ed agresivn\u00ed politiky.<\/p>\n<p>\u2013 Postupn\u00e9 ru\u0161en\u00ed sankc\u00ed podkop\u00e1v\u00e1 dosavadn\u00ed politiku Z\u00e1padu v\u016f\u010di Rusku a umo\u017e\u0148uje mu rychleji obnovit svou agresivn\u00ed kapacitu v\u016f\u010di Z\u00e1padu.<\/p>\n<p>\u2013 Na rozd\u00edl od ztr\u00e1t Ukrajiny, kter\u00e9 jsou hmatateln\u00e9 a m\u011b\u0159iteln\u00e9, jsou sliby, kter\u00e9 j\u00ed byly d\u00e1ny, v\u00e1gn\u00ed a v rozporu s kritikou textu o nekon\u010d\u00edc\u00ed vojensk\u00e9 podpo\u0159e Kyjeva.<\/p>\n<p>\u2013 Neexistuj\u00ed \u017e\u00e1dn\u00e9 konkr\u00e9tn\u00ed nebo v\u011brohodn\u00e9 sankce pro Moskvu v p\u0159\u00edpad\u011b poru\u0161en\u00ed dohody, k n\u011bmu\u017e d\u0159\u00edve \u010di pozd\u011bji t\u00e9m\u011b\u0159 jist\u011b dojde.<\/p>\n<p>\u2013 K pozitivn\u00edm aspekt\u016fm n\u00e1vrhu pro Kyjev pat\u0159\u00ed absence odkaz\u016f na dal\u0161\u00ed po\u017eadavky Ruska v\u016f\u010di Ukrajin\u011b a NATO (demilitarizace, \u201e<em>denacifikace<\/em>\u201c, uzn\u00e1n\u00ed anex\u00ed, revize evropsk\u00e9 bezpe\u010dnosti).<\/p>\n<p>\u2013<em>OSW<\/em>\u2013<\/p>\n<h6><span style=\"font-size: 18pt;\">Pl\u00e1n ne\u0159e\u0161\u00ed ani jeden z hlavn\u00edch c\u00edl\u016f SVO na Ukrajin\u011b<\/span><\/h6>\n<p>Polsk\u00fd think-tank OSW podle m\u00e9ho n\u00e1zoru spr\u00e1vn\u011b vyhodnocuje parametrizaci zv\u00fdhod\u0148uj\u00edc\u00ed Rusko v pl\u00e1nu, ale u\u017e neuv\u00e1d\u00ed, \u017ee tento pl\u00e1n nen\u00ed pro Rusko v principu p\u0159ijateln\u00fd, a to hlavn\u011b kv\u016fli tomu, \u017ee nezahrnuje spln\u011bn\u00ed ani jednoho z c\u00edl\u016f Speci\u00e1ln\u00ed vojensk\u00e9 operace Rusk\u00e9 arm\u00e1dy na Ukrajin\u011b vyty\u010den\u00fdch Putinem.<\/p>\n<p><strong>Hlavn\u00edmi a st\u011b\u017eejn\u00edmi c\u00edli operace jsou t\u0159i pil\u00ed\u0159e \u2013\u00a0demilitarizace, denacifikace a trval\u00e1 neutralita Ukrajiny\u00a0ukotven\u00e1 v ukrajinsk\u00e9 \u00fastav\u011b.<\/strong>\u00a0 Odklad p\u0159ijet\u00ed Ukrajiny do NATO a\u017e o 10 let je naprosto nep\u0159ijateln\u00fd pro Moskvu, v podstat\u011b jde o v\u00fdsm\u011bch, ze kter\u00e9ho \u010douh\u00e1 dal\u0161\u00ed podraz Ruska podobn\u011b, jak\u00e9ho se do\u010dkalo z Minsk\u00fdch dohod. A t\u011bch 10 let je tam \u00famysln\u011b proto, \u017ee za 10 let ji\u017e Putin nebude moci podle sou\u010dasn\u00e9 rusk\u00e9 \u00fastavy kandidovat na dal\u0161\u00ed obdob\u00ed, tak\u017ee k moci p\u0159ijde nov\u00fd prezident. Zjevn\u011b se v pl\u00e1nu po\u010d\u00edt\u00e1 s t\u00edm, \u017ee nov\u00fd rusk\u00fd prezident Ukrajin\u011b n\u011bkter\u00e1 p\u0159ipojen\u00e1 \u00fazem\u00ed vr\u00e1t\u00ed.<\/p>\n<p><a href=\"https:\/\/aeronet.news\/wp-content\/uploads\/TheKelloggPlan1b.jpg\"><img decoding=\"async\" loading=\"lazy\" class=\"size-full wp-image-61915 aligncenter\" src=\"https:\/\/aeronet.news\/wp-content\/uploads\/TheKelloggPlan1b.jpg\" sizes=\"(max-width: 911px) 100vw, 911px\" srcset=\"https:\/\/aeronet.news\/wp-content\/uploads\/TheKelloggPlan1b.jpg 911w, https:\/\/aeronet.news\/wp-content\/uploads\/TheKelloggPlan1b-213x300.jpg 213w, https:\/\/aeronet.news\/wp-content\/uploads\/TheKelloggPlan1b-768x1081.jpg 768w, https:\/\/aeronet.news\/wp-content\/uploads\/TheKelloggPlan1b-728x1024.jpg 728w, https:\/\/aeronet.news\/wp-content\/uploads\/TheKelloggPlan1b-700x985.jpg 700w, https:\/\/aeronet.news\/wp-content\/uploads\/TheKelloggPlan1b-254x357.jpg 254w, https:\/\/aeronet.news\/wp-content\/uploads\/TheKelloggPlan1b-343x483.jpg 343w\" alt=\"\" width=\"911\" height=\"1282\" \/><\/a><\/p>\n<figure id=\"attachment_61914\" class=\"wp-caption aligncenter\" style=\"width: 925px;\"><a href=\"https:\/\/aeronet.news\/wp-content\/uploads\/TheKelloggPlan2b.jpg\"><img decoding=\"async\" loading=\"lazy\" class=\"wp-image-61914 \" src=\"https:\/\/aeronet.news\/wp-content\/uploads\/TheKelloggPlan2b.jpg\" sizes=\"(max-width: 925px) 100vw, 925px\" srcset=\"https:\/\/aeronet.news\/wp-content\/uploads\/TheKelloggPlan2b.jpg 925w, https:\/\/aeronet.news\/wp-content\/uploads\/TheKelloggPlan2b-216x300.jpg 216w, https:\/\/aeronet.news\/wp-content\/uploads\/TheKelloggPlan2b-768x1064.jpg 768w, https:\/\/aeronet.news\/wp-content\/uploads\/TheKelloggPlan2b-739x1024.jpg 739w, https:\/\/aeronet.news\/wp-content\/uploads\/TheKelloggPlan2b-700x970.jpg 700w, https:\/\/aeronet.news\/wp-content\/uploads\/TheKelloggPlan2b-258x357.jpg 258w, https:\/\/aeronet.news\/wp-content\/uploads\/TheKelloggPlan2b-348x483.jpg 348w\" alt=\"\" width=\"925\" height=\"1282\" \/><\/a><figcaption class=\"wp-caption-text\">Kellogg\u016fv pl\u00e1n z dokumentu OSW<\/figcaption><\/figure>\n<p>Na n\u011bco takov\u00e9ho Rusko proto nep\u0159istoup\u00ed, proto\u017ee nejde jen o \u00fazem\u00ed z\u00edskan\u00e1 Ruskou arm\u00e1dou. To nebyl c\u00edl SVO, ale d\u016fsledek neochoty Kyjeva p\u0159istoupit na zm\u00edn\u011bn\u00e9 3 pil\u00ed\u0159e stanoven\u00e9 Kremlem. K t\u011bmto 3 pil\u00ed\u0159\u016fm m\u016f\u017eeme de facto p\u0159ipojit je\u0161t\u011b 4. pil\u00ed\u0159 a c\u00edl SVO, kter\u00fdm je ukotven\u00ed pr\u00e1v a svobod rusk\u00e9 men\u0161iny na Ukrajin\u011b do \u00fastavy Ukrajiny. A rovn\u011b\u017e 5. pil\u00ed\u0159 \u2013 uzn\u00e1n\u00ed p\u0159ipojen\u00fdch \u00fazem\u00ed ze strany Kyjeva jako sou\u010d\u00e1st\u00ed Rusk\u00e9 federace.<\/p>\n<p>Se spln\u011bn\u00edm t\u011bchto pil\u00ed\u0159\u016f toti\u017e p\u0159\u00edmo souvis\u00ed cel\u00fd vznik\u00a0<em>specky<\/em>\u00a0na Ukrajin\u011b, minim\u00e1ln\u011b z ofici\u00e1ln\u00edho hlediska. Dnes t\u011bch z\u00e1jm\u016f sleduje Kreml mnohem v\u00edce, p\u0159edev\u0161\u00edm por\u00e1\u017eku kolektivn\u00edho Z\u00e1padu v nov\u011b ukotvovan\u00e9m multipol\u00e1rn\u00edm sv\u011bt\u011b, co\u017e je proces, kter\u00fd Rusko prov\u00e1d\u00ed v z\u00e1jmu glob\u00e1ln\u00edho prediktora na 6. priorit\u011b \u0159\u00edzen\u00ed.<\/p>\n<h6><span style=\"font-size: 18pt;\">Glob\u00e1ln\u00ed prediktor pou\u017eil Ruskou arm\u00e1du k ukon\u010den\u00ed role KoZa a Pax Americana ve sv\u011bt\u011b<\/span><\/h6>\n<p>Rusko toti\u017e tuto prioritu ovl\u00e1d\u00e1 naprosto dokonale a nejl\u00e9pe ze v\u0161ech zem\u00ed sv\u011bta, a proto glob\u00e1ln\u00ed prediktor dal pokyn k zah\u00e1jen\u00ed SVO na Ukrajin\u011b. Je zkr\u00e1tka zjevn\u00e9, \u017ee\u00a0<strong>pokud Trump bude cht\u00edt pl\u00e1n prosadit, bude muset Rusku vyj\u00edt vst\u0159\u00edc a Ukrajina bude muset nab\u00eddnout mnohem v\u00edc Rusku<\/strong>\u00a0a vyhl\u00e1sit trvalou neutralitu, prov\u00e9st denacifikaci a z\u00e1kaz\u00a0<em>Banderovsk\u00e9ho hnut\u00ed<\/em>\u00a0na Ukrajin\u011b, a rovn\u011b\u017e bude muset doj\u00edt k odzbrojen\u00ed Ukrajiny na status neutr\u00e1ln\u00ed zem\u011b, podle p\u016fvodn\u00edch n\u00e1vrh\u016f tzv.\u00a0<em>Istanbulsk\u00fdch dohod<\/em>\u00a0z konce b\u0159ezna roku 2022, kter\u00e9 Kyjev na podn\u011bt Lond\u00fdna a Borise Johnsona nakonec odm\u00edtl.<\/p>\n<figure id=\"attachment_55100\" class=\"wp-caption aligncenter\" style=\"width: 698px;\"><a href=\"https:\/\/aeronet.news\/wp-content\/uploads\/putin-xi-kremlin.jpg\"><img decoding=\"async\" loading=\"lazy\" class=\"wp-image-55100 \" src=\"https:\/\/aeronet.news\/wp-content\/uploads\/putin-xi-kremlin-1024x632.jpg\" sizes=\"(max-width: 700px) 100vw, 700px\" srcset=\"https:\/\/aeronet.news\/wp-content\/uploads\/putin-xi-kremlin-1024x632.jpg 1024w, https:\/\/aeronet.news\/wp-content\/uploads\/putin-xi-kremlin-300x185.jpg 300w, https:\/\/aeronet.news\/wp-content\/uploads\/putin-xi-kremlin-768x474.jpg 768w, https:\/\/aeronet.news\/wp-content\/uploads\/putin-xi-kremlin-700x432.jpg 700w, https:\/\/aeronet.news\/wp-content\/uploads\/putin-xi-kremlin-578x357.jpg 578w, https:\/\/aeronet.news\/wp-content\/uploads\/putin-xi-kremlin-783x483.jpg 783w, https:\/\/aeronet.news\/wp-content\/uploads\/putin-xi-kremlin.jpg 1280w\" alt=\"\" width=\"698\" height=\"431\" \/><\/a><figcaption class=\"wp-caption-text\">Nov\u00e9 tandemov\u00e9 \u0159\u00edzen\u00ed globalist\u016f. Putin zastupuj\u00edc\u00ed z\u00e1padn\u00ed civilizaci. Xi zastupuj\u00edc\u00ed v\u00fdchodn\u00ed civilizaci.<\/figcaption><\/figure>\n<p>Pokud se Trumpovi nepovede tento pl\u00e1n a pokud Rusko na n\u011bj nep\u0159istoup\u00ed, tak prost\u011b tento Pl\u00e1n A zkr\u00e1tka a jednodu\u0161e sel\u017ee. A v tom okam\u017eiku p\u0159ijde na \u0159adu druh\u00fd pl\u00e1n, o kter\u00e9m si mus\u00edme n\u011bco \u0159\u00edct. Tento druh\u00fd pl\u00e1n je tzv. nemyslitelnou koncovkou za star\u00fdm sv\u011btov\u00fdm \u0159\u00e1dem, koncovkou v podob\u011b III. sv. v\u00e1lky. Druh\u00fd pl\u00e1n toti\u017e spo\u010d\u00edv\u00e1 v pos\u00edlen\u00ed intenzity ukrajinsk\u00e9ho vyzbrojov\u00e1n\u00ed, a to raketami strategick\u00e9ho ur\u010den\u00ed s plochou dr\u00e1hou letu Tomahawk a spolu s nimi poskytnut\u00ed jadern\u00fdch taktick\u00fdch hlavic Ukrajin\u011b.<\/p>\n<h6><span style=\"font-size: 18pt;\">Pl\u00e1n B bude znamenat konec kolektivn\u00edho Z\u00e1padu v\u00e1le\u010dnou cestou<\/span><\/h6>\n<p>Spolu s t\u00edm by do\u0161lo k rozm\u00edst\u011bn\u00ed minim\u00e1ln\u011b 100 000 voj\u00e1k\u016f evropsk\u00fdch \u010dlensk\u00fdch zem\u00ed NATO na Ukrajin\u011b, p\u0159i\u010dem\u017e podle vojensk\u00fdch analytik\u016f by \u0161lo pouze o po\u010d\u00e1te\u010dn\u00ed kontingent, kter\u00fd by v p\u0159\u00edpad\u011b takov\u00e9to eskalace opravdu nesta\u010dil a\u00a0<strong>zem\u011b NATO by musely na Ukrajin\u011b rozm\u00edstit minim\u00e1ln\u011b p\u016fl milionu a\u017e 1 milion voj\u00e1k\u016f, co\u017e by v podstat\u011b byly ve\u0161ker\u00e9 ozbrojen\u00e9 s\u00edly \u010dlensk\u00fdch zem\u00ed NATO<\/strong>. Eskalace spojen\u00e1 s rozm\u00edst\u011bn\u00edm jadern\u00fdch zbran\u00ed na Ukrajin\u011b by vedla k nevratn\u00e9 trajektorii v\u00e1le\u010dn\u00e9 kolize Ruska a NATO, co\u017e by nevyhnuteln\u011b vedlo jak k vypuknut\u00ed otev\u0159en\u00e9 III. sv. v\u00e1lky, tak i k jadern\u00e9 v\u00fdm\u011bn\u011b.<\/p>\n<figure id=\"attachment_61916\" class=\"wp-caption aligncenter\" style=\"width: 700px;\"><a href=\"https:\/\/aeronet.news\/wp-content\/uploads\/TrumpKelloggFeat.jpg\"><img decoding=\"async\" loading=\"lazy\" class=\"wp-image-61916 \" src=\"https:\/\/aeronet.news\/wp-content\/uploads\/TrumpKelloggFeat-1024x682.jpg\" sizes=\"(max-width: 700px) 100vw, 700px\" srcset=\"https:\/\/aeronet.news\/wp-content\/uploads\/TrumpKelloggFeat-1024x682.jpg 1024w, https:\/\/aeronet.news\/wp-content\/uploads\/TrumpKelloggFeat-300x200.jpg 300w, https:\/\/aeronet.news\/wp-content\/uploads\/TrumpKelloggFeat-768x512.jpg 768w, https:\/\/aeronet.news\/wp-content\/uploads\/TrumpKelloggFeat-700x466.jpg 700w, https:\/\/aeronet.news\/wp-content\/uploads\/TrumpKelloggFeat-536x357.jpg 536w, https:\/\/aeronet.news\/wp-content\/uploads\/TrumpKelloggFeat-725x483.jpg 725w, https:\/\/aeronet.news\/wp-content\/uploads\/TrumpKelloggFeat.jpg 1280w\" alt=\"\" width=\"700\" height=\"466\" \/><\/a><figcaption class=\"wp-caption-text\">Donald Trump a emisar pro ot\u00e1zky Ukrajiny Keith Kellogg<\/figcaption><\/figure>\n<p>Otev\u0159en\u011b je pot\u0159eba \u0159\u00edct, \u017ee v sou\u010dasn\u00e9 chv\u00edli to v\u016fbec nevypad\u00e1 dob\u0159e s Pl\u00e1nem A, proto\u017ee Rusko nem\u00e1 d\u016fvod na takov\u00fd pl\u00e1n nejen p\u0159istupovat, ale ani nad n\u00edm p\u0159em\u00fd\u0161let, proto\u017ee ne\u0159e\u0161\u00ed ani jeden z c\u00edl\u016f\u00a0<em>specky<\/em>\u00a0na Ukrajin\u011b. Kdyby ten pl\u00e1n \u0159e\u0161il alespo\u0148 jeden nebo dva z bod\u016f, dovedu si p\u0159edstavit, \u017ee Rusov\u00e9 by mohli i uva\u017eovat o n\u011bjak\u00e9m kompromisu, ale faktem je, \u017ee ten pl\u00e1n vlastn\u011b Rus\u016fm jen poskytuje to, co p\u0159itom oni ji\u017e sami maj\u00ed, tedy kontrolu nad dobyt\u00fdmi \u00fazem\u00edmi.<\/p>\n<p>A n\u011bjak\u00e9 \u010d\u00e1ste\u010dn\u00e9 omezen\u00ed sankc\u00ed ve chv\u00edli, kdy Rusko s \u010c\u00ednou zah\u00e1jily rozborku petrodolaru v zem\u00edch BRICS, je v podstat\u011b anachronismus a pokus o naveden\u00ed Ruska na cestu zp\u00e1tky k dolaru. A na to je u\u017e pozd\u011b pro USA. Kellog\u016fv pl\u00e1n nab\u00edz\u00ed Rus\u016fm m\u00e1lo a nab\u00edz\u00ed to nav\u00edc pozd\u011b \u2013 takov\u00e1 je realita. Od toho Pl\u00e1nu A toti\u017e nic neo\u010dek\u00e1vejme. Naopak, je pot\u0159eba se dop\u0159edu p\u0159ipravit na d\u016fsledky Planu B.<\/p>\n<p><a href=\"https:\/\/aeronet.news\/zelensky-priznal-v-rozhovoru-ze-ukrajinska-armada-jiz-nema-silu-dal-bojovat-a-proto-je-treba-zahajit-diplomaticka-jednani-k-ukonceni-valky-polsky-think-tank-uverejnil-donedavna-tajny-mirovy-plan\/\">-VK-<\/a><\/p>\n<p>&nbsp;<\/p>\n","protected":false},"excerpt":{"rendered":"<p>Zelensk\u00fd p\u0159iznal v rozhovoru, \u017ee ukrajinsk\u00e1 arm\u00e1da ji\u017e nem\u00e1 s\u00edlu d\u00e1l bojovat, a proto je&#8230;<\/p>\n","protected":false},"author":2,"featured_media":67384,"comment_status":"closed","ping_status":"closed","sticky":false,"template":"","format":"standard","meta":[],"categories":[6],"tags":[1042,80,4030,26,1000],"_links":{"self":[{"href":"https:\/\/www.infokuryr.cz\/n\/wp-json\/wp\/v2\/posts\/67383"}],"collection":[{"href":"https:\/\/www.infokuryr.cz\/n\/wp-json\/wp\/v2\/posts"}],"about":[{"href":"https:\/\/www.infokuryr.cz\/n\/wp-json\/wp\/v2\/types\/post"}],"author":[{"embeddable":true,"href":"https:\/\/www.infokuryr.cz\/n\/wp-json\/wp\/v2\/users\/2"}],"replies":[{"embeddable":true,"href":"https:\/\/www.infokuryr.cz\/n\/wp-json\/wp\/v2\/comments?post=67383"}],"version-history":[{"count":0,"href":"https:\/\/www.infokuryr.cz\/n\/wp-json\/wp\/v2\/posts\/67383\/revisions"}],"wp:featuredmedia":[{"embeddable":true,"href":"https:\/\/www.infokuryr.cz\/n\/wp-json\/wp\/v2\/media\/67384"}],"wp:attachment":[{"href":"https:\/\/www.infokuryr.cz\/n\/wp-json\/wp\/v2\/media?parent=67383"}],"wp:term":[{"taxonomy":"category","embeddable":true,"href":"https:\/\/www.infokuryr.cz\/n\/wp-json\/wp\/v2\/categories?post=67383"},{"taxonomy":"post_tag","embeddable":true,"href":"https:\/\/www.infokuryr.cz\/n\/wp-json\/wp\/v2\/tags?post=67383"}],"curies":[{"name":"wp","href":"https:\/\/api.w.org\/{rel}","templated":true}]}}