{"id":67381,"date":"2024-12-03T06:24:28","date_gmt":"2024-12-03T05:24:28","guid":{"rendered":"https:\/\/www.infokuryr.cz\/n\/?p=67381"},"modified":"2024-12-03T06:24:28","modified_gmt":"2024-12-03T05:24:28","slug":"trump-vyhrozuje-hamasu-zaplatite-peklem","status":"publish","type":"post","link":"https:\/\/www.infokuryr.cz\/n\/2024\/12\/03\/trump-vyhrozuje-hamasu-zaplatite-peklem\/","title":{"rendered":"Trump vyhro\u017euje Ham\u00e1su: \u201ezaplat\u00edte peklem\u201c"},"content":{"rendered":"<div id=\"fb-root\"><\/div>\n<p><span style=\"font-size: 18pt;\"><strong>Nastupuj\u00edc\u00ed americk\u00fd prezident po\u017eadoval, aby palestin\u0161t\u00ed militanti p\u0159ed jeho inaugurac\u00ed osvobodili v\u0161echny sv\u00e9 rukojm\u00ed<\/strong><\/span><\/p>\n<p><span>Nov\u011b zvolen\u00fd americk\u00fd prezident Donald Trump varoval, \u017ee pokud Ham\u00e1s nepropust\u00ed sv\u00e9 zb\u00fdvaj\u00edc\u00ed izraelsk\u00e9 rukojm\u00ed d\u0159\u00edve, ne\u017e se ujme \u00fa\u0159adu,\u00a0bude\u00a0<\/span><em><span>na Bl\u00edzk\u00e9m v\u00fdchod\u011b \u201eplatit peklo\u201c<\/span><\/em><span>\u00a0. Trump nal\u00e9hal na Izrael i na palestinsk\u00e9 militanty, aby p\u0159ed svou inaugurac\u00ed ukon\u010dili sv\u016fj konflikt.<\/span><\/p>\n<p><span>Ozbrojenci Hamasu loni v \u0159\u00edjnu zajali v\u00edce ne\u017e 250 rukojm\u00edch b\u011bhem sv\u00e9ho \u00fatoku na Izrael. Zat\u00edmco 105 bylo osvobozeno b\u011bhem kr\u00e1tkodob\u00e9ho p\u0159\u00edm\u011b\u0159\u00ed n\u00e1sleduj\u00edc\u00ed m\u011bs\u00edc a n\u011bkolik dal\u0161\u00edch bylo zachr\u00e1n\u011bno letos, p\u0159edpokl\u00e1d\u00e1 se, \u017ee kolem 100 z\u016fst\u00e1v\u00e1 v Gaze, p\u0159i\u010dem\u017e Hamas sv\u00e9 propu\u0161t\u011bn\u00ed spojuje s izraelsk\u00fdm sta\u017een\u00edm z enkl\u00e1vy \u2013 podm\u00ednkou, kterou izraelsk\u00fd premi\u00e9r Benjamin Netanjahu odm\u00edtl p\u0159ijmout.<\/span><\/p>\n<p><em><span>&#8222;V\u0161ichni mluv\u00ed o rukojm\u00edch, kte\u0159\u00ed jsou tak n\u00e1siln\u011b, nelidsky a proti v\u016fli cel\u00e9ho sv\u011bta dr\u017eeni na Bl\u00edzk\u00e9m v\u00fdchod\u011b,&#8220;<\/span><\/em><span>\u00a0napsal Trump v pond\u011bl\u00ed na sv\u00e9 platform\u011b Truth Social.<\/span><\/p>\n<p><span>Nastupuj\u00edc\u00ed prezident pot\u00e9 prohl\u00e1sil, \u017ee\u00a0<\/span><em><span>\u201epokud nebudou rukojm\u00ed propu\u0161t\u011bni p\u0159ed 20. lednem 2025, datem, kdy hrd\u011b p\u0159eb\u00edr\u00e1m \u00fa\u0159ad prezidenta Spojen\u00fdch st\u00e1t\u016f, bude na St\u0159edn\u00edm v\u00fdchod\u011b PLATIT PEKLO a pro ty, obvinili, kdo sp\u00e1chal tato zv\u011brstva proti lidskosti.&#8220;<\/span><\/em><\/p>\n<p><em><span>&#8222;Ti, kdo jsou odpov\u011bdn\u00ed, budou zasa\u017eeni tvrd\u011bji, ne\u017e kdokoli byl zasa\u017een v dlouh\u00e9 a legend\u00e1rn\u00ed historii Spojen\u00fdch st\u00e1t\u016f americk\u00fdch,&#8220;<\/span><\/em><span>\u00a0uzav\u0159el.<\/span><\/p>\n<p><span>Trump sl\u00edbil, \u017ee po sv\u00e9m n\u00e1vratu do B\u00edl\u00e9ho domu urovn\u00e1 n\u011bkolik glob\u00e1ln\u00edch kriz\u00ed, zejm\u00e9na rusko-ukrajinsk\u00fd konflikt. I kdy\u017e nab\u00eddl m\u00e1lo konkr\u00e9tn\u00edch informac\u00ed, jak to ud\u011bl\u00e1, p\u0159edt\u00edm donutil ciz\u00ed mocnosti k jednac\u00edmu stolu v\u00fdhr\u016f\u017ekami n\u00e1sil\u00ed nebo ekonomick\u00fdmi tresty. P\u0159ed \u0159adou srde\u010dn\u00fdch setk\u00e1n\u00ed se severokorejsk\u00fdm v\u016fdcem Kim \u010cong-unem b\u011bhem sv\u00e9ho prvn\u00edho funk\u010dn\u00edho obdob\u00ed pohrozil Trump Pchjongjangu\u00a0<\/span><em><span>\u201eohn\u011bm, zu\u0159ivost\u00ed a up\u0159\u00edmn\u011b moc\u00ed, jakou tento sv\u011bt je\u0161t\u011b nevid\u011bl\u201c.<\/span><\/em><\/p>\n<p><span>P\u0159ed v\u00edt\u011bzstv\u00edm v prezidentsk\u00fdch volb\u00e1ch minul\u00fd m\u011bs\u00edc Trump \u00fadajn\u011b\u00a0<\/span><a href=\"https:\/\/swentr.site\/news\/606760-trump-israel-end-war\/\" target=\"_blank\" rel=\"noopener noreferrer\"><span>\u0159ekl<\/span><\/a><span>\u00a0Netanjahuovi, \u017ee chce, aby byla izraelsk\u00e1 v\u00e1lka proti Hamasu ukon\u010dena p\u0159ed dnem inaugurace. I kdy\u017e Trump tyto koment\u00e1\u0159e Netanjahuovi nep\u0159iznal,\u00a0n\u011bkolikr\u00e1t v tomto roce\u00a0ve\u0159ejn\u011b vyzval Izrael, aby\u00a0<\/span><em><span>\u201edokon\u010dil svou v\u00e1lku\u201c .<\/span><\/em><\/p>\n<p><span>Republik\u00e1nsk\u00fd sen\u00e1tor Lindsey Graham v p\u00e1tek pro Axios prohl\u00e1sil, \u017ee Trump je\u00a0<\/span><em><span>\u201eodhodlan\u011bj\u0161\u00ed ne\u017e kdy jindy propustit rukojm\u00ed a podporuje p\u0159\u00edm\u011b\u0159\u00ed, kter\u00e9 zahrnuje dohodu o rukojm\u00edch\u201c.<\/span><\/em><span>\u00a0Graham, jest\u0159\u00e1b pro zahrani\u010dn\u00ed politiku, vysv\u011btlil, \u017ee Trump chce dos\u00e1hnout dohody o Gaze, aby se mohl soust\u0159edit na jin\u00e9 ot\u00e1zky, v\u010detn\u011b normalizace izraelsko-sa\u00fadsk\u00fdch vztah\u016f a budov\u00e1n\u00ed region\u00e1ln\u00ed koalice proti \u00cdr\u00e1nu.<\/span><\/p>\n<p><img decoding=\"async\" loading=\"lazy\" class=\"alignnone size-full wp-image-1185\" src=\"http:\/\/www.infokuryr.cz\/n\/wp-content\/uploads\/2021\/04\/kuryr-podpis.png\" alt=\"\" width=\"84\" height=\"24\" \/><\/p>\n<p>&nbsp;<\/p>\n","protected":false},"excerpt":{"rendered":"<p>Nastupuj\u00edc\u00ed americk\u00fd prezident po\u017eadoval, aby palestin\u0161t\u00ed militanti p\u0159ed jeho inaugurac\u00ed osvobodili v\u0161echny sv\u00e9 rukojm\u00ed Nov\u011b&#8230;<\/p>\n","protected":false},"author":2,"featured_media":67382,"comment_status":"closed","ping_status":"closed","sticky":false,"template":"","format":"standard","meta":[],"categories":[7],"tags":[347,1716,452,2064],"_links":{"self":[{"href":"https:\/\/www.infokuryr.cz\/n\/wp-json\/wp\/v2\/posts\/67381"}],"collection":[{"href":"https:\/\/www.infokuryr.cz\/n\/wp-json\/wp\/v2\/posts"}],"about":[{"href":"https:\/\/www.infokuryr.cz\/n\/wp-json\/wp\/v2\/types\/post"}],"author":[{"embeddable":true,"href":"https:\/\/www.infokuryr.cz\/n\/wp-json\/wp\/v2\/users\/2"}],"replies":[{"embeddable":true,"href":"https:\/\/www.infokuryr.cz\/n\/wp-json\/wp\/v2\/comments?post=67381"}],"version-history":[{"count":0,"href":"https:\/\/www.infokuryr.cz\/n\/wp-json\/wp\/v2\/posts\/67381\/revisions"}],"wp:featuredmedia":[{"embeddable":true,"href":"https:\/\/www.infokuryr.cz\/n\/wp-json\/wp\/v2\/media\/67382"}],"wp:attachment":[{"href":"https:\/\/www.infokuryr.cz\/n\/wp-json\/wp\/v2\/media?parent=67381"}],"wp:term":[{"taxonomy":"category","embeddable":true,"href":"https:\/\/www.infokuryr.cz\/n\/wp-json\/wp\/v2\/categories?post=67381"},{"taxonomy":"post_tag","embeddable":true,"href":"https:\/\/www.infokuryr.cz\/n\/wp-json\/wp\/v2\/tags?post=67381"}],"curies":[{"name":"wp","href":"https:\/\/api.w.org\/{rel}","templated":true}]}}