{"id":67380,"date":"2024-12-03T06:21:31","date_gmt":"2024-12-03T05:21:31","guid":{"rendered":"https:\/\/www.infokuryr.cz\/n\/?p=67380"},"modified":"2024-12-03T06:21:31","modified_gmt":"2024-12-03T05:21:31","slug":"primeri-mezi-izraelem-a-hizballahem-ukazuje-trhliny","status":"publish","type":"post","link":"https:\/\/www.infokuryr.cz\/n\/2024\/12\/03\/primeri-mezi-izraelem-a-hizballahem-ukazuje-trhliny\/","title":{"rendered":"P\u0159\u00edm\u011b\u0159\u00ed mezi Izraelem a Hizball\u00e1hem ukazuje trhliny"},"content":{"rendered":"<div id=\"fb-root\"><\/div>\n<p><span style=\"font-size: 18pt;\"><strong>P\u0159\u00edm\u011b\u0159\u00ed vstoupilo v platnost minulou st\u0159edu po 14 m\u011bs\u00edc\u00edch nep\u0159\u00e1telstv\u00ed<\/strong><\/span><\/p>\n<p><span>Libanonsk\u00fd Hizball\u00e1h zas\u00e1hl proti \u00fadajn\u00e9mu izraelsk\u00e9mu poru\u0161ov\u00e1n\u00ed p\u0159\u00edm\u011b\u0159\u00ed poprv\u00e9 od minul\u00e9ho t\u00fddne, kdy nastoupilo k\u0159ehk\u00e9 p\u0159\u00edm\u011b\u0159\u00ed, uvedla v pond\u011bl\u00ed militantn\u00ed skupina. O n\u011bkolik hodin pozd\u011bji Izraelsk\u00e9 obrann\u00e9 s\u00edly (IDF) ozn\u00e1mily n\u00e1lety na des\u00edtky raketomet\u016f a infrastrukturu v Libanonu.<\/span><\/p>\n<p><span>Izrael prov\u00e1d\u00ed ka\u017edodenn\u00ed \u00fatoky na Libanon, po\u010d\u00ednaje dnem pot\u00e9, co minulou st\u0159edu vstoupila v platnost dohoda o p\u0159\u00edm\u011b\u0159\u00ed mezi \u017eidovsk\u00fdm st\u00e1tem a Hizball\u00e1hem.<\/span><\/p>\n<p><span>Hizball\u00e1h zah\u00e1jil\u00a0<\/span><em><span>\u201ep\u0159edb\u011b\u017enou obrannou reakci\u201c<\/span><\/em><span>\u00a0na \u00fatoky zam\u011b\u0159en\u00e9 na Izraelem ovl\u00e1dan\u00e9 m\u00edsto na Golansk\u00fdch v\u00fd\u0161in\u00e1ch, uvedla skupina v prohl\u00e1\u0161en\u00ed citovan\u00e9m v pond\u011bl\u00ed televizn\u00edm kan\u00e1lem Al Mayadeen se s\u00eddlem v Bejr\u00fatu.<\/span><\/p>\n<p><span>IDF ozn\u00e1milo, \u017ee libanonsk\u00e1 vojensk\u00e1 skupina vyp\u00e1lila dva minometn\u00e9 gran\u00e1ty na Har Dov. Podle mezin\u00e1rodn\u00edho pr\u00e1va je m\u00edsto pova\u017eov\u00e1no za syrsk\u00e9 \u00fazem\u00ed, kter\u00e9 je v sou\u010dasnosti okupov\u00e1no Izraelem.<\/span><\/p>\n<p><span>IDF tak\u00e9 zas\u00e1hla\u00a0<\/span><em><span>\u201edes\u00edtky odpalovac\u00edch za\u0159\u00edzen\u00ed a teroristickou infrastrukturu po cel\u00e9m Libanonu\u201c,<\/span><\/em><span>\u00a0v\u010detn\u011b m\u00edsta odpalu \u00fatoku Hizball\u00e1hu, uvedla IDF v pond\u011bl\u00ed ve\u010der v prohl\u00e1\u0161en\u00ed.<\/span><\/p>\n<p><span>Izraelsk\u00fd ministr zahrani\u010d\u00ed Gideon Sa&#8217;ar prohl\u00e1sil, \u017ee izraelsk\u00e9 \u00fadery sp\u00ed\u0161e prosazuj\u00ed, ne\u017e poru\u0161uj\u00ed, p\u0159\u00edm\u011b\u0159\u00ed.<\/span><\/p>\n<p><em><span>&#8222;Izrael neporu\u0161uje dohody o p\u0159\u00edm\u011b\u0159\u00ed, ale sp\u00ed\u0161e je prosazuje v reakci na poru\u0161ov\u00e1n\u00ed Hizball\u00e1hu,&#8220;<\/span><\/em><span>\u00a0\u0159ekl Sa&#8217;ar v pond\u011bl\u00ed X.<\/span><\/p>\n<p><span>Izrael poru\u0161il p\u0159\u00edm\u011b\u0159\u00ed\u00a0<\/span><em><span>\u201ep\u0159ibli\u017en\u011b 100\u201c<\/span><\/em><span>\u00a0kr\u00e1t od doby, kdy dohoda vstoupila v platnost, uvedla CNN s odkazem na anonymn\u00ed zdroj z m\u00edrov\u00e9ho kontingentu OSN v Libanonu, UNIFIL.<\/span><\/p>\n<p><span>Ameri\u010dt\u00ed p\u0159edstavitel\u00e9 vyj\u00e1d\u0159ili znepokojen\u00ed nad prob\u00edhaj\u00edc\u00edmi izraelsk\u00fdmi \u00fatoky na libanonsk\u00e9 \u00fazem\u00ed, uvedl Axios s odkazem na anonymn\u00ed zdroje. Situace by se podle jednoho z \u00fa\u0159edn\u00edk\u016f mohla zvrhnout ve zhroucen\u00ed do\u010dasn\u00e9ho m\u00edru.<\/span><\/p>\n<p><span>Nep\u0159\u00e1telstv\u00ed mezi Hizball\u00e1hem a Izraelem eskalovalo v \u0159\u00edjnu 2023, kdy tato militantn\u00ed skupina za\u010dala sporadicky ost\u0159elovat izraelsk\u00e1 \u00fazem\u00ed a prohla\u0161ovat solidaritu s Palestinci z Gazy.<\/span><\/p>\n<p><span>Izrael za\u010d\u00e1tkem \u0159\u00edjna\u00a0ozn\u00e1mil\u00a0<\/span><em><span>\u201eomezenou pozemn\u00ed operaci\u201c<\/span><\/em><span>\u00a0do ji\u017en\u00edho Libanonu a z\u00e1rove\u0148 zes\u00edlil n\u00e1lety na Bejr\u00fat a dal\u0161\u00ed m\u011bsta. IDF zabila b\u011bhem \u00fader\u016f n\u011bkolik vysoce postaven\u00fdch osobnost\u00ed ve veden\u00ed Hizball\u00e1hu, v\u010detn\u011b dlouholet\u00e9ho v\u016fdce skupiny Hassana Nasrall\u00e1ha.<\/span><\/p>\n<p><span>Podle podm\u00ednek p\u0159\u00edm\u011b\u0159\u00ed se IDF mus\u00ed st\u00e1hnout z Libanonu do 60 dn\u016f a postoupit kontrolu nad dr\u017een\u00fdm \u00fazem\u00edm libanonsk\u00e9 arm\u00e1d\u011b, zat\u00edmco mezin\u00e1rodn\u00ed v\u00fdbor bude m\u00edt za \u00fakol posuzovat st\u00ed\u017enosti na poru\u0161en\u00ed.<\/span><\/p>\n<p><img decoding=\"async\" loading=\"lazy\" class=\"alignnone size-full wp-image-1185\" src=\"http:\/\/www.infokuryr.cz\/n\/wp-content\/uploads\/2021\/04\/kuryr-podpis.png\" alt=\"\" width=\"84\" height=\"24\" \/><\/p>\n<p>&nbsp;<\/p>\n","protected":false},"excerpt":{"rendered":"<p>P\u0159\u00edm\u011b\u0159\u00ed vstoupilo v platnost minulou st\u0159edu po 14 m\u011bs\u00edc\u00edch nep\u0159\u00e1telstv\u00ed Libanonsk\u00fd Hizball\u00e1h zas\u00e1hl proti \u00fadajn\u00e9mu&#8230;<\/p>\n","protected":false},"author":2,"featured_media":62416,"comment_status":"closed","ping_status":"closed","sticky":false,"template":"","format":"standard","meta":[],"categories":[7],"tags":[347,107,405,4199],"_links":{"self":[{"href":"https:\/\/www.infokuryr.cz\/n\/wp-json\/wp\/v2\/posts\/67380"}],"collection":[{"href":"https:\/\/www.infokuryr.cz\/n\/wp-json\/wp\/v2\/posts"}],"about":[{"href":"https:\/\/www.infokuryr.cz\/n\/wp-json\/wp\/v2\/types\/post"}],"author":[{"embeddable":true,"href":"https:\/\/www.infokuryr.cz\/n\/wp-json\/wp\/v2\/users\/2"}],"replies":[{"embeddable":true,"href":"https:\/\/www.infokuryr.cz\/n\/wp-json\/wp\/v2\/comments?post=67380"}],"version-history":[{"count":0,"href":"https:\/\/www.infokuryr.cz\/n\/wp-json\/wp\/v2\/posts\/67380\/revisions"}],"wp:featuredmedia":[{"embeddable":true,"href":"https:\/\/www.infokuryr.cz\/n\/wp-json\/wp\/v2\/media\/62416"}],"wp:attachment":[{"href":"https:\/\/www.infokuryr.cz\/n\/wp-json\/wp\/v2\/media?parent=67380"}],"wp:term":[{"taxonomy":"category","embeddable":true,"href":"https:\/\/www.infokuryr.cz\/n\/wp-json\/wp\/v2\/categories?post=67380"},{"taxonomy":"post_tag","embeddable":true,"href":"https:\/\/www.infokuryr.cz\/n\/wp-json\/wp\/v2\/tags?post=67380"}],"curies":[{"name":"wp","href":"https:\/\/api.w.org\/{rel}","templated":true}]}}