{"id":67378,"date":"2024-12-03T06:15:45","date_gmt":"2024-12-03T05:15:45","guid":{"rendered":"https:\/\/www.infokuryr.cz\/n\/?p=67378"},"modified":"2024-12-03T06:15:45","modified_gmt":"2024-12-03T05:15:45","slug":"zelenskyj-na-tiskove-konferenci-urazel-rusko","status":"publish","type":"post","link":"https:\/\/www.infokuryr.cz\/n\/2024\/12\/03\/zelenskyj-na-tiskove-konferenci-urazel-rusko\/","title":{"rendered":"Zelenskyj na tiskov\u00e9 konferenci ur\u00e1\u017eel Rusko"},"content":{"rendered":"<div id=\"fb-root\"><\/div>\n<p><span style=\"font-size: 18pt;\"><strong>Kyjev se uch\u00fdlil k hrub\u00fdm hesl\u016fm, aby odm\u00edtl jakoukoli my\u0161lenku m\u00edrov\u00fdch rozhovor\u016f<\/strong><\/span><\/p>\n<p><span>Ukrajinsk\u00fd Vladimir Zelenskyj vylou\u010dil jak\u00e1koli jedn\u00e1n\u00ed s Ruskem a b\u011bhem spole\u010dn\u00e9 tiskov\u00e9 konference s n\u011bmeck\u00fdm kancl\u00e9\u0159em Olafem Scholzem poslal do Moskvy hrub\u00fd vzkaz.<\/span><\/p>\n<p><span>Zelenskij postavil jedn\u00e1n\u00ed s Ruskem mimo z\u00e1kon a trval na tom, \u017ee pouze jeho desetibodov\u00fd \u201em\u00edrov\u00fd vzorec\u201c \u2013 odpov\u00eddaj\u00edc\u00ed rusk\u00e9 kapitulaci \u2013 m\u016f\u017ee ukon\u010dit boje spravedliv\u00fdm zp\u016fsobem. Moskva jeho postoj odm\u00edtla jako sm\u011b\u0161n\u00fd.<\/span><\/p>\n<p><span>B\u011bhem pond\u011bln\u00ed tiskov\u00e9 konference se Scholzem, kter\u00fd p\u0159ijel do Kyjeva, i kdy\u017e se N\u011bmecko p\u0159ipravovalo na p\u0159ed\u010dasn\u00e9 volby, byl Zelenskij dot\u00e1z\u00e1n, co by Rusko m\u011blo ud\u011blat, aby m\u00edrov\u00e1 jedn\u00e1n\u00ed za\u010dala.<\/span><\/p>\n<p><em><span>\u201eCo by m\u011blo Rusko d\u011blat? Rad\u011bji j\u00edt [n\u011bkam vulg\u00e1rn\u00edm],\u201c<\/span><\/em><span>\u00a0odpov\u011bd\u011bl za sm\u00edchu novin\u00e1\u0159\u016f.<\/span><\/p>\n<p><span>Stejnou fr\u00e1zi v ru\u0161tin\u011b pou\u017eila ukrajinsk\u00e1 propaganda k tvrzen\u00ed o hrdinsk\u00e9m posledn\u00edm postaven\u00ed na Had\u00edm ostrov\u011b v \u010cern\u00e9m mo\u0159i na za\u010d\u00e1tku konfliktu. Jednotka, kter\u00e1 \u00fadajn\u011b prozradila ruskou v\u00e1le\u010dnou lo\u010f a hrdinn\u011b zahynula, se v\u0161ak rychle\u00a0<\/span><a href=\"https:\/\/swentr.site\/russia\/550603-snake-island-border-guards\/\"><span>uk\u00e1zala \u017eiv\u00e1<\/span><\/a><span>\u00a0jako zajatci a p\u0159\u00edb\u011bh se uk\u00e1zal b\u00fdt fikc\u00ed.<\/span><\/p>\n<p><span>Zelenskyj je\u00a0<\/span><em><span>\u201eklaun\u201c,<\/span><\/em><span>\u00a0kter\u00fd p\u0159edst\u00edr\u00e1, \u017ee je n\u011bkdo d\u016fle\u017eit\u00fd, \u0159ekl Alexej \u010cepa, m\u00edstop\u0159edseda v\u00fdboru pro mezin\u00e1rodn\u00ed z\u00e1le\u017eitosti rusk\u00e9 dumy, a dodal, \u017ee ukrajinsk\u00fd politik si mus\u00ed pamatovat,\u00a0<\/span><em><span>\u017ee \u201eje nad n\u00edm banda loutk\u00e1\u0159\u016f\u201c.<\/span><\/em><\/p>\n<p><span>Z\u00e1pad jen hled\u00e1 p\u0159\u00edle\u017eitost, jak se Zelensk\u00e9ho zbavit, \u0159ekl Chepa rusk\u00e9mu port\u00e1lu Lenta. USA a jejich spojenci maj\u00ed v \u00famyslu vyu\u017e\u00edt Ukrajinu k oslaben\u00ed Ruska, \u0159ekl.<\/span><\/p>\n<p><em><span>&#8222;Nepovedlo se jim to, tak\u017ee hledaj\u00ed cestu z t\u00e9to situace,&#8220;<\/span><\/em><span>\u00a0dodal Chepa.<\/span><\/p>\n<p><span>V rozhovoru pro Sky News\u00a0<\/span><a href=\"https:\/\/swentr.site\/russia\/608462-fallen-ukrainians-won-zelensky\/\"><span>vydan\u00e9m<\/span><\/a><span>\u00a0o v\u00edkendu Zelenskij tvrdil, \u017ee Ukrajinci, kte\u0159\u00ed zem\u0159eli v boj\u00edch od roku 2022,\u00a0<\/span><em><span>\u201eji\u017e vyhr\u00e1li\u201c,<\/span><\/em><span>\u00a0proto\u017ee jejich smrt umo\u017enila Kyjevu zajistit si podporu ze Z\u00e1padu, aby mohl pokra\u010dovat v boj\u00edch.<\/span><\/p>\n<p><span>\u201e[Na\u0161\u00ed] nejd\u016fle\u017eit\u011bj\u0161\u00ed zbran\u00ed jsou na\u0161i lid\u00e9,\u201c \u0159ekl Zelenskyj a dodal, \u017ee pokud Z\u00e1pad p\u0159estane Ukrajin\u011b pos\u00edlat pen\u00edze, zbran\u011b a munici,\u00a0<\/span><em><span>\u201eztrat\u00edme v\u0161echno\u201c.<\/span><\/em><\/p>\n<p><img decoding=\"async\" loading=\"lazy\" class=\"alignnone size-full wp-image-1185\" src=\"http:\/\/www.infokuryr.cz\/n\/wp-content\/uploads\/2021\/04\/kuryr-podpis.png\" alt=\"\" width=\"84\" height=\"24\" \/><\/p>\n<p>&nbsp;<\/p>\n","protected":false},"excerpt":{"rendered":"<p>Kyjev se uch\u00fdlil k hrub\u00fdm hesl\u016fm, aby odm\u00edtl jakoukoli my\u0161lenku m\u00edrov\u00fdch rozhovor\u016f Ukrajinsk\u00fd Vladimir Zelenskyj&#8230;<\/p>\n","protected":false},"author":2,"featured_media":67379,"comment_status":"closed","ping_status":"closed","sticky":false,"template":"","format":"standard","meta":[],"categories":[7],"tags":[22,4503,1370,1000],"_links":{"self":[{"href":"https:\/\/www.infokuryr.cz\/n\/wp-json\/wp\/v2\/posts\/67378"}],"collection":[{"href":"https:\/\/www.infokuryr.cz\/n\/wp-json\/wp\/v2\/posts"}],"about":[{"href":"https:\/\/www.infokuryr.cz\/n\/wp-json\/wp\/v2\/types\/post"}],"author":[{"embeddable":true,"href":"https:\/\/www.infokuryr.cz\/n\/wp-json\/wp\/v2\/users\/2"}],"replies":[{"embeddable":true,"href":"https:\/\/www.infokuryr.cz\/n\/wp-json\/wp\/v2\/comments?post=67378"}],"version-history":[{"count":0,"href":"https:\/\/www.infokuryr.cz\/n\/wp-json\/wp\/v2\/posts\/67378\/revisions"}],"wp:featuredmedia":[{"embeddable":true,"href":"https:\/\/www.infokuryr.cz\/n\/wp-json\/wp\/v2\/media\/67379"}],"wp:attachment":[{"href":"https:\/\/www.infokuryr.cz\/n\/wp-json\/wp\/v2\/media?parent=67378"}],"wp:term":[{"taxonomy":"category","embeddable":true,"href":"https:\/\/www.infokuryr.cz\/n\/wp-json\/wp\/v2\/categories?post=67378"},{"taxonomy":"post_tag","embeddable":true,"href":"https:\/\/www.infokuryr.cz\/n\/wp-json\/wp\/v2\/tags?post=67378"}],"curies":[{"name":"wp","href":"https:\/\/api.w.org\/{rel}","templated":true}]}}