{"id":67373,"date":"2024-12-03T06:07:32","date_gmt":"2024-12-03T05:07:32","guid":{"rendered":"https:\/\/www.infokuryr.cz\/n\/?p=67373"},"modified":"2024-12-03T06:07:32","modified_gmt":"2024-12-03T05:07:32","slug":"erdogan-varoval-syrskou-vladu","status":"publish","type":"post","link":"https:\/\/www.infokuryr.cz\/n\/2024\/12\/03\/erdogan-varoval-syrskou-vladu\/","title":{"rendered":"Erdogan varoval syrskou vl\u00e1du"},"content":{"rendered":"<div id=\"fb-root\"><\/div>\n<p><span style=\"font-size: 18pt;\"><strong>Ankara uvedla, \u017ee podporuje Dama\u0161ek, ale domn\u00edv\u00e1 se, \u017ee je t\u0159eba vysly\u0161et \u201elegitimn\u00ed opozici\u201c<\/strong><\/span><\/p>\n<p><span>Tureck\u00fd prezident Recep Tayyip Erdogan prohl\u00e1sil , \u017ee Ankara je odd\u00e1na \u00fazemn\u00ed celistvosti S\u00fdrie a chce, aby se tamn\u00ed konflikt vy\u0159e\u0161il v souladu s\u00a0<\/span><em><span>\u201elegitimn\u00edmi p\u0159\u00e1n\u00edmi\u201c<\/span><\/em><span>\u00a0syrsk\u00e9ho lidu.<\/span><\/p>\n<p><span>Erdogan na spole\u010dn\u00e9 tiskov\u00e9 konferenci s \u010dernohorsk\u00fdm prezidentem Jakovem Milatovi\u010dem komentoval ned\u00e1vn\u00e9 obnoven\u00ed boj\u016f v S\u00fdrii z minul\u00e9ho t\u00fddne. Islamisti\u010dt\u00ed militanti z Hayat Tahrir-al-Sham (HTS) a dal\u0161\u00ed skupiny zah\u00e1jily rozs\u00e1hlou ofenz\u00edvu z provincie Idlib sm\u011brem k Aleppu, Ham\u00e1 a Homsu.<\/span><\/p>\n<p><em><span>\u201eNa\u0161\u00edm nejv\u011bt\u0161\u00edm p\u0159\u00e1n\u00edm je, aby byla zachov\u00e1na \u00fazemn\u00ed celistvost a n\u00e1rodn\u00ed jednota S\u00fdrie a aby [konflikt] skon\u010dil konsensem v souladu s legitimn\u00edmi po\u017eadavky syrsk\u00e9ho lidu,\u201c<\/span><\/em><span>\u00a0\u0159ekl Erdogan v pond\u011bl\u00ed podle tureck\u00fdch m\u00e9di\u00ed.<\/span><\/p>\n<p><span>Ned\u00e1vn\u00e9 ud\u00e1losti\u00a0<\/span><em><span>\u201epotvrdily \u201c<\/span><\/em><span> , \u017ee Turecko m\u011blo pravdu, \u0159ekl Erdogan.<\/span><\/p>\n<p><span>Tureck\u00fd ministr zahrani\u010d\u00ed a \u0161\u00e9f n\u00e1rodn\u00ed zpravodajsk\u00e9 slu\u017eby <\/span><em><span>\u201enep\u0159etr\u017eit\u011b konzultuj\u00ed\u201c<\/span><\/em><span>\u00a0se sv\u00fdmi kolegy, dodal Erdogan s t\u00edm, \u017ee Ankara\u00a0<\/span><em><span>\u201eneust\u00e1le monitoruje proces na m\u00edst\u011b\u201c.<\/span><\/em><\/p>\n<p><span>Mezit\u00edm se zd\u00e1, \u017ee tureck\u00fd ministr zahrani\u010d\u00ed Hakan Fidan obvi\u0148uje vl\u00e1du v Dama\u0161ku z d\u017eih\u00e1distick\u00e9ho n\u00e1poru, kter\u00fd za\u010dal minul\u00fd t\u00fdden.<\/span><\/p>\n<p><em><span>&#8222;D\u016fvodem pro obnoven\u00ed rozs\u00e1hl\u00e9ho konfliktu v S\u00fdrii je to, \u017ee propojen\u00e9 probl\u00e9my zem\u011b z\u016fst\u00e1vaj\u00ed nevy\u0159e\u0161en\u00e9 v\u00edce ne\u017e 13 let,&#8220;<\/span><\/em><span>\u00a0\u0159ekl Fidan na tiskov\u00e9 konferenci se sv\u00fdm \u00edr\u00e1nsk\u00fdm prot\u011bj\u0161kem Abb\u00e1sem Aragh\u010d\u00edm.<\/span><\/p>\n<p><span>Fidan argumentoval, \u017ee vl\u00e1da prezidenta Ba\u0161\u00e1ra Asada ud\u011blala\u00a0<\/span><em><span>\u201echybu\u201c,<\/span><\/em><span>\u00a0kdy\u017e ignorovala\u00a0<\/span><em><span>\u201elegitimn\u00ed po\u017eadavky opozice\u201c<\/span><\/em><span>\u00a0a nezapojila se do politick\u00e9ho procesu.<\/span><\/p>\n<p><em><span>\u201eV\u017edy jsme podporovali ochranu \u00fazemn\u00ed celistvosti a jednoty S\u00fdrie. Od nyn\u011bj\u0161ka to budeme tak\u00e9 podporovat,\u201c<\/span><\/em><span>\u00a0dodal Fidan.<\/span><\/p>\n<p><span>Turecko, \u00cdr\u00e1n a Rusko podepsaly v roce 2017 dohodu o podpo\u0159e \u00fazemn\u00ed celistvosti S\u00fdrie a ukon\u010den\u00ed v\u00e1lky zah\u00e1jen\u00e9 protivl\u00e1dn\u00edmi rebely v roce 2011. Erdogan citoval Astansk\u00fd proces, pojmenovan\u00fd po hlavn\u00edm m\u011bst\u011b Kazachst\u00e1nu, kde byla dohoda uzav\u0159ena, zas\u00e1hnout v S\u00fdrii na ja\u0159e 2020, kdy\u017e se syrsk\u00e1 arm\u00e1da p\u0159ibl\u00ed\u017eila k posledn\u00ed zb\u00fdvaj\u00edc\u00ed ba\u0161t\u011b militant\u016f v Idlibu. Moskva a Ankara nakonec vyjednaly p\u0159\u00edm\u011b\u0159\u00ed, kter\u00e9 zav\u00e1zalo T\u00fcrkiye k odd\u011blen\u00ed <\/span><em><span>\u201elegitimn\u00ed opozice\u201c<\/span><\/em><span>\u00a0od terorist\u016f spojen\u00fdch s al-K\u00e1idou, jako je HTS.<\/span><\/p>\n<p><span>P\u0159ekvapiv\u00fd \u00fatok HTS a jej\u00edch spojenc\u016f z minul\u00e9ho t\u00fddne jim umo\u017enil poprv\u00e9 od roku 2016 vstoupit do m\u011bsta Aleppo a zatla\u010dit vl\u00e1dn\u00ed s\u00edly sm\u011brem k Ham\u00e1m a Homsu. Rusk\u00e9 expedi\u010dn\u00ed s\u00edly v S\u00fdrii p\u0159i\u0161ly Dama\u0161ku na pomoc t\u00edm, \u017ee zahajuj\u00ed neust\u00e1l\u00e9 leteck\u00e9 \u00fatoky proti ozbrojenc\u016fm.<\/span><\/p>\n<p><img decoding=\"async\" loading=\"lazy\" class=\"alignnone size-full wp-image-1185\" src=\"http:\/\/www.infokuryr.cz\/n\/wp-content\/uploads\/2021\/04\/kuryr-podpis.png\" alt=\"\" width=\"84\" height=\"24\" \/><\/p>\n<p>&nbsp;<\/p>\n","protected":false},"excerpt":{"rendered":"<p>Ankara uvedla, \u017ee podporuje Dama\u0161ek, ale domn\u00edv\u00e1 se, \u017ee je t\u0159eba vysly\u0161et \u201elegitimn\u00ed opozici\u201c Tureck\u00fd&#8230;<\/p>\n","protected":false},"author":2,"featured_media":67374,"comment_status":"closed","ping_status":"closed","sticky":false,"template":"","format":"standard","meta":[],"categories":[7],"tags":[56,147,55,1402],"_links":{"self":[{"href":"https:\/\/www.infokuryr.cz\/n\/wp-json\/wp\/v2\/posts\/67373"}],"collection":[{"href":"https:\/\/www.infokuryr.cz\/n\/wp-json\/wp\/v2\/posts"}],"about":[{"href":"https:\/\/www.infokuryr.cz\/n\/wp-json\/wp\/v2\/types\/post"}],"author":[{"embeddable":true,"href":"https:\/\/www.infokuryr.cz\/n\/wp-json\/wp\/v2\/users\/2"}],"replies":[{"embeddable":true,"href":"https:\/\/www.infokuryr.cz\/n\/wp-json\/wp\/v2\/comments?post=67373"}],"version-history":[{"count":0,"href":"https:\/\/www.infokuryr.cz\/n\/wp-json\/wp\/v2\/posts\/67373\/revisions"}],"wp:featuredmedia":[{"embeddable":true,"href":"https:\/\/www.infokuryr.cz\/n\/wp-json\/wp\/v2\/media\/67374"}],"wp:attachment":[{"href":"https:\/\/www.infokuryr.cz\/n\/wp-json\/wp\/v2\/media?parent=67373"}],"wp:term":[{"taxonomy":"category","embeddable":true,"href":"https:\/\/www.infokuryr.cz\/n\/wp-json\/wp\/v2\/categories?post=67373"},{"taxonomy":"post_tag","embeddable":true,"href":"https:\/\/www.infokuryr.cz\/n\/wp-json\/wp\/v2\/tags?post=67373"}],"curies":[{"name":"wp","href":"https:\/\/api.w.org\/{rel}","templated":true}]}}