{"id":67311,"date":"2024-12-02T05:38:15","date_gmt":"2024-12-02T04:38:15","guid":{"rendered":"https:\/\/www.infokuryr.cz\/n\/?p=67311"},"modified":"2024-12-02T05:38:15","modified_gmt":"2024-12-02T04:38:15","slug":"sledujte-demonstranty-pro-eu-pouzivajici-v-tbilisi-ohnostrojovou-minizbran","status":"publish","type":"post","link":"https:\/\/www.infokuryr.cz\/n\/2024\/12\/02\/sledujte-demonstranty-pro-eu-pouzivajici-v-tbilisi-ohnostrojovou-minizbran\/","title":{"rendered":"SLEDUJTE demonstranty pro EU pou\u017e\u00edvaj\u00edc\u00ed v Tbilisi \u201eoh\u0148ostrojovou minizbra\u0148\u201c"},"content":{"rendered":"<div id=\"fb-root\"><\/div>\n<p><span style=\"font-size: 18pt;\"><strong>P\u0159ed budovou parlamentu v gruz\u00ednsk\u00e9 metropoli op\u011bt do\u0161lo ke st\u0159et\u016fm s polici\u00ed<\/strong><\/span><\/p>\n<div class=\"article__text text \">\n<p><span>Proevrop\u0161t\u00ed demonstranti nasadili v sobotu ve\u010der proti po\u0159\u00e1dkov\u00e9 policii v gruz\u00ednsk\u00e9m hlavn\u00edm m\u011bst\u011b Tbilisi provizorn\u00ed \u201eoh\u0148ostrojovou minizbra\u0148\u201c.<\/span><\/p>\n<p><span>Rozs\u00e1hl\u00e9 protesty vypukly v b\u00fdval\u00e9 sov\u011btsk\u00e9 zemi za\u010d\u00e1tkem tohoto t\u00fddne pot\u00e9, co vl\u00e1dnouc\u00ed strana Gruz\u00ednsk\u00fd sen ozn\u00e1mila zmrazen\u00ed vyjedn\u00e1v\u00e1n\u00ed o vstupu do EU do roku 2028. Premi\u00e9r Irakli Kobachidze obvinil evropsk\u00fd blok z vyu\u017e\u00edv\u00e1n\u00ed p\u0159\u00edstupov\u00fdch rozhovor\u016f k\u00a0<\/span><em><span>\u201evyd\u00edr\u00e1n\u00ed\u201c<\/span><\/em><span>\u00a0Gruzie. .<\/span><\/p>\n<p><span>Demonstranti se shrom\u00e1\u017edili ji\u017e \u010dtvrtou noc v \u0159ad\u011b, aby uspo\u0159\u00e1dali shrom\u00e1\u017ed\u011bn\u00ed p\u0159ed budovou parlamentu. Zat\u00edmco n\u011bkte\u0159\u00ed z\u016fstali pokojn\u00ed, jin\u00ed spustili na policisty oh\u0148ostroj a h\u00e1zeli z\u00e1paln\u00e9 lahve.<\/span><\/p>\n<p><span>Vl\u00e1da obvinila opozi\u010dn\u00ed strany z pokus\u016f o nepokoje a podn\u011bcov\u00e1n\u00ed\u00a0<\/span><em><span>\u201esyst\u00e9mov\u00e9ho n\u00e1sil\u00ed\u201c<\/span><\/em><span>\u00a0na ulici. Gruz\u00ednsk\u00e1 proevropsk\u00e1 prezidentka Salome Zourabichviliov\u00e1 ozna\u010dila protesty za pokojn\u00e9 a obvinila policii z pou\u017eit\u00ed nep\u0159im\u011b\u0159en\u00e9 s\u00edly.\u00a0<\/span><strong>\u00a0<\/strong><span>Tvrdila, \u017ee demonstranti byli ob\u011b\u0165mi\u00a0<\/span><em><span>\u201eprovokac\u00ed\u201c<\/span><\/em><span>\u00a0organizovan\u00fdch vl\u00e1dou.<\/span><\/p>\n<div class=\"article__cover\">\n<div class=\"media\"><picture><source srcset=\" \nhttps:\/\/mf.b37mrtl.ru\/files\/2024.12\/xxs\/674cfbc385f540075e6635cc.png 560w,\n                            https:\/\/mf.b37mrtl.ru\/files\/2024.12\/xs\/674cfbc385f540075e6635cc.png 640w,\n                            https:\/\/mf.b37mrtl.ru\/files\/2024.12\/thumbnail\/674cfbc385f540075e6635cc.png 920w,\n                            https:\/\/mf.b37mrtl.ru\/files\/2024.12\/m\/674cfbc385f540075e6635cc.png 1080w,\n                            https:\/\/mf.b37mrtl.ru\/files\/2024.12\/l\/674cfbc385f540075e6635cc.png 1536w,\n                            https:\/\/mf.b37mrtl.ru\/files\/2024.12\/article\/674cfbc385f540075e6635cc.png 1960w,\n                            https:\/\/mf.b37mrtl.ru\/files\/2024.12\/xxl\/674cfbc385f540075e6635cc.png 2480w\n                        \" media=\"(-webkit-min-device-pixel-ratio: 2) and (min-resolution: 120dpi)\" sizes=\"991px\" data-srcset=\"\n                            https:\/\/mf.b37mrtl.ru\/files\/2024.12\/xxs\/674cfbc385f540075e6635cc.png 560w,\n                            https:\/\/mf.b37mrtl.ru\/files\/2024.12\/xs\/674cfbc385f540075e6635cc.png 640w,\n                            https:\/\/mf.b37mrtl.ru\/files\/2024.12\/thumbnail\/674cfbc385f540075e6635cc.png 920w,\n                            https:\/\/mf.b37mrtl.ru\/files\/2024.12\/m\/674cfbc385f540075e6635cc.png 1080w,\n                            https:\/\/mf.b37mrtl.ru\/files\/2024.12\/l\/674cfbc385f540075e6635cc.png 1536w,\n                            https:\/\/mf.b37mrtl.ru\/files\/2024.12\/article\/674cfbc385f540075e6635cc.png 1960w,\n                            https:\/\/mf.b37mrtl.ru\/files\/2024.12\/xxl\/674cfbc385f540075e6635cc.png 2480w\n                        \" \/><source srcset=\" \nhttps:\/\/mf.b37mrtl.ru\/files\/2024.12\/xxs\/674cfbc385f540075e6635cc.png 280w,\n                            https:\/\/mf.b37mrtl.ru\/files\/2024.12\/xs\/674cfbc385f540075e6635cc.png 320w,\n                            https:\/\/mf.b37mrtl.ru\/files\/2024.12\/thumbnail\/674cfbc385f540075e6635cc.png 460w,\n                            https:\/\/mf.b37mrtl.ru\/files\/2024.12\/m\/674cfbc385f540075e6635cc.png 540w,\n                            https:\/\/mf.b37mrtl.ru\/files\/2024.12\/l\/674cfbc385f540075e6635cc.png 768w,\n                            https:\/\/mf.b37mrtl.ru\/files\/2024.12\/article\/674cfbc385f540075e6635cc.png 980w,\n                            https:\/\/mf.b37mrtl.ru\/files\/2024.12\/xxl\/674cfbc385f540075e6635cc.png 1240w\n                        \" sizes=\"991px\" data-srcset=\"\n                            https:\/\/mf.b37mrtl.ru\/files\/2024.12\/xxs\/674cfbc385f540075e6635cc.png 280w,\n                            https:\/\/mf.b37mrtl.ru\/files\/2024.12\/xs\/674cfbc385f540075e6635cc.png 320w,\n                            https:\/\/mf.b37mrtl.ru\/files\/2024.12\/thumbnail\/674cfbc385f540075e6635cc.png 460w,\n                            https:\/\/mf.b37mrtl.ru\/files\/2024.12\/m\/674cfbc385f540075e6635cc.png 540w,\n                            https:\/\/mf.b37mrtl.ru\/files\/2024.12\/l\/674cfbc385f540075e6635cc.png 768w,\n                            https:\/\/mf.b37mrtl.ru\/files\/2024.12\/article\/674cfbc385f540075e6635cc.png 980w,\n                            https:\/\/mf.b37mrtl.ru\/files\/2024.12\/xxl\/674cfbc385f540075e6635cc.png 1240w\n                        \" \/><img decoding=\"async\" loading=\"lazy\" class=\"read-more__cover lazyautosizes lazyloaded aligncenter\" src=\"https:\/\/mf.b37mrtl.ru\/files\/2024.12\/xxs\/674cfbc385f540075e6635cc.png\" sizes=\"991px\" alt=\"SLEDUJTE demonstranty pro EU pou\u017e\u00edvaj\u00edc\u00ed v Tbilisi \u201eoh\u0148ostrojovou minizbra\u0148\u201c.\" width=\"970\" height=\"545\" data-sizes=\"auto\" data-src=\"https:\/\/mf.b37mrtl.ru\/files\/2024.12\/xxs\/674cfbc385f540075e6635cc.png\" \/><\/picture><\/div>\n<\/div>\n<\/div>\n<div class=\"article__share article__share_bottom\">\n<img decoding=\"async\" loading=\"lazy\" class=\"alignnone size-full wp-image-1185\" src=\"http:\/\/www.infokuryr.cz\/n\/wp-content\/uploads\/2021\/04\/kuryr-podpis.png\" alt=\"\" width=\"84\" height=\"24\" \/><\/div>\n<div><\/div>\n","protected":false},"excerpt":{"rendered":"<p>P\u0159ed budovou parlamentu v gruz\u00ednsk\u00e9 metropoli op\u011bt do\u0161lo ke st\u0159et\u016fm s polici\u00ed Proevrop\u0161t\u00ed demonstranti nasadili&#8230;<\/p>\n","protected":false},"author":2,"featured_media":67312,"comment_status":"closed","ping_status":"closed","sticky":false,"template":"","format":"standard","meta":[],"categories":[7],"tags":[381,239,86,4581],"_links":{"self":[{"href":"https:\/\/www.infokuryr.cz\/n\/wp-json\/wp\/v2\/posts\/67311"}],"collection":[{"href":"https:\/\/www.infokuryr.cz\/n\/wp-json\/wp\/v2\/posts"}],"about":[{"href":"https:\/\/www.infokuryr.cz\/n\/wp-json\/wp\/v2\/types\/post"}],"author":[{"embeddable":true,"href":"https:\/\/www.infokuryr.cz\/n\/wp-json\/wp\/v2\/users\/2"}],"replies":[{"embeddable":true,"href":"https:\/\/www.infokuryr.cz\/n\/wp-json\/wp\/v2\/comments?post=67311"}],"version-history":[{"count":0,"href":"https:\/\/www.infokuryr.cz\/n\/wp-json\/wp\/v2\/posts\/67311\/revisions"}],"wp:featuredmedia":[{"embeddable":true,"href":"https:\/\/www.infokuryr.cz\/n\/wp-json\/wp\/v2\/media\/67312"}],"wp:attachment":[{"href":"https:\/\/www.infokuryr.cz\/n\/wp-json\/wp\/v2\/media?parent=67311"}],"wp:term":[{"taxonomy":"category","embeddable":true,"href":"https:\/\/www.infokuryr.cz\/n\/wp-json\/wp\/v2\/categories?post=67311"},{"taxonomy":"post_tag","embeddable":true,"href":"https:\/\/www.infokuryr.cz\/n\/wp-json\/wp\/v2\/tags?post=67311"}],"curies":[{"name":"wp","href":"https:\/\/api.w.org\/{rel}","templated":true}]}}