{"id":67288,"date":"2024-12-02T00:42:14","date_gmt":"2024-12-01T23:42:14","guid":{"rendered":"https:\/\/www.infokuryr.cz\/n\/?p=67288"},"modified":"2024-12-01T16:12:04","modified_gmt":"2024-12-01T15:12:04","slug":"jindrich-kulhavy-kolonialni-zvyky","status":"publish","type":"post","link":"https:\/\/www.infokuryr.cz\/n\/2024\/12\/02\/jindrich-kulhavy-kolonialni-zvyky\/","title":{"rendered":"Jind\u0159ich Kulhav\u00fd: Koloni\u00e1ln\u00ed zvyky"},"content":{"rendered":"<div id=\"fb-root\"><\/div>\n<p><strong><span class=\"anotation\">Evropa se pova\u017euje naprosto nepr\u00e1v\u00edm za pup\u00edk sv\u011bta. Z historick\u00e9ho hlediska d\u00e1vno p\u0159ed n\u00ed existovaly \u0159\u00ed\u0161e, jejich\u017e kultura, znalosti i vojensk\u00e9 schopnosti byly daleko p\u0159ed t\u00edm, na co na na\u0161em kontinentu p\u0159ich\u00e1zely mnohem pozd\u011bji. Sebest\u0159ednost vl\u00e1dc\u016f na evropsk\u00e9m kontinentu je vcelku proslul\u00e1 a \u010d\u00e1ste\u010dn\u011b p\u0159e\u0161la v dob\u011b os\u00eddlov\u00e1n\u00ed Ameriky i na dal\u0161\u00ed sv\u011btad\u00edl<\/span><\/strong><\/p>\n<p><img decoding=\"async\" loading=\"lazy\" class=\"aligncenter\" src=\"https:\/\/www.inadhled.live\/images\/articles\/kolo_0.jpg\" width=\"954\" height=\"392\" \/><\/p>\n<div id=\"pagetext\">\n<p><span>\u00a0 Takzvan\u00fd Z\u00e1pad postaven\u00fd na z\u00e1kladech evropsk\u00e9 rozp\u00ednavosti m\u00e1 celou dobu sv\u00e9 historie n\u011bkolik z\u00e1kladn\u00edch atribut\u016f. Jedn\u00edm z nich je dlouhodob\u00fd trend vy\u010derp\u00e1v\u00e1n\u00ed a vys\u00e1v\u00e1n\u00ed bohatstv\u00ed ze zem\u00ed, kter\u00e9 r\u016fzn\u00fdm zp\u016fsobem obsazuje a zneu\u017e\u00edv\u00e1. Ji\u017e od starov\u011bku si \u0158ekov\u00e9 a \u0158\u00edman\u00e9 podma\u0148ovali jin\u00e9 n\u00e1rody, zotro\u010dovali je a vyu\u017e\u00edvali ke sv\u00e9mu obohacov\u00e1n\u00ed. St\u0159edov\u011bk byl dobou kolonialismu a snahy objevovat dal\u0161\u00ed m\u00edsta, ze kter\u00fdch by bylo mo\u017eno ukradnout v\u0161e, co \u0161lo. Zlatem, drahokamy a dal\u0161\u00edmi poklady nap\u011bchovan\u00e9 lod\u011b sm\u011b\u0159ovaly do \u0160pan\u011blska, Portugalska, Francie, Anglie a dal\u0161\u00edch n\u00e1mo\u0159n\u00edch velmoc\u00ed. Doba, kdy si Spojen\u00e9 st\u00e1ty zvolily samostatnost, znamenala jen roz\u0161\u00ed\u0159en\u00ed po\u010dtu zem\u00ed, kter\u00e9 si n\u00e1rokovaly bohatstv\u00ed jim nepat\u0159\u00edc\u00ed. Z\u00e1pad se stal kompletn\u00edm a nastupuj\u00edc\u00ed globalismus umo\u017enil nad\u00e1le drancovat p\u0159edev\u0161\u00edm Afriku.<\/span><\/p>\n<p><span>\u00a0 Afrika je velmi bohat\u00fdm kontinentem udr\u017eovan\u00fdm v\u0161ak v pocitu, \u017ee je huben\u00fd. P\u0159itom pr\u00e1v\u011b tam se nach\u00e1z\u00ed solidn\u00ed z\u00e1soby ropy, zlata, drahokam\u016f, ale tak\u00e9 nerosty pot\u0159ebn\u00e9 pro elektrifikaci Z\u00e1padu. V\u0161echny greendealov\u00e9 \u00fachylnosti vych\u00e1zej\u00ed p\u0159itom z pocitu, \u017ee Afrika poskytne Evrop\u011b v\u0161e, co m\u016f\u017ee nab\u00eddnout. Historicky vn\u00edman\u00e1 pod\u0159adnost \u010dern\u00e9ho kontinentu ov\u0161em za\u010d\u00edn\u00e1 m\u00edt mnoho trhlin. Obyvatel\u016fm africk\u00fdch st\u00e1t\u016f u\u017e d\u00e1vno doch\u00e1z\u00ed, \u017ee je Evropan\u00e9 dlouh\u00e1 stolet\u00ed zneu\u017e\u00edvali a za minim\u00e1ln\u00ed ceny z\u00edsk\u00e1vali bohatstv\u00ed pat\u0159\u00edc\u00ed n\u011bkomu jin\u00e9mu. Jist\u011b, uv\u011bdomujeme si jist\u00fd inteligen\u010dn\u00ed n\u00e1skok Evropy zaji\u0161\u0165uj\u00edc\u00ed j\u00ed v minul\u00e9 dob\u011b i v sou\u010dasnosti ur\u010ditou nadvl\u00e1du nad Afrikou, nicm\u00e9n\u011b pr\u00e1v\u011b globalismus otev\u0159el mo\u017enosti i Afri\u010dan\u016fm v oblasti vzd\u011bl\u00e1n\u00ed a posun jejich uva\u017eov\u00e1n\u00ed i \u00fahlu pohledu na svou situaci, \u010d\u00edm\u017e se mnoh\u00e9 zm\u011bnilo.<\/span><\/p>\n<p><span>\u00a0 V okam\u017eiku, kdy Evropsk\u00e1 unie pod sebou pod\u0159ez\u00e1v\u00e1 Green Dealem v\u011btev, na kter\u00e9 sed\u00ed, co\u017e p\u0159in\u00e1\u0161\u00ed probl\u00e9my i evropsk\u00fdm zna\u010dk\u00e1m dosud maj\u00edc\u00edm p\u0159evahu nad jin\u00fdmi, p\u0159ich\u00e1z\u00ed Z\u00e1pad i o Afriku. Obrovskou expanzi v n\u00ed za\u017e\u00edv\u00e1 \u010c\u00edna, kter\u00e1 mohutn\u011b investuje na cel\u00e9m kontinentu. Pro Afri\u010dany to je zm\u011bna koloniz\u00e1tor\u016f, co\u017e jim jednou dojde, nicm\u00e9n\u011b \u010c\u00ed\u0148an\u00e9 v Africe utr\u00e1c\u00ed pen\u00edze a pozvedaj\u00ed m\u00edstn\u00edm soci\u00e1ln\u00ed standardy. Co\u017e Z\u00e1pad d\u011blal jen ve velmi omezen\u00e9 m\u00ed\u0159e. Je t\u0159eba si p\u0159iznat, \u017ee v\u0161echny ty sv\u011btov\u00e9 organizace v\u010detn\u011b Rud\u00e9ho k\u0159\u00ed\u017ee \u010di c\u00edrkevn\u00edch \u0159\u00e1d\u016f p\u0159edev\u0161\u00edm pom\u00e1haly plundrovat africk\u00e9 bohatstv\u00ed. Nadace Billa a Melindy Gatesov\u00fdch tam testovala mnoh\u00e9 sv\u00e9 \u201emedikamenty\u201c na dosp\u011bl\u00e9 i d\u011btech a pouze p\u0159isp\u011bla ke \u0161patn\u00e9mu obrazu Z\u00e1padu. Historicky ani americk\u00fd otrok\u00e1\u0159i zrovna dobr\u00e9 jm\u00e9no sv\u00e9 zemi neud\u011blali, a to v\u0161e se nyn\u00ed s\u010d\u00edt\u00e1. P\u0159idat lze i vojensk\u00e1 dobrodru\u017estv\u00ed zahrani\u010dn\u00edch koloniza\u010dn\u00edch jednotek, p\u0159i\u010dem\u017e doch\u00e1z\u00ed k jejich vytla\u010dov\u00e1n\u00ed a d\u016fv\u011bru dost\u00e1vaj\u00ed Rusi.<\/span><\/p>\n<p><span>\u00a0 Abychom byli objektivn\u00ed, Jihoafrick\u00e1 republika byla v dob\u011b Apartheidu mnohem pokrokov\u011bj\u0161\u00ed, bezpe\u010dn\u011bj\u0161\u00ed a ekonomicky stabiln\u011bj\u0161\u00ed, ne\u017e je tomu nyn\u00ed. B\u011blo\u0161i by p\u0159i rozumn\u00e9m p\u0159\u00edstupu byli pro Afriku p\u0159\u00ednosem. Bohu\u017eel hami\u017enost Z\u00e1padu p\u0159ev\u00fd\u0161ila v\u0161echno dobro, kter\u00e9 byli Evropan\u00e9 schopni v Africe \u0161\u00ed\u0159it. I proto jsou vytla\u010dov\u00e1ni a nad\u011bje Afri\u010dan\u016f m\u00ed\u0159\u00ed k jin\u00fdm st\u00e1t\u016fm. Evropsk\u00e1 unie t\u00fdm p\u0159ich\u00e1z\u00ed o dal\u0161\u00ed zdroj bohatstv\u00ed, energi\u00ed a potravin. I proto st\u00e1le v\u00edce \u017e\u00e1rliv\u011b a chtiv\u011b pokukuje po jin\u00fdch m\u00edstech stejn\u011b dob\u0159e schopn\u00fdch zajistit jej\u00ed nenasytnost. Nej\u017e\u00e1dan\u011bj\u0161\u00edm \u00fazem\u00edm je Rusko. Je t\u0159eba si \u0159\u00edct, \u017ee v tu chv\u00edli si se Spojen\u00fdmi st\u00e1ty nav\u00edc konkuruje. Co\u017e brzy zn\u00e1.<\/span><\/p>\n<p><span>\u00a0 Evropsk\u00e1 unie je v situaci, kdy by m\u011bla velmi rychle p\u0159ej\u00edt k poko\u0159e a maxim\u00e1ln\u00ed efektivit\u011b v \u010derp\u00e1n\u00ed vlastn\u00edch zdroj\u016f. Lidsk\u00fdch, materi\u00e1ln\u00edch i p\u0159\u00edrodn\u00edch. St\u00e1le m\u00e1 je\u0161t\u011b velk\u00fd potenci\u00e1l, bohu\u017eel ovl\u00e1dan\u00fd \u0161patn\u00fdm politick\u00fdm veden\u00edm. Mizern\u00e1 a arogantn\u00ed zahrani\u010dn\u00ed politika, rozhazov\u00e1n\u00ed pen\u011bz, kter\u00e9 nem\u00e1, destruk\u010dn\u00ed Green Deal, z\u00e1vody ve zbrojen\u00ed, likvidace vlastn\u00edho zem\u011bd\u011blstv\u00ed, energetiky a pr\u016fmyslu, nesmysly o Great Resetu. To v\u0161e n\u00e1s dovede k bolestiv\u00e9mu proz\u0159en\u00ed znamenaj\u00edc\u00edmu, \u017ee jsme vlastn\u011b bezv\u00fdznamn\u00ed. Spojen\u00e9 st\u00e1ty se pod Trumpem budou sna\u017eit o jistou sv\u011btovou rehabilitaci, \u010c\u00edna ekonomicky v\u00e1lcuje sv\u011bt, Rusko uk\u00e1zalo nulovou obavu z vojensk\u00e9ho potenci\u00e1lu Z\u00e1padu a i ekonomicky se vysm\u00e1lo v\u0161em z\u00e1padn\u00edm sankc\u00edm, Japonsko se neb\u00e1lo uk\u00e1zat na covidov\u00fd zlo\u010din elit, jen EU jede d\u00e1l svou sebelikvidaci. Te\u010f p\u0159ich\u00e1z\u00ed o Afriku a jen to nejhor\u0161\u00ed z n\u00ed si pou\u0161t\u011b dom\u016f. Jak dlouho bude trvat, ne\u017e to voli\u010di pochop\u00ed?<\/span><\/p>\n<p><a href=\"https:\/\/www.inadhled.live\/uvaha-dne\/kolonialni-zvyky\/\">Jind\u0159ich Kulhav\u00fd<\/a><\/p>\n<p><img decoding=\"async\" loading=\"lazy\" class=\"alignnone size-full wp-image-48136\" src=\"http:\/\/www.infokuryr.cz\/n\/wp-content\/uploads\/2024\/02\/kulhavy-jindrich.jpg\" alt=\"\" width=\"219\" height=\"221\" srcset=\"https:\/\/www.infokuryr.cz\/n\/wp-content\/uploads\/2024\/02\/kulhavy-jindrich.jpg 219w, https:\/\/www.infokuryr.cz\/n\/wp-content\/uploads\/2024\/02\/kulhavy-jindrich-150x150.jpg 150w\" sizes=\"(max-width: 219px) 100vw, 219px\" \/><\/p>\n<p>&nbsp;<\/p>\n<\/div>\n","protected":false},"excerpt":{"rendered":"<p>Evropa se pova\u017euje naprosto nepr\u00e1v\u00edm za pup\u00edk sv\u011bta. Z historick\u00e9ho hlediska d\u00e1vno p\u0159ed n\u00ed existovaly&#8230;<\/p>\n","protected":false},"author":2,"featured_media":31987,"comment_status":"closed","ping_status":"closed","sticky":false,"template":"","format":"standard","meta":[],"categories":[6],"tags":[41,3162,1503,122],"_links":{"self":[{"href":"https:\/\/www.infokuryr.cz\/n\/wp-json\/wp\/v2\/posts\/67288"}],"collection":[{"href":"https:\/\/www.infokuryr.cz\/n\/wp-json\/wp\/v2\/posts"}],"about":[{"href":"https:\/\/www.infokuryr.cz\/n\/wp-json\/wp\/v2\/types\/post"}],"author":[{"embeddable":true,"href":"https:\/\/www.infokuryr.cz\/n\/wp-json\/wp\/v2\/users\/2"}],"replies":[{"embeddable":true,"href":"https:\/\/www.infokuryr.cz\/n\/wp-json\/wp\/v2\/comments?post=67288"}],"version-history":[{"count":1,"href":"https:\/\/www.infokuryr.cz\/n\/wp-json\/wp\/v2\/posts\/67288\/revisions"}],"predecessor-version":[{"id":67289,"href":"https:\/\/www.infokuryr.cz\/n\/wp-json\/wp\/v2\/posts\/67288\/revisions\/67289"}],"wp:featuredmedia":[{"embeddable":true,"href":"https:\/\/www.infokuryr.cz\/n\/wp-json\/wp\/v2\/media\/31987"}],"wp:attachment":[{"href":"https:\/\/www.infokuryr.cz\/n\/wp-json\/wp\/v2\/media?parent=67288"}],"wp:term":[{"taxonomy":"category","embeddable":true,"href":"https:\/\/www.infokuryr.cz\/n\/wp-json\/wp\/v2\/categories?post=67288"},{"taxonomy":"post_tag","embeddable":true,"href":"https:\/\/www.infokuryr.cz\/n\/wp-json\/wp\/v2\/tags?post=67288"}],"curies":[{"name":"wp","href":"https:\/\/api.w.org\/{rel}","templated":true}]}}