{"id":67276,"date":"2024-12-02T00:41:24","date_gmt":"2024-12-01T23:41:24","guid":{"rendered":"https:\/\/www.infokuryr.cz\/n\/?p=67276"},"modified":"2024-12-01T16:12:43","modified_gmt":"2024-12-01T15:12:43","slug":"ruske-letectvi-o-vikendu-zasahlo-infrastrukturu-vojenskych-letist-na-ukrajine","status":"publish","type":"post","link":"https:\/\/www.infokuryr.cz\/n\/2024\/12\/02\/ruske-letectvi-o-vikendu-zasahlo-infrastrukturu-vojenskych-letist-na-ukrajine\/","title":{"rendered":"Rusk\u00e9 letectv\u00ed o v\u00edkendu zas\u00e1hlo infrastrukturu vojensk\u00fdch leti\u0161\u0165 na Ukrajin\u011b"},"content":{"rendered":"<div id=\"fb-root\"><\/div>\n<p class=\"lead\"><strong>Infrastruktura vojensk\u00fdch leti\u0161\u0165, stejn\u011b jako mont\u00e1\u017en\u00ed d\u00edlny a sklady UAV Ozbrojen\u00fdch sil Ukrajiny (UAV) byla po\u0161kozena v d\u016fsledku \u00fader\u016f rusk\u00e9ho letectva za posledn\u00edch 24 hodin. Informovalo o tom rusk\u00e9 ministerstvo obrany.<\/strong><\/p>\n<p><em>\u201eOpera\u010dn\u011b-taktick\u00e9 letectv\u00ed, \u00fato\u010dn\u00e9 bezpilotn\u00ed prost\u0159edky, raketov\u00e1 vojska a d\u011blost\u0159electvo skupin vojsk Ozbrojen\u00fdch sil Rusk\u00e9 federace po\u0161kodily infrastrukturu vojensk\u00fdch leti\u0161\u0165, mont\u00e1\u017en\u00edch d\u00edlen a sklad\u016f bezpilotn\u00edch prost\u0159edk\u016f, jako\u017e i nahromad\u011bn\u00ed nep\u0159\u00e1telsk\u00e9 \u017eiv\u00e9 s\u00edly a vojensk\u00e9 vybaven\u00ed ve 136 regionech,\u201c<span class=\"after-quote\">\u00a0&#8211; uvedlo odd\u011blen\u00ed.<\/span><\/em><\/p>\n<p>D\u0159\u00edve bylo ozn\u00e1meno, \u017ee rusk\u00e1 arm\u00e1da osvobodila Petrovku a Iljinku v DLR.<\/p>\n<p><img decoding=\"async\" loading=\"lazy\" class=\"alignnone size-full wp-image-1185\" src=\"http:\/\/www.infokuryr.cz\/n\/wp-content\/uploads\/2021\/04\/kuryr-podpis.png\" alt=\"\" width=\"84\" height=\"24\" \/><\/p>\n<p>&nbsp;<\/p>\n","protected":false},"excerpt":{"rendered":"<p>Infrastruktura vojensk\u00fdch leti\u0161\u0165, stejn\u011b jako mont\u00e1\u017en\u00ed d\u00edlny a sklady UAV Ozbrojen\u00fdch sil Ukrajiny (UAV) byla&#8230;<\/p>\n","protected":false},"author":2,"featured_media":67277,"comment_status":"closed","ping_status":"closed","sticky":false,"template":"","format":"standard","meta":[],"categories":[7],"tags":[806,22,3540,26],"_links":{"self":[{"href":"https:\/\/www.infokuryr.cz\/n\/wp-json\/wp\/v2\/posts\/67276"}],"collection":[{"href":"https:\/\/www.infokuryr.cz\/n\/wp-json\/wp\/v2\/posts"}],"about":[{"href":"https:\/\/www.infokuryr.cz\/n\/wp-json\/wp\/v2\/types\/post"}],"author":[{"embeddable":true,"href":"https:\/\/www.infokuryr.cz\/n\/wp-json\/wp\/v2\/users\/2"}],"replies":[{"embeddable":true,"href":"https:\/\/www.infokuryr.cz\/n\/wp-json\/wp\/v2\/comments?post=67276"}],"version-history":[{"count":0,"href":"https:\/\/www.infokuryr.cz\/n\/wp-json\/wp\/v2\/posts\/67276\/revisions"}],"wp:featuredmedia":[{"embeddable":true,"href":"https:\/\/www.infokuryr.cz\/n\/wp-json\/wp\/v2\/media\/67277"}],"wp:attachment":[{"href":"https:\/\/www.infokuryr.cz\/n\/wp-json\/wp\/v2\/media?parent=67276"}],"wp:term":[{"taxonomy":"category","embeddable":true,"href":"https:\/\/www.infokuryr.cz\/n\/wp-json\/wp\/v2\/categories?post=67276"},{"taxonomy":"post_tag","embeddable":true,"href":"https:\/\/www.infokuryr.cz\/n\/wp-json\/wp\/v2\/tags?post=67276"}],"curies":[{"name":"wp","href":"https:\/\/api.w.org\/{rel}","templated":true}]}}