{"id":67245,"date":"2024-12-01T06:02:05","date_gmt":"2024-12-01T05:02:05","guid":{"rendered":"https:\/\/www.infokuryr.cz\/n\/?p=67245"},"modified":"2024-12-01T06:02:05","modified_gmt":"2024-12-01T05:02:05","slug":"k-zabraneni-klimaticke-pohromy-mezinarodni-menovy-fond-vola-po-vetsich-lockdownech-nez-byli-behem-covidu","status":"publish","type":"post","link":"https:\/\/www.infokuryr.cz\/n\/2024\/12\/01\/k-zabraneni-klimaticke-pohromy-mezinarodni-menovy-fond-vola-po-vetsich-lockdownech-nez-byli-behem-covidu\/","title":{"rendered":"K zabr\u00e1n\u011bn\u00ed \u201eklimatick\u00e9 pohromy\u201c Mezin\u00e1rodn\u00ed m\u011bnov\u00fd fond vol\u00e1 po v\u011bt\u0161\u00edch lockdownech ne\u017e byli b\u011bhem covidu"},"content":{"rendered":"<div id=\"fb-root\"><\/div>\n<p><strong>Na vrcholu lockdown\u016f (blok\u00e1d) zaveden\u00fdch v souvislosti s pandemi\u00ed covidu byla odstavena velk\u00e1 \u010d\u00e1st glob\u00e1ln\u00ed ekonomiky, co\u017e vedlo k nestabilit\u011b dodavatelsk\u00fdch \u0159et\u011bzc\u016f, obrovsk\u00fdm ztr\u00e1t\u00e1m pracovn\u00edch m\u00edst a stagfla\u010dn\u00ed krizi.<\/strong><\/p>\n<p><span>Propagandist\u00e9 \u200b\u200bklimatick\u00fdch zm\u011bn tvrd\u00ed, \u017ee tato ud\u00e1lost byla ve skute\u010dnosti pro planetu pozitivn\u00ed, nebo\u0165 se uk\u00e1zalo, \u017ee emise oxidu uhli\u010dit\u00e9ho b\u011bhem t\u00e9 doby klesly o 5,4%.<\/span><\/p>\n<p><span>Klimati\u010dt\u00ed alarmist\u00e9 d\u00e1le tvrd\u00ed, \u017ee lockdowny souvisej\u00edc\u00ed s covidem byly gener\u00e1ln\u00ed zkou\u0161kou \u201eklimatick\u00fdch blok\u00e1d\u201c \u2013 p\u0159edstavuj\u00ed n\u00e1vod na pl\u00e1nov\u00e1n\u00ed glob\u00e1ln\u00ed ekonomick\u00e9 aktivity jako prost\u0159edku ke zpomalen\u00ed \u00fa\u010dink\u016f zm\u011bny klimatu.<\/span><\/p>\n<p><span>Globalist\u00e9 tak\u00e9 prezentuj\u00ed klimatick\u00e9 lockdowny jako druh kolektivn\u00edho soci\u00e1ln\u00edho trestu v p\u0159\u00edpad\u011b, \u017ee obyvatelstvo odm\u00edtne sn\u00ed\u017eit produkci uhl\u00edku dobrovoln\u011b.<\/span><\/p>\n<p><span>\u201eP\u0159isp\u011bvatelka do agendy\u201c Sv\u011btov\u00e9ho ekonomick\u00e9ho f\u00f3ra (WEF) Mariana Mazzucatoov\u00e1 v roce 2020 \u0159ekla:<\/span><\/p>\n<p><em><span>\u201eV r\u00e1mci \u201eklimatick\u00fdch lockdown\u016f\u201c by vl\u00e1dy omezily pou\u017e\u00edv\u00e1n\u00ed soukrom\u00fdch vozidel, zak\u00e1zaly konzumaci hov\u011bz\u00edho masa a zavedly mimo\u0159\u00e1dn\u00e1 opat\u0159en\u00ed na \u00fasporu energie, zat\u00edmco producenti fosiln\u00edch paliv by museli zastavit svou \u010dinnost.\u00a0<\/span><\/em><em><span>Abychom se vyhnuli takov\u00e9mu sc\u00e9n\u00e1\u0159i, mus\u00edme pracovat s na\u0161imi ekonomick\u00fdmi strukturami a provozovat kapitalismus jinak.\u201c<\/span><\/em><\/p>\n<p><span>Mnoz\u00ed si mysl\u00ed, \u017ee klimatick\u00e1 krize se odli\u0161uje od zdravotn\u00edch a ekonomick\u00fdch kriz\u00ed zp\u016fsoben\u00fdch pandemi\u00ed. Ale tyto 3 krize \u2013 a jejich \u0159e\u0161en\u00ed \u2013 jsou vz\u00e1jemn\u011b propojeny.<\/span><\/p>\n<p><span>Po ve\u0159ejn\u00e9m rozruchu nad my\u0161lenkou roz\u0161\u00ed\u0159en\u00ed pandemick\u00fdch lockdown\u016f na klimatick\u00e9 lockdowny by m\u00e9dia hlavn\u00edho proudu pokra\u010dovala v \u201eov\u011b\u0159ov\u00e1n\u00ed fakt\u016f\u201c a tvrdila, \u017ee jejich odp\u016frci jsou \u201ehoax\u00e9\u0159i\u201c a \u201ekonspira\u010dn\u00ed teoretici\u201c.<\/span><\/p>\n<p><span>Pandemick\u00e9 blok\u00e1dy by se v\u0161ak nakonec stejn\u011b uk\u00e1zaly jako zbyte\u010dn\u00e9. Podobn\u011b ani katastrof\u00e1ln\u00ed pokles glob\u00e1ln\u00ed ekonomiky b\u011bhem covidu nezabr\u00e1nil \u0161\u00ed\u0159en\u00ed viru.<\/span><\/p>\n<h2><span>Co je skute\u010dn\u00fdm motivem zav\u00e1d\u011bn\u00ed lockdown\u016f?<\/span><\/h2>\n<p><span>Nicm\u00e9n\u011b, jak jsme byli sv\u011bdky v\u011bt\u0161iny omezen\u00ed zaveden\u00fdch b\u011bhem covidu, c\u00edlem nikdy nebylo chr\u00e1nit zdrav\u00ed obyvatelstva. C\u00edlem bylo aklimatizovat a p\u0159ivyknout obyvatelstvo na exponenci\u00e1ln\u011b rostouc\u00ed seznam poru\u0161en\u00ed jejich z\u00e1kladn\u00edch pr\u00e1v a svobod.<\/span><\/p>\n<p><span>Jednou organizac\u00ed, kter\u00e1 m\u00e1 jasn\u00fd z\u00e1jem na sni\u017eov\u00e1n\u00ed ekonomick\u00e9 aktivity v z\u00e1jmu p\u0159edch\u00e1zen\u00ed glob\u00e1ln\u00edmu oteplov\u00e1n\u00ed, je\u00a0<\/span><em><span>Mezin\u00e1rodn\u00ed m\u011bnov\u00fd fond<\/span><\/em><span>\u00a0(d\u00e1le jen \u201eMMF\u201c).<\/span><\/p>\n<p><span>V ned\u00e1vn\u00e9 \u201ev\u00fdzv\u011b k glob\u00e1ln\u00ed klimatick\u00e9 akci\u201c MMF uv\u00e1d\u00ed, \u017ee omezen\u00ed ekonomick\u00e9 aktivity a v\u0161eobecn\u00e9 emisn\u00ed aktivity by musela daleko p\u0159ev\u00fd\u0161it ty, kter\u00e9 se uplat\u0148ovaly b\u011bhem pandemie, aby dos\u00e1hly sv\u00e9ho stanoven\u00e9ho teplotn\u00edho c\u00edle zv\u00fd\u0161en\u00ed glob\u00e1ln\u00edch teplot o m\u00e9n\u011b ne\u017e 1,5 \u00b0C.<\/span><\/p>\n<p><span>Prohl\u00e9dn\u011bte si n\u00e1sleduj\u00edc\u00ed 4minutov\u00e9 propagandistick\u00e9 video z d\u00edlny MMF (v angli\u010dtin\u011b):<\/span><\/p>\n<p><iframe loading=\"lazy\" title=\"Tato Critical Decade: A Wake-up Call pro Global Climate Action\" src=\"https:\/\/www.youtube.com\/embed\/1KlFpdM1ba8\" width=\"580\" height=\"326\" frameborder=\"0\" allowfullscreen=\"allowfullscreen\" data-mce-fragment=\"1\"><\/iframe><\/p>\n<div class=\"code-block code-block-9\">\n<div id=\"badat-1872145362\" class=\"badat-highlight-wrapper\">\n<div id=\"badat-1101705103\">\n<p><span>Lockdowny v rozvinut\u00fdch zem\u00edch nemus\u00ed b\u00fdt v kone\u010dn\u00e9m d\u016fsledku n\u00e1strojem, kter\u00fd globalist\u00e9 pou\u017eij\u00ed k dosa\u017een\u00ed \u201enulov\u00e9ho uhl\u00edku\u201c Zda\u0148ov\u00e1n\u00ed uhl\u00edku v masov\u00e9m m\u011b\u0159\u00edtku by mohlo m\u00edt stejn\u00fd \u00fa\u010dinek.<\/span><\/p>\n<\/div>\n<\/div>\n<\/div>\n<p><span>Uhl\u00edkov\u00e9 dan\u011b by p\u016fsobily podobn\u011b jako prudk\u00e9 zv\u00fd\u0161en\u00ed \u00farokov\u00fdch sazeb b\u011b\u017en\u011b pou\u017e\u00edvan\u00e9 centr\u00e1ln\u00edmi bankami na zpomalen\u00ed ekonomick\u00e9 aktivity b\u011bhem inflace.<\/span><\/p>\n<p><span>Nep\u0159\u00edm\u00e9 odstaven\u00ed ekonomiky takov\u00e9ho rozsahu by bylo naprosto zni\u010duj\u00edc\u00ed zejm\u00e9na pro z\u00e1padn\u00ed st\u00e1ty, co\u017e by vedlo k ochromuj\u00edc\u00edmu nedostatku energi\u00ed a potravin, ztr\u00e1t\u011b pracovn\u00edch m\u00edst a nakonec k tot\u00e1ln\u00edmu kolapsu a poklesu populace.<\/span><\/p>\n<p><span>Dosa\u017een\u00ed nulov\u00e9ho uhl\u00edku jinak prost\u011b nen\u00ed mo\u017en\u00e9.<\/span><\/p>\n<p><span>MMF a dal\u0161\u00ed globalistick\u00e9 organizace nazna\u010duj\u00ed, \u017ee v\u0161echny zem\u011b mus\u00ed do roku 2030 dos\u00e1hnout c\u00edle\u00a0<\/span><a href=\"https:\/\/www.badatel.net\/stane-sa-velka-britania-prvou-krajinou-ktoru-znici-klimaticka-agenda-nuloveho-uhlika\/\"><span>nulov\u00e9ho uhl\u00edku<\/span><\/a><span>\u00a0, aby se vyhnuli \u201eklimatick\u00e9mu \u00fatesu\u201c \u2013 teorii, \u017ee jakmile se Zem\u011b otepl\u00ed o v\u00edce ne\u017e 1,5 \u00b0C, dojde k dominov\u00e9mu efektu, kter\u00fd povede k environment\u00e1ln\u00ed katastrof\u011b a je\u0161t\u011b v\u011bt\u0161\u00edm emis\u00edm uhl\u00edku a oteplov\u00e1n\u00ed.<\/span><\/p>\n<p><span>Aby bylo jasn\u00e9, neexistuje \u017e\u00e1dn\u00fd d\u016fkaz, kter\u00fd by podpo\u0159il my\u0161lenku \u201eklimatick\u00e9ho \u00fatesu\u201c, p\u0159edev\u0161\u00edm proto, \u017ee neexistuje \u017e\u00e1dn\u00fd d\u016fkaz o p\u0159\u00ed\u010dinn\u00e9 souvislosti mezi emisemi uhl\u00edku a glob\u00e1ln\u00edm oteplov\u00e1n\u00edm.<\/span><\/p>\n<p><span>Ve skute\u010dnosti neexistuje ani \u017e\u00e1dn\u00fd d\u016fkaz o tom, \u017ee by lidsk\u00fd pr\u016fmysl m\u011bl otepluj\u00edc\u00ed vliv na klima.<\/span><\/p>\n<p><span>Teplotn\u00ed z\u00e1znamy za stovky milion\u016f let dokazuj\u00ed, \u017ee obdob\u00ed oteplov\u00e1n\u00ed jsou z\u00e1kladem klimatick\u00e9 historie Zem\u011b. Pro srovn\u00e1n\u00ed, na\u0161e sou\u010dasn\u00e1 doba je jedna z nejchladn\u011bj\u0161\u00edch, ne nejteplej\u0161\u00edch (jak to ukazuje graf n\u00ed\u017ee).<\/span><\/p>\n<p><span>Klimatologov\u00e9 tyto \u00fadaje ignoruj\u00ed a pou\u017e\u00edvaj\u00ed teplotn\u00ed z\u00e1znamy sahaj\u00edc\u00ed jen do 80. let 19. stolet\u00ed. To znamen\u00e1, \u017ee jejich \u00fadaje jsou zalo\u017eeny na pouh\u00fdch 140 letech historie Zem\u011b.<\/span><\/p>\n<p><span>Na n\u00e1sleduj\u00edc\u00edm grafu si m\u016f\u017eete prohl\u00e9dnout, jak byly pr\u016fm\u011brn\u00e9 teploty na Zemi za posledn\u00edch 485 milion\u016f let:<\/span><\/p>\n<p><img decoding=\"async\" loading=\"lazy\" class=\"aligncenter size-full wp-image-68652\" src=\"https:\/\/www.badatel.net\/wp-content\/uploads\/2024\/11\/graf-teplot.jpg\" sizes=\"(max-width: 781px) 100vw, 781px\" srcset=\"https:\/\/www.badatel.net\/wp-content\/uploads\/2024\/11\/graf-teplot.jpg 781w, https:\/\/www.badatel.net\/wp-content\/uploads\/2024\/11\/graf-teplot-300x164.jpg 300w, https:\/\/www.badatel.net\/wp-content\/uploads\/2024\/11\/graf-teplot-768x420.jpg 768w\" alt=\"\" width=\"781\" height=\"427\" \/><\/p>\n<p><span>Sou\u010dasn\u00e1 rychlost oteplov\u00e1n\u00ed nen\u00ed v\u00fdznamn\u00e1 ve srovn\u00e1n\u00ed s jin\u00fdmi obdob\u00edmi a neexistuje \u017e\u00e1dn\u00fd d\u016fkaz, \u017ee by to zp\u016fsobovala lidsk\u00e1 \u010dinnost.<\/span><\/p>\n<p><span>\u00dadaje o \u00farovn\u00edch uhl\u00edku z minulosti ukazuj\u00ed, \u017ee teploty nemus\u00ed nutn\u011b stoupat spolu s uhl\u00edkovou aktivitou. I emise uhl\u00edku jsou dnes mnohem ni\u017e\u0161\u00ed ne\u017e v minulosti.<\/span><\/p>\n<p><span>Tvrzen\u00ed, \u017ee koncentrace uhl\u00edku v d\u016fsledku lidsk\u00e9 \u010dinnosti m\u00e1 drastick\u00fd vliv na glob\u00e1ln\u00ed teploty (nebo po\u010das\u00ed), je naprosto nepodlo\u017een\u00e9.<\/span><\/p>\n<h2><span>Z\u00e1v\u011br<\/span><\/h2>\n<p><span>Zd\u00e1 se, \u017ee skute\u010dn\u00fd d\u016fvod kontroly klimatu a uhl\u00edkov\u00fdch dan\u00ed m\u00e1 mnohem v\u00edce spole\u010dn\u00e9ho s p\u0159erozd\u011blov\u00e1n\u00edm bohatstv\u00ed z rozvinut\u00fdch do rozvojov\u00fdch zem\u00ed.<\/span><\/p>\n<p><span>Agenda se t\u00fdk\u00e1 centralizace kontroly n\u00e1rodn\u00edho bohatstv\u00ed, jako\u017e i individu\u00e1ln\u00edch svobod a soukrom\u00e9ho vlastnictv\u00ed. A\u00a0<\/span><em><span>Mezin\u00e1rodn\u00ed m\u011bnov\u00fd fond<\/span><\/em><span> by samoz\u0159ejm\u011b cht\u011bl b\u00fdt jednou z instituc\u00ed v \u010dele tohoto imp\u00e9ria spr\u00e1vy majetku.<\/span><\/p>\n<p><span>Autor: Tyler Durden, Zdroj:\u00a0<\/span><a href=\"https:\/\/expose-news.com\/2024\/11\/27\/imf-calls-for-restrictions\/\"><span>expose-news.com<\/span><\/a><\/p>\n<p>&nbsp;<\/p>\n","protected":false},"excerpt":{"rendered":"<p>Na vrcholu lockdown\u016f (blok\u00e1d) zaveden\u00fdch v souvislosti s pandemi\u00ed covidu byla odstavena velk\u00e1 \u010d\u00e1st glob\u00e1ln\u00ed&#8230;<\/p>\n","protected":false},"author":2,"featured_media":67246,"comment_status":"closed","ping_status":"closed","sticky":false,"template":"","format":"standard","meta":[],"categories":[7],"tags":[279,873,1502,1504],"_links":{"self":[{"href":"https:\/\/www.infokuryr.cz\/n\/wp-json\/wp\/v2\/posts\/67245"}],"collection":[{"href":"https:\/\/www.infokuryr.cz\/n\/wp-json\/wp\/v2\/posts"}],"about":[{"href":"https:\/\/www.infokuryr.cz\/n\/wp-json\/wp\/v2\/types\/post"}],"author":[{"embeddable":true,"href":"https:\/\/www.infokuryr.cz\/n\/wp-json\/wp\/v2\/users\/2"}],"replies":[{"embeddable":true,"href":"https:\/\/www.infokuryr.cz\/n\/wp-json\/wp\/v2\/comments?post=67245"}],"version-history":[{"count":0,"href":"https:\/\/www.infokuryr.cz\/n\/wp-json\/wp\/v2\/posts\/67245\/revisions"}],"wp:featuredmedia":[{"embeddable":true,"href":"https:\/\/www.infokuryr.cz\/n\/wp-json\/wp\/v2\/media\/67246"}],"wp:attachment":[{"href":"https:\/\/www.infokuryr.cz\/n\/wp-json\/wp\/v2\/media?parent=67245"}],"wp:term":[{"taxonomy":"category","embeddable":true,"href":"https:\/\/www.infokuryr.cz\/n\/wp-json\/wp\/v2\/categories?post=67245"},{"taxonomy":"post_tag","embeddable":true,"href":"https:\/\/www.infokuryr.cz\/n\/wp-json\/wp\/v2\/tags?post=67245"}],"curies":[{"name":"wp","href":"https:\/\/api.w.org\/{rel}","templated":true}]}}