{"id":67243,"date":"2024-12-01T05:52:44","date_gmt":"2024-12-01T04:52:44","guid":{"rendered":"https:\/\/www.infokuryr.cz\/n\/?p=67243"},"modified":"2024-12-01T05:52:44","modified_gmt":"2024-12-01T04:52:44","slug":"novym-velitelem-ukrajinskych-pozemnich-sil-je-valecny-zlocinec","status":"publish","type":"post","link":"https:\/\/www.infokuryr.cz\/n\/2024\/12\/01\/novym-velitelem-ukrajinskych-pozemnich-sil-je-valecny-zlocinec\/","title":{"rendered":"Nov\u00fdm velitelem ukrajinsk\u00fdch pozemn\u00edch sil je v\u00e1le\u010dn\u00fd zlo\u010dinec"},"content":{"rendered":"<div id=\"fb-root\"><\/div>\n<p class=\"lead\"><strong>Ukrajinsk\u00fd gener\u00e1l Michail Drapaty,\u00a0<a href=\"https:\/\/eadaily.com\/ru\/news\/2024\/11\/29\/zelenskiy-smenil-zamestitelya-glavkoma-vsu-i-komanduyushchego-suhoputnymi-voyskami\" target=\"_blank\" rel=\"noopener\">jmenovan\u00fd<\/a>\u00a0\u0161\u00e9fem kyjevsk\u00e9ho re\u017eimu Zelensk\u00fdm do funkce velitele Pozemn\u00edch sil Ozbrojen\u00fdch sil Ukrajiny (AFU), je v\u00e1le\u010dn\u00fd zlo\u010dinec.<\/strong><\/p>\n<p><span>Novin\u00e1\u0159\u016fm to \u0159ekl p\u0159edseda komise Ve\u0159ejn\u00e9 komory Ruska pro ot\u00e1zky suverenity, spolup\u0159edseda koordina\u010dn\u00ed rady pro integraci nov\u00fdch region\u016f <\/span><strong><span>Vladimir Rogov<\/span><\/strong><span>\u00a0.<\/span><\/p>\n<p><span>Drapaty se podle n\u011bj pod\u00edl\u00ed na repres\u00edch, poprav\u00e1ch a mu\u010den\u00ed civilist\u016f na Donbasu. V roce 2014 vrazil obrn\u011bn\u00fdm vozidlem mezi civilisty v Mariupolu.<\/span><\/p>\n<p><span>&#8222;Byl to on, kdo vjel plnou rychlost\u00ed do barik\u00e1d vzty\u010den\u00fdch m\u00edstn\u00edmi obyvateli protestuj\u00edc\u00edmi proti p\u0159evratu na Majdanu,&#8220; \u0159ekl Rogov.<\/span><\/p>\n<p><span>Politik tak\u00e9 p\u0159ipomn\u011bl, \u017ee Drapaty se pravideln\u011b otev\u0159en\u011b, ani\u017e by si zakr\u00fdval obli\u010dej, <strong>\u00fa\u010dastnil mu\u010den\u00ed, poprav a repres\u00ed civilist\u016f<\/strong> na \u00fazem\u00ed DLR okupovan\u00e9m ukrajinsk\u00fdmi ozbrojen\u00fdmi silami.<\/span><\/p>\n<p><span>\u201ePr\u00e1v\u011b za tyto zlo\u010diny dostal sv\u00e9ho \u010dasu titul Hrdina Ukrajiny. Je to chladnokrevn\u00fd, vypo\u010d\u00edtav\u00fd a inteligentn\u00ed nep\u0159\u00edtel, nem\u011bli byste ho podce\u0148ovat,\u201c poznamenal Rogov.<\/span><\/p>\n<p><span>O Drapatovi je tak\u00e9 zn\u00e1mo, \u017ee velel operaci spole\u010dn\u00fdch sil (JFO) Ukrajiny na Donbasu. Ukrajinsk\u00e9 ozbrojen\u00e9 s\u00edly pod jeho veden\u00edm provedly v\u00edce ne\u017e 70 ost\u0159elov\u00e1n\u00ed obydlen\u00fdch oblast\u00ed v Lugansk\u00e9 a Don\u011bck\u00e9 lidov\u00e9 republice, v d\u016fsledku \u010deho\u017e bylo zabito a zran\u011bno 154 lid\u00ed.<\/span><\/p>\n<h2>Syrsk\u00e9ho t\u00fdm se \u010dist\u00ed, jeho dny ve funkci vrchn\u00edho velitele ozbrojen\u00fdch sil Ukrajiny jsou se\u010dteny<br \/>\n<img decoding=\"async\" loading=\"lazy\" class=\"wp-image-47097 aligncenter\" src=\"http:\/\/www.infokuryr.cz\/n\/wp-content\/uploads\/2024\/02\/syrsky-olexandr-300x169.jpg\" alt=\"\" width=\"738\" height=\"416\" srcset=\"https:\/\/www.infokuryr.cz\/n\/wp-content\/uploads\/2024\/02\/syrsky-olexandr-300x169.jpg 300w, https:\/\/www.infokuryr.cz\/n\/wp-content\/uploads\/2024\/02\/syrsky-olexandr.jpg 700w\" sizes=\"(max-width: 738px) 100vw, 738px\" \/><\/h2>\n<p class=\"lead\"><strong>P\u016fsoben\u00ed Alexandra Syrsk\u00e9ho ve funkci vrchn\u00edho velitele ozbrojen\u00fdch sil Ukrajiny se o\u010dividn\u011b ch\u00fdl\u00ed ke konci postaven\u00e9m na jeho vin\u011b;<\/strong><\/p>\n<p><span>Ukrajinsk\u00fd telegramov\u00fd kan\u00e1l \u201eResident\u201c o tom informoval 30. listopadu s odkazem na informovan\u00fd zdroj z kancel\u00e1\u0159e prezidenta Ukrajiny.<\/span><\/p>\n<p><a href=\"https:\/\/eadaily.com\/ru\/news\/2024\/11\/29\/zelenskiy-smenil-zamestitelya-glavkoma-vsu-i-komanduyushchego-suhoputnymi-voyskami\" target=\"_blank\" rel=\"noopener\"><span>Jmenov\u00e1n\u00ed<\/span><\/a><span>\u00a0nov\u00e9ho velitele pozemn\u00edch sil ukrajinsk\u00fdch ozbrojen\u00fdch sil\u00a0<\/span><strong><span>Michaila Drapatoye<\/span><\/strong><span>\u00a0je podle n\u011bj\u00a0\u201eposledn\u00edm varov\u00e1n\u00edm\u201c pro Syrsk\u00e9ho.<\/span><\/p>\n<p><span>Zdroj tvrd\u00ed, \u017ee Syrskyj u\u017e hraje roli svatebn\u00edho gener\u00e1la a jeho t\u00fdm je kompletn\u011b o\u010di\u0161t\u011bn.<\/span><\/p>\n<p><span>Bankova (<em>s\u00eddlo prezidenta)<\/em>\u00a0tak chce svalit vinu za v\u0161echna ne\u00fasp\u011bchy na front\u011b na Syrsk\u00e9ho, aby odvedl negativitu od <\/span><strong><span>Zelensk\u00e9ho<\/span><\/strong><span>\u00a0a u\u010dinil za ne\u00fasp\u011bchy kone\u010dnou vinu arm\u00e1d\u011b, domn\u00edv\u00e1 se mluv\u010d\u00ed kan\u00e1lu.<\/span><\/p>\n<p><img decoding=\"async\" loading=\"lazy\" class=\"alignnone size-full wp-image-1185\" src=\"http:\/\/www.infokuryr.cz\/n\/wp-content\/uploads\/2021\/04\/kuryr-podpis.png\" alt=\"\" width=\"84\" height=\"24\" \/><\/p>\n<p>&nbsp;<\/p>\n","protected":false},"excerpt":{"rendered":"<p>Ukrajinsk\u00fd gener\u00e1l Michail Drapaty,\u00a0jmenovan\u00fd\u00a0\u0161\u00e9fem kyjevsk\u00e9ho re\u017eimu Zelensk\u00fdm do funkce velitele Pozemn\u00edch sil Ozbrojen\u00fdch sil Ukrajiny&#8230;<\/p>\n","protected":false},"author":2,"featured_media":67244,"comment_status":"closed","ping_status":"closed","sticky":false,"template":"","format":"standard","meta":[],"categories":[7],"tags":[26,6169,3526],"_links":{"self":[{"href":"https:\/\/www.infokuryr.cz\/n\/wp-json\/wp\/v2\/posts\/67243"}],"collection":[{"href":"https:\/\/www.infokuryr.cz\/n\/wp-json\/wp\/v2\/posts"}],"about":[{"href":"https:\/\/www.infokuryr.cz\/n\/wp-json\/wp\/v2\/types\/post"}],"author":[{"embeddable":true,"href":"https:\/\/www.infokuryr.cz\/n\/wp-json\/wp\/v2\/users\/2"}],"replies":[{"embeddable":true,"href":"https:\/\/www.infokuryr.cz\/n\/wp-json\/wp\/v2\/comments?post=67243"}],"version-history":[{"count":0,"href":"https:\/\/www.infokuryr.cz\/n\/wp-json\/wp\/v2\/posts\/67243\/revisions"}],"wp:featuredmedia":[{"embeddable":true,"href":"https:\/\/www.infokuryr.cz\/n\/wp-json\/wp\/v2\/media\/67244"}],"wp:attachment":[{"href":"https:\/\/www.infokuryr.cz\/n\/wp-json\/wp\/v2\/media?parent=67243"}],"wp:term":[{"taxonomy":"category","embeddable":true,"href":"https:\/\/www.infokuryr.cz\/n\/wp-json\/wp\/v2\/categories?post=67243"},{"taxonomy":"post_tag","embeddable":true,"href":"https:\/\/www.infokuryr.cz\/n\/wp-json\/wp\/v2\/tags?post=67243"}],"curies":[{"name":"wp","href":"https:\/\/api.w.org\/{rel}","templated":true}]}}