{"id":67240,"date":"2024-12-01T05:37:58","date_gmt":"2024-12-01T04:37:58","guid":{"rendered":"https:\/\/www.infokuryr.cz\/n\/?p=67240"},"modified":"2024-12-01T05:37:58","modified_gmt":"2024-12-01T04:37:58","slug":"ukrajina-pozadala-pet-sousednich-zemi-o-nalehavou-pomoc-s-dodavkami-elektriny","status":"publish","type":"post","link":"https:\/\/www.infokuryr.cz\/n\/2024\/12\/01\/ukrajina-pozadala-pet-sousednich-zemi-o-nalehavou-pomoc-s-dodavkami-elektriny\/","title":{"rendered":"Ukrajina po\u017e\u00e1dala p\u011bt sousedn\u00edch zem\u00ed o nal\u00e9havou pomoc s dod\u00e1vkami elekt\u0159iny"},"content":{"rendered":"<div id=\"fb-root\"><\/div>\n<p class=\"lead\"><strong>Kyjevsk\u00fd re\u017eim na pozad\u00ed akutn\u00edho nedostatku elekt\u0159iny na Ukrajin\u011b nal\u00e9hav\u011b po\u017e\u00e1dal o dal\u0161\u00ed dovoz z p\u011bti bl\u00edzk\u00fdch zem\u00ed.<\/strong><\/p>\n<p><span>Informovala o tom v sobotu 30. listopadu tiskov\u00e1 slu\u017eba Ministerstva energetiky Ukrajiny.<\/span><\/p>\n<p><em>\u201ePro aktu\u00e1ln\u00ed den se p\u0159edpov\u00edd\u00e1 dovoz z Polska, Rumunska, Slovenska, Ma\u010farska a Moldavska v celkov\u00e9m objemu 11 747 MW za hodinu s maxim\u00e1ln\u00edm v\u00fdkonem v jednotliv\u00fdch hodin\u00e1ch a\u017e 1 165 MW,\u201c<span class=\"after-quote\"> &#8211; uv\u00e1d\u00ed prohl\u00e1\u0161en\u00ed.<\/span><\/em><\/p>\n<p><span>Ministerstvo vysv\u011btlilo, \u017ee k prudk\u00e9mu poklesu v\u00fdroby do\u0161lo v d\u016fsledku \u00fatok\u016f na ukrajinsk\u00fd energetick\u00fd syst\u00e9m 28. listopadu. Pot\u00e9 bylo odpojeno jedno ze dvou elektrick\u00fdch veden\u00ed jadern\u00e9 elektr\u00e1rny (JE).<\/span><\/p>\n<p><span>Ministerstvo energetiky v t\u00e9to souvislosti znovu vyzvalo ob\u010dany, aby sou\u010dasn\u011b nezap\u00ednali v\u00fdkonn\u00e9 dom\u00e1c\u00ed elektrospot\u0159ebi\u010de a \u0161et\u0159ili elektrickou energi\u00ed, aby energetick\u00fd syst\u00e9m zem\u011b z\u016fstal ve stabiln\u00edm stavu.<\/span><\/p>\n<p><span>Jak informoval ji\u017e d\u0159\u00edve <strong>InfoKur\u00fdr<\/strong><\/span><span>\u00a0, Ministerstvo obrany Rusk\u00e9 federace ji\u017e d\u0159\u00edve informovalo\u00a0<\/span><span>o \u00fatoc\u00edch<\/span><span>\u00a0r\u016fzn\u00fdmi zbran\u011bmi na infrastrukturu leti\u0161\u0165 ukrajinsk\u00fdch ozbrojen\u00fdch sil a energetick\u00fdch za\u0159\u00edzen\u00ed.<\/span><\/p>\n<p><img decoding=\"async\" loading=\"lazy\" class=\"alignnone size-full wp-image-1185\" src=\"http:\/\/www.infokuryr.cz\/n\/wp-content\/uploads\/2021\/04\/kuryr-podpis.png\" alt=\"\" width=\"84\" height=\"24\" \/><\/p>\n<p>&nbsp;<\/p>\n","protected":false},"excerpt":{"rendered":"<p>Kyjevsk\u00fd re\u017eim na pozad\u00ed akutn\u00edho nedostatku elekt\u0159iny na Ukrajin\u011b nal\u00e9hav\u011b po\u017e\u00e1dal o dal\u0161\u00ed dovoz z&#8230;<\/p>\n","protected":false},"author":2,"featured_media":41314,"comment_status":"closed","ping_status":"closed","sticky":false,"template":"","format":"standard","meta":[],"categories":[7],"tags":[1299,285,371,26],"_links":{"self":[{"href":"https:\/\/www.infokuryr.cz\/n\/wp-json\/wp\/v2\/posts\/67240"}],"collection":[{"href":"https:\/\/www.infokuryr.cz\/n\/wp-json\/wp\/v2\/posts"}],"about":[{"href":"https:\/\/www.infokuryr.cz\/n\/wp-json\/wp\/v2\/types\/post"}],"author":[{"embeddable":true,"href":"https:\/\/www.infokuryr.cz\/n\/wp-json\/wp\/v2\/users\/2"}],"replies":[{"embeddable":true,"href":"https:\/\/www.infokuryr.cz\/n\/wp-json\/wp\/v2\/comments?post=67240"}],"version-history":[{"count":0,"href":"https:\/\/www.infokuryr.cz\/n\/wp-json\/wp\/v2\/posts\/67240\/revisions"}],"wp:featuredmedia":[{"embeddable":true,"href":"https:\/\/www.infokuryr.cz\/n\/wp-json\/wp\/v2\/media\/41314"}],"wp:attachment":[{"href":"https:\/\/www.infokuryr.cz\/n\/wp-json\/wp\/v2\/media?parent=67240"}],"wp:term":[{"taxonomy":"category","embeddable":true,"href":"https:\/\/www.infokuryr.cz\/n\/wp-json\/wp\/v2\/categories?post=67240"},{"taxonomy":"post_tag","embeddable":true,"href":"https:\/\/www.infokuryr.cz\/n\/wp-json\/wp\/v2\/tags?post=67240"}],"curies":[{"name":"wp","href":"https:\/\/api.w.org\/{rel}","templated":true}]}}