{"id":67186,"date":"2024-12-01T00:31:00","date_gmt":"2024-11-30T23:31:00","guid":{"rendered":"https:\/\/www.infokuryr.cz\/n\/?p=67186"},"modified":"2024-11-30T16:19:40","modified_gmt":"2024-11-30T15:19:40","slug":"kontrola-velkeho-bratra-se-blizi-dystopicka-vize-se-stava-realitou","status":"publish","type":"post","link":"https:\/\/www.infokuryr.cz\/n\/2024\/12\/01\/kontrola-velkeho-bratra-se-blizi-dystopicka-vize-se-stava-realitou\/","title":{"rendered":"Kontrola Velk\u00e9ho bratra se bl\u00ed\u017e\u00ed: dystopick\u00e1 vize se st\u00e1v\u00e1 realitou"},"content":{"rendered":"<div id=\"fb-root\"><\/div>\n<p><span>Zav\u00e1d\u011bn\u00ed evropsk\u00e9ho digit\u00e1ln\u00edho ID pokra\u010duje. Evropsk\u00fd parlament n\u00e1vrh schv\u00e1lil a \u010dlensk\u00e9 st\u00e1ty mus\u00ed do roku 2025 vyvinout vlastn\u00ed pen\u011b\u017eenkov\u00fd syst\u00e9m nebo se uch\u00fdlit ke komer\u010dn\u00edm \u0159e\u0161en\u00edm. C\u00edlem je, aby do roku 2030 byly digit\u00e1ln\u00ed ID karty pou\u017eiteln\u00e9 pro pasy. Evropsk\u00e1 komise prosazuje hesla \u201epohodlnost, bezpe\u010dnost a ochrana dat\u201c, ale ne ka\u017ed\u00fd sd\u00edl\u00ed tento optimismus.<\/span><\/p>\n<div class=\"twitter-tweet twitter-tweet-rendered\"><iframe id=\"twitter-widget-0\" class=\"\" title=\"X Post\" src=\"https:\/\/platform.twitter.com\/embed\/Tweet.html?dnt=false&amp;embedId=twitter-widget-0&amp;features=eyJ0ZndfdGltZWxpbmVfbGlzdCI6eyJidWNrZXQiOltdLCJ2ZXJzaW9uIjpudWxsfSwidGZ3X2ZvbGxvd2VyX2NvdW50X3N1bnNldCI6eyJidWNrZXQiOnRydWUsInZlcnNpb24iOm51bGx9LCJ0ZndfdHdlZXRfZWRpdF9iYWNrZW5kIjp7ImJ1Y2tldCI6Im9uIiwidmVyc2lvbiI6bnVsbH0sInRmd19yZWZzcmNfc2Vzc2lvbiI6eyJidWNrZXQiOiJvbiIsInZlcnNpb24iOm51bGx9LCJ0ZndfZm9zbnJfc29mdF9pbnRlcnZlbnRpb25zX2VuYWJsZWQiOnsiYnVja2V0Ijoib24iLCJ2ZXJzaW9uIjpudWxsfSwidGZ3X21peGVkX21lZGlhXzE1ODk3Ijp7ImJ1Y2tldCI6InRyZWF0bWVudCIsInZlcnNpb24iOm51bGx9LCJ0ZndfZXhwZXJpbWVudHNfY29va2llX2V4cGlyYXRpb24iOnsiYnVja2V0IjoxMjA5NjAwLCJ2ZXJzaW9uIjpudWxsfSwidGZ3X3Nob3dfYmlyZHdhdGNoX3Bpdm90c19lbmFibGVkIjp7ImJ1Y2tldCI6Im9uIiwidmVyc2lvbiI6bnVsbH0sInRmd19kdXBsaWNhdGVfc2NyaWJlc190b19zZXR0aW5ncyI6eyJidWNrZXQiOiJvbiIsInZlcnNpb24iOm51bGx9LCJ0ZndfdXNlX3Byb2ZpbGVfaW1hZ2Vfc2hhcGVfZW5hYmxlZCI6eyJidWNrZXQiOiJvbiIsInZlcnNpb24iOm51bGx9LCJ0ZndfdmlkZW9faGxzX2R5bmFtaWNfbWFuaWZlc3RzXzE1MDgyIjp7ImJ1Y2tldCI6InRydWVfYml0cmF0ZSIsInZlcnNpb24iOm51bGx9LCJ0ZndfbGVnYWN5X3RpbWVsaW5lX3N1bnNldCI6eyJidWNrZXQiOnRydWUsInZlcnNpb24iOm51bGx9LCJ0ZndfdHdlZXRfZWRpdF9mcm9udGVuZCI6eyJidWNrZXQiOiJvbiIsInZlcnNpb24iOm51bGx9fQ%3D%3D&amp;frame=false&amp;hideCard=false&amp;hideThread=false&amp;id=1862093396581707973&amp;lang=cs&amp;origin=https%3A%2F%2Funcutnews.ch%2Fdie-big-brother-kontrolle-rueckt-naeher-eine-dystopische-vision-wird-realitaet%2F&amp;sessionId=2a3812b8dc10260c77ce8e0869be47b9a469c276&amp;theme=light&amp;widgetsVersion=2615f7e52b7e0%3A1702314776716&amp;width=550px\" frameborder=\"0\" scrolling=\"no\" allowfullscreen=\"allowfullscreen\" data-tweet-id=\"1862093396581707973\" data-mce-fragment=\"1\"><\/iframe><\/div>\n<p><span style=\"font-size: 18pt;\"><strong>Skepse a odpor<\/strong><\/span><\/p>\n<p><span>Kritici varuj\u00ed p\u0159ed dalekos\u00e1hl\u00fdmi d\u016fsledky takov\u00e9 digit\u00e1ln\u00ed identity. Kl\u00ed\u010dov\u00fdm probl\u00e9mem je, \u017ee digit\u00e1ln\u00ed ID by se mohlo st\u00e1t komplexn\u00edm n\u00e1strojem kontroly. Existuj\u00ed obavy, \u017ee by v budoucnu mohly b\u00fdt v\u0161echny osobn\u00ed \u00fadaje, jako jsou zdravotn\u00ed informace, uhl\u00edkov\u00e9 rozpo\u010dty a finan\u010dn\u00ed podrobnosti, uchov\u00e1v\u00e1ny centr\u00e1ln\u011b. Jeden v\u011bdec jasn\u011b \u0159\u00edk\u00e1: \u201eToto je za\u010d\u00e1tek \u00fapln\u00e9ho sledov\u00e1n\u00ed. Je nejvy\u0161\u0161\u00ed \u010das \u0159\u00edct ne.&#8220;<\/span><\/p>\n<p><span>Nal\u00e9hav\u011b varuje i b\u00fdval\u00fd policista: \u201eMus\u00edme se tomu masivn\u011b br\u00e1nit. Je to past \u2013 jakmile jste uvnit\u0159, nedostanete se snadno ven.&#8220;<\/span><\/p>\n<p><span style=\"font-size: 18pt;\"><strong>Dystopick\u00e9 sc\u00e9n\u00e1\u0159e<\/strong><\/span><\/p>\n<p><span>Auto\u0159i a odborn\u00edci tak\u00e9 vyjad\u0159uj\u00ed obavy, \u010dasto s odkazem na dystopickou literaturu, jako je George Orwell&#8217;s\u00a0<\/span><em><span>1984<\/span><\/em><span>\u00a0. Mluv\u00edte o zv\u00fd\u0161en\u00ed \u201ekontroly Velk\u00e9ho bratra\u201c, kter\u00e1 by se mohla st\u00e1t realitou s digit\u00e1ln\u00edm ID. Jeden autor sarkasticky poznamen\u00e1v\u00e1: \u201eKdy evropsk\u00e1 elita p\u0159estane pou\u017e\u00edvat Orwellovo d\u00edlo jako manu\u00e1l?<\/span><\/p>\n<p><span>B\u00fdval\u00fd psycholog vid\u00ed paralely ve v\u00fdvoji k \u010d\u00ednsk\u00e9mu soci\u00e1ln\u00edmu kreditn\u00edmu syst\u00e9mu, teorii, kter\u00e1 byla p\u0159ed lety odm\u00edtnuta jako \u010dist\u00e1 fikce. Varuje: &#8222;Posouv\u00e1me se sm\u011brem ke spole\u010dnosti, kde m\u016f\u017ee b\u00fdt kdokoli vylou\u010den ze z\u00e1kladn\u00edch slu\u017eeb pouh\u00fdm stisknut\u00edm tla\u010d\u00edtka.&#8220;<\/span><\/p>\n<p><span style=\"font-size: 18pt;\"><strong>Strach ze zneu\u017eit\u00ed<\/strong><\/span><\/p>\n<p><span>Biolog zd\u016fraz\u0148uje, jak nebezpe\u010dn\u00e1 m\u016f\u017ee b\u00fdt \u00fapln\u00e1 z\u00e1vislost na digit\u00e1ln\u00edch syst\u00e9mech. \u201eJeden hack nebo jedno \u0161patn\u00e9 rozhodnut\u00ed m\u016f\u017ee lidi \u00fapln\u011b izolovat. To je my\u0161lenka, kter\u00e1 by n\u00e1s m\u011bla v\u0161echny znepokojit.\u201c Varuje, \u017ee tento v\u00fdvoj se nesm\u00ed st\u00e1t normou: \u201eTakov\u00e1 spole\u010dnost by byla zt\u011blesn\u011bn\u00edm kontroly a manipulace.\u201c<\/span><\/p>\n<p><span style=\"font-size: 18pt;\"><strong>Z\u00e1v\u011br: Je nutn\u00e1 kritick\u00e1 reflexe<\/strong><\/span><\/p>\n<p><span>Zat\u00edmco evropsk\u00fd digit\u00e1ln\u00ed identifik\u00e1tor je sv\u00fdmi p\u0159\u00edznivci prezentov\u00e1n jako pokrok, obavy mnoha lid\u00ed z\u016fst\u00e1vaj\u00ed hlasit\u00e9. Nebezpe\u010d\u00ed, \u017ee se centr\u00e1ln\u00ed digit\u00e1ln\u00ed syst\u00e9my stanou kontroln\u00edmi n\u00e1stroji, je re\u00e1ln\u00e9. Kritici proto volaj\u00ed po \u0161irok\u00e9m spole\u010densk\u00e9m diskurzu, ne\u017e budou podniknuty nezvratn\u00e9 kroky.<\/span><\/p>\n<p><img decoding=\"async\" loading=\"lazy\" class=\"alignnone size-full wp-image-1185\" src=\"http:\/\/www.infokuryr.cz\/n\/wp-content\/uploads\/2021\/04\/kuryr-podpis.png\" alt=\"\" width=\"84\" height=\"24\" \/><\/p>\n<p>&nbsp;<\/p>\n","protected":false},"excerpt":{"rendered":"<p>Zav\u00e1d\u011bn\u00ed evropsk\u00e9ho digit\u00e1ln\u00edho ID pokra\u010duje. Evropsk\u00fd parlament n\u00e1vrh schv\u00e1lil a \u010dlensk\u00e9 st\u00e1ty mus\u00ed do roku&#8230;<\/p>\n","protected":false},"author":2,"featured_media":67187,"comment_status":"closed","ping_status":"closed","sticky":false,"template":"","format":"standard","meta":[],"categories":[7],"tags":[279,48,3161],"_links":{"self":[{"href":"https:\/\/www.infokuryr.cz\/n\/wp-json\/wp\/v2\/posts\/67186"}],"collection":[{"href":"https:\/\/www.infokuryr.cz\/n\/wp-json\/wp\/v2\/posts"}],"about":[{"href":"https:\/\/www.infokuryr.cz\/n\/wp-json\/wp\/v2\/types\/post"}],"author":[{"embeddable":true,"href":"https:\/\/www.infokuryr.cz\/n\/wp-json\/wp\/v2\/users\/2"}],"replies":[{"embeddable":true,"href":"https:\/\/www.infokuryr.cz\/n\/wp-json\/wp\/v2\/comments?post=67186"}],"version-history":[{"count":0,"href":"https:\/\/www.infokuryr.cz\/n\/wp-json\/wp\/v2\/posts\/67186\/revisions"}],"wp:featuredmedia":[{"embeddable":true,"href":"https:\/\/www.infokuryr.cz\/n\/wp-json\/wp\/v2\/media\/67187"}],"wp:attachment":[{"href":"https:\/\/www.infokuryr.cz\/n\/wp-json\/wp\/v2\/media?parent=67186"}],"wp:term":[{"taxonomy":"category","embeddable":true,"href":"https:\/\/www.infokuryr.cz\/n\/wp-json\/wp\/v2\/categories?post=67186"},{"taxonomy":"post_tag","embeddable":true,"href":"https:\/\/www.infokuryr.cz\/n\/wp-json\/wp\/v2\/tags?post=67186"}],"curies":[{"name":"wp","href":"https:\/\/api.w.org\/{rel}","templated":true}]}}