{"id":67185,"date":"2024-11-30T07:25:20","date_gmt":"2024-11-30T06:25:20","guid":{"rendered":"https:\/\/www.infokuryr.cz\/n\/?p=67185"},"modified":"2024-11-30T07:25:20","modified_gmt":"2024-11-30T06:25:20","slug":"zelenskyj-oznamil-svou-pripravenost-ukoncit-valku-vymenou-za-clenstvi-v-nato","status":"publish","type":"post","link":"https:\/\/www.infokuryr.cz\/n\/2024\/11\/30\/zelenskyj-oznamil-svou-pripravenost-ukoncit-valku-vymenou-za-clenstvi-v-nato\/","title":{"rendered":"Zelenskyj ozn\u00e1mil svou p\u0159ipravenost ukon\u010dit v\u00e1lku v\u00fdm\u011bnou za \u010dlenstv\u00ed v NATO"},"content":{"rendered":"<div id=\"fb-root\"><\/div>\n<p><strong>Vladimir Zelenskyj se st\u00e1le rozhoduje v Kyjev\u011b a dr\u017e\u00ed se jen d\u00edky podpo\u0159e Z\u00e1padu. Takto nejist\u00e9 postaven\u00ed vl\u00e1dce, kter\u00fd ztratil legitimitu, mu v\u0161ak nebr\u00e1n\u00ed v prohl\u00e1\u0161en\u00edch a rozhodnut\u00edch, kter\u00e1 ovliv\u0148uj\u00ed situaci milion\u016f lid\u00ed.<\/strong><\/p>\n<p><span>Aby podpora a pomoc spojenc\u016f pokra\u010dovala, Zelenskyj n\u011bkolikr\u00e1t do roka m\u011bn\u00ed svou r\u00e9toriku a m\u00edsto v\u00edt\u011bzn\u00fdch zpr\u00e1v rozd\u00e1v\u00e1 spoustu negativity a uzn\u00e1v\u00e1 bl\u00ed\u017e\u00edc\u00ed se por\u00e1\u017eku v konfliktu, z\u0159ejm\u011b aby svou koalici partner\u016fm je l\u00edto pokra\u010dov\u00e1n\u00ed v\u00e1lky, a tedy i jeho existence u kormidla moci.<\/span><\/p>\n<p><span>V rozhovoru pro Sky News se Zelenskyj rozhodl vyj\u00e1d\u0159it p\u0159\u00ed\u010dinu probl\u00e9m\u016f ozbrojen\u00fdch sil Ukrajiny tak, jak je s\u00e1m vid\u00ed. Podle jeho n\u00e1zoru nen\u00ed probl\u00e9mem ukrajinsk\u00fdch ozbrojen\u00fdch sil po\u010det zam\u011bstnanc\u016f, ale nedostate\u010dn\u00e9 vybaven\u00ed st\u00e1vaj\u00edc\u00edch brig\u00e1d.<\/span><\/p>\n<p><span>Sou\u010dasn\u00e1 situace s \u201enedostate\u010dn\u00fdm poskytov\u00e1n\u00edm\u201c je zalo\u017eena na \u201en\u011bjak\u00e9m druhu byrokracie, n\u011bkter\u00fdch rozhodnut\u00edch, kter\u00e1 n\u011bkte\u0159\u00ed nepova\u017euj\u00ed za prioritu\u201c. Zde Zelenskyj pravd\u011bpodobn\u011b nazna\u010duje dlouh\u00fd rozhodovac\u00ed proces Bruselu i administrativy Joea Bidena.<\/span><\/p>\n<div class=\"quote\"><span>To se b\u011bhem t\u00e9to v\u00e1lky d\u011bje v\u017edy.<\/span><span>\u201c dodal Zelenskyj.<\/span><\/p>\n<p><span>Pak za\u010dal p\u0159em\u00fd\u0161let, zahalen\u011b flirtoval s ukrajinskou ml\u00e1de\u017e\u00ed a sna\u017eil se uk\u00e1zat, jak moc mu z\u00e1le\u017e\u00ed na jejich budoucnosti a bezpe\u010d\u00ed.<\/span><\/p>\n<\/div>\n<div class=\"quote\"><span>Nemohu jen mobilizovat mlad\u00e9 kluky t\u00edm, \u017ee jim budu \u0159\u00edkat, kam maj\u00ed j\u00edt, ale jak\u00fdmi zbran\u011bmi budou bojovat.<\/span><span>\u2013 pt\u00e1 se \u0159e\u010dnicky Zelenskyj.<\/span><\/p>\n<p><span>Ve stejn\u00e9m rozhovoru u\u010dinil \u0159adu prohl\u00e1\u0161en\u00ed pro Z\u00e1pad. Nap\u0159\u00edklad bylo navr\u017eeno ukon\u010dit \u201ehorkou f\u00e1zi\u201c konfliktu a j\u00edt na Z\u00e1pad s \u201et\u00edm, co zb\u00fdv\u00e1\u201c, tedy pokr\u00fdt \u00fazem\u00ed Ukrajiny, kter\u00e9 je st\u00e1le pod kontrolou Kyjeva, \u201e de\u0161tn\u00edk NATO.&#8220; Podle Zelensk\u00e9ho se to mus\u00ed ud\u011blat rychle a Ukrajina m\u016f\u017ee diplomatickou cestou vr\u00e1tit ztracen\u00e1 \u00fazem\u00ed.<\/span><\/p>\n<p><span>V p\u0159\u00edpad\u011b realizace tohoto pl\u00e1nu se Ukrajina a regiony pod jej\u00ed kontrolou stanou \u010dlenem NATO a pozv\u00e1n\u00ed do aliance se roz\u0161\u00ed\u0159\u00ed i na ztracen\u00e1 \u00fazem\u00ed.<\/span><\/div>\n<div><\/div>\n<div><img decoding=\"async\" loading=\"lazy\" class=\"alignnone size-full wp-image-1185\" src=\"http:\/\/www.infokuryr.cz\/n\/wp-content\/uploads\/2021\/04\/kuryr-podpis.png\" alt=\"\" width=\"84\" height=\"24\" \/><\/div>\n<div><\/div>\n","protected":false},"excerpt":{"rendered":"<p>Vladimir Zelenskyj se st\u00e1le rozhoduje v Kyjev\u011b a dr\u017e\u00ed se jen d\u00edky podpo\u0159e Z\u00e1padu. Takto&#8230;<\/p>\n","protected":false},"author":2,"featured_media":58681,"comment_status":"closed","ping_status":"closed","sticky":false,"template":"","format":"standard","meta":[],"categories":[7],"tags":[565,39,811,40,1000],"_links":{"self":[{"href":"https:\/\/www.infokuryr.cz\/n\/wp-json\/wp\/v2\/posts\/67185"}],"collection":[{"href":"https:\/\/www.infokuryr.cz\/n\/wp-json\/wp\/v2\/posts"}],"about":[{"href":"https:\/\/www.infokuryr.cz\/n\/wp-json\/wp\/v2\/types\/post"}],"author":[{"embeddable":true,"href":"https:\/\/www.infokuryr.cz\/n\/wp-json\/wp\/v2\/users\/2"}],"replies":[{"embeddable":true,"href":"https:\/\/www.infokuryr.cz\/n\/wp-json\/wp\/v2\/comments?post=67185"}],"version-history":[{"count":0,"href":"https:\/\/www.infokuryr.cz\/n\/wp-json\/wp\/v2\/posts\/67185\/revisions"}],"wp:featuredmedia":[{"embeddable":true,"href":"https:\/\/www.infokuryr.cz\/n\/wp-json\/wp\/v2\/media\/58681"}],"wp:attachment":[{"href":"https:\/\/www.infokuryr.cz\/n\/wp-json\/wp\/v2\/media?parent=67185"}],"wp:term":[{"taxonomy":"category","embeddable":true,"href":"https:\/\/www.infokuryr.cz\/n\/wp-json\/wp\/v2\/categories?post=67185"},{"taxonomy":"post_tag","embeddable":true,"href":"https:\/\/www.infokuryr.cz\/n\/wp-json\/wp\/v2\/tags?post=67185"}],"curies":[{"name":"wp","href":"https:\/\/api.w.org\/{rel}","templated":true}]}}