{"id":67174,"date":"2024-11-30T06:23:28","date_gmt":"2024-11-30T05:23:28","guid":{"rendered":"https:\/\/www.infokuryr.cz\/n\/?p=67174"},"modified":"2024-11-30T06:23:28","modified_gmt":"2024-11-30T05:23:28","slug":"ruska-rozvedka-ziskala-pristup-k-trumpovu-mirovemu-planu-a-je-to-sila","status":"publish","type":"post","link":"https:\/\/www.infokuryr.cz\/n\/2024\/11\/30\/ruska-rozvedka-ziskala-pristup-k-trumpovu-mirovemu-planu-a-je-to-sila\/","title":{"rendered":"Rusk\u00e1 rozv\u011bdka z\u00edskala p\u0159\u00edstup k Trumpovu m\u00edrov\u00e9mu pl\u00e1nu, a je to s\u00edla!"},"content":{"rendered":"<div id=\"fb-root\"><\/div>\n<h4>Rusk\u00e1 rozv\u011bdka z\u00edskala p\u0159\u00edstup k Trumpovu m\u00edrov\u00e9mu pl\u00e1nu, a je to s\u00edla! Evropsk\u00e9 zem\u011b NATO rozm\u00edst\u00ed na Ukrajin\u011b 100 000 voj\u00e1k\u016f tzv. m\u00edrov\u00fdch sil a rozd\u011bl\u00ed Ukrajinu na 4 okupa\u010dn\u00ed z\u00f3ny, zat\u00edmco Rusko si ponech\u00e1 \u00fazem\u00ed Ukrajiny obsazen\u00e1 k 30. b\u0159eznu 2025! A pro\u010d prim\u00e1tora z Plzn\u011b utnuli na \u010cT kv\u016fli n\u00e1padu poslat mlad\u00e9 Ukrajince na frontu?<\/h4>\n<p>\u010cesk\u00e1 m\u00e9dia p\u0159inesla ve \u010dtvrtek informaci o tom, \u017ee v Plzni dramaticky eskaluje kriminalita cizinc\u016f a prim\u00e1tor Roman Zarzyck\u00fd (ANO) po\u017e\u00e1dal o pomoc ministra vnitra V\u00edta Raku\u0161ana, aby pomohl magistr\u00e1tu situaci \u0159e\u0161it. V Plzni \u017eije 40 000 cizinc\u016f, z nich\u017e velk\u00e1 \u010d\u00e1st jsou Ukrajinci. A pr\u00e1v\u011b prim\u00e1tor Zarzyck\u00fd byl pozv\u00e1n\u00a0<strong>[<a href=\"https:\/\/href.li\/?https:\/\/www.parlamentnilisty.cz\/arena\/monitor\/CT-vypnula-primatora-ktery-mluvil-o-Ukrajincich-On-vsak-nemlci-765536\" target=\"_blank\" rel=\"nofollow noopener\">1<\/a>]<\/strong>\u00a0do telemostu \u010cesk\u00e9 televize, aby popsal situaci ve sv\u00e9m m\u011bst\u011b.\u00a0<strong>Prim\u00e1tor za\u010dal hovo\u0159it o tom, \u017ee je pro pomoc ukrajinsk\u00fdm \u017een\u00e1m a d\u011btem, ale \u017ee nech\u00e1pe, pro\u010d mlad\u00ed Ukrajinci nam\u00edsto p\u00e1chan\u00ed kriminality v \u010cR nebojuj\u00ed na front\u011b na Ukrajin\u011b.<\/strong>\u00a0V\u011btu ale do\u0159\u00edct nestihl, proto\u017ee moder\u00e1tor \u010cT Ond\u0159ej Ublick rozhovor narychlo ukon\u010dil.<\/p>\n<p>&nbsp;<\/p>\n<div id=\"rumble_v5s2brw\">\n<div id=\"vid_v5s2brw\" class=\"rumble_v5s2brw-Rumble-cls\" tabindex=\"-1\">\n<div class=\"bigPlayUI ctp\"><div class='videoWrapper'>\r\n\t            <iframe src='https:\/\/rumble.com\/embed\/pj.v5s2brw\/' frameborder='0' allowfullscreen><\/iframe>\r\n\t        <\/div><\/p>\n<div class=\"bigPlayUIInner ctp\"><\/div>\n<\/div>\n<\/div>\n<\/div>\n<p>&nbsp;<\/p>\n<p>Tento nev\u00eddan\u00fd incident pouze potvrdil, \u017ee ani prim\u00e1torovi nen\u00ed dovoleno kritizovat Ukrajince v televizi, proto\u017ee by to vyvolal negativn\u00ed emoce mezi \u010deskou ve\u0159ejnost\u00ed. Je to \u00fapln\u011b stejn\u00e9 jako tady v N\u011bmecku, kde se kriminalita uprchl\u00edk\u016f z Afriky zaobaluje do prost\u00e9ho konstatov\u00e1n\u00ed, \u017ee z trestn\u00e9ho \u010dinu toho a toho je obvin\u011bn cizinec, kter\u00fd nen\u00ed ob\u010danem Evropsk\u00e9 unie, anebo dokonce i bez tohoto ur\u010den\u00ed, tedy prost\u011b jen cizinec. \u00dadajn\u011b je to pr\u00fd kv\u016fli tomu, aby se nezas\u00e9vala kolektivn\u00ed nen\u00e1vist v\u016f\u010di uprchl\u00edk\u016fm.<\/p>\n<h6><span style=\"font-size: 18pt;\">Fialova vl\u00e1da se k bezpe\u010dnostn\u00ed krizi kriminality uprchl\u00edk\u016f z Ukrajiny nechce p\u0159ihl\u00e1sit<\/span><\/h6>\n<p>Bylo zcela evidentn\u00ed, \u017ee ani na \u010cT nesm\u00ed o Ukrajinc\u00edch zazn\u00edt nic negativn\u00edho, co\u017e je podle na\u0161ich informac\u00ed p\u0159\u00edmo na\u0159\u00edzen\u00ed Fialovy vl\u00e1dy sm\u011brem k \u010cT. Nen\u00ed dovolena \u017e\u00e1dn\u00e1 kritika Ukrajinc\u016f, nic negativn\u00edho o Ukrajinc\u00edch ve spojen\u00ed s kriminalitou. A pro\u010d tato epizoda z \u010cesk\u00e9 televize je tak kl\u00ed\u010dov\u00e1?\u00a0<strong>Proto\u017ee nasunut\u00ed Ukrajinc\u016f do \u010cR bez bezpe\u010dnostn\u00edch prov\u011brek zkr\u00e1tka dovedlo m\u011bsta a magistr\u00e1ty v \u010cR k obrovsk\u00e9 bezpe\u010dnostn\u00ed krizi a k obrovsk\u00e9 vln\u011b kriminality<\/strong>, kterou nap\u0159. Plze\u0148 u\u017e prost\u011b nezvl\u00e1d\u00e1 a zoufale se obrac\u00ed s \u017e\u00e1dost\u00ed o pomoc na Prahu, vnitro a obecn\u011b na Fialovu vl\u00e1du.<\/p>\n<p>A ta vl\u00e1da ml\u010d\u00ed, d\u011bl\u00e1 mrtvou rybu, proto\u017ee kdyby n\u011bco za\u010dala d\u011blat, musela by p\u0159iznat, \u017ee tuto situaci tato vl\u00e1da sama zp\u016fsobila, \u017ee ohrozila bezpe\u010dnost ve velk\u00fdch \u010desk\u00fdch m\u011bstech, \u017ee Ukrajinci p\u0159i\u0161li bez prov\u011brek, \u017ee nikdo vlastn\u011b ani nev\u00ed, co je to za lidi, a \u017ee vlastn\u011b \u0159e\u0161it to jak\u00fdmkoliv zp\u016fsobem by znamenalo p\u0159izn\u00e1n\u00ed probl\u00e9mu. A p\u0159izn\u00e1n\u00ed probl\u00e9mu s ukrajinskou migrac\u00ed v \u010cR je tabu ve Fialov\u011b vl\u00e1d\u011b. Proto prim\u00e1tor z Plzn\u011b \u010dek\u00e1 marn\u011b u\u017e 14 m\u011bs\u00edc\u016f podle sv\u00fdch slov na pomoc od V\u00edta Raku\u0161ana s bezpe\u010dnostn\u00ed krizi v Plzni. Za 14 m\u011bs\u00edc\u016f se nikdo z Prahy neozval. Nen\u00ed prost\u011b dovoleno p\u0159iznat probl\u00e9m s Ukrajinci.<\/p>\n<figure id=\"attachment_55275\" class=\"wp-caption aligncenter\" style=\"width: 691px;\"><a href=\"https:\/\/aeronet.news\/wp-content\/uploads\/FialaSlavaUkraini.jpg\"><img decoding=\"async\" loading=\"lazy\" class=\"wp-image-55275 \" src=\"https:\/\/aeronet.news\/wp-content\/uploads\/FialaSlavaUkraini-1024x576.jpg\" sizes=\"(max-width: 700px) 100vw, 700px\" srcset=\"https:\/\/aeronet.news\/wp-content\/uploads\/FialaSlavaUkraini-1024x576.jpg 1024w, https:\/\/aeronet.news\/wp-content\/uploads\/FialaSlavaUkraini-300x169.jpg 300w, https:\/\/aeronet.news\/wp-content\/uploads\/FialaSlavaUkraini-768x432.jpg 768w, https:\/\/aeronet.news\/wp-content\/uploads\/FialaSlavaUkraini-700x394.jpg 700w, https:\/\/aeronet.news\/wp-content\/uploads\/FialaSlavaUkraini-635x357.jpg 635w, https:\/\/aeronet.news\/wp-content\/uploads\/FialaSlavaUkraini-859x483.jpg 859w, https:\/\/aeronet.news\/wp-content\/uploads\/FialaSlavaUkraini.jpg 1280w\" alt=\"\" width=\"691\" height=\"389\" \/><\/a><figcaption class=\"wp-caption-text\">Petr Fiala na propagandistick\u00e9 akci k podpo\u0159e zbrojn\u00edch dod\u00e1vek pro Ukrajinu v b\u0159eznu 2022<\/figcaption><\/figure>\n<p>V\u00e1lka na Ukrajin\u011b se prost\u011b st\u00e1v\u00e1 katalyz\u00e1torem mohutn\u00fdch politick\u00fdch zm\u011bn v Evrop\u011b a ukazuje se, \u017ee migra\u010dn\u00ed ukrajinsk\u00e1 krize v \u010cR za\u010d\u00edn\u00e1 siln\u011b ovliv\u0148ovat politiku i na kraj\u00edch. Dokonce \u010dlenov\u00e9 a poslanci ODS u\u017e chod\u00ed \u010d\u00edst Aeronet, co\u017e jednozna\u010dn\u011b ukazuje na syst\u00e9mov\u00e9 posuny v politice a v konceptu\u00e1ln\u00edm my\u0161len\u00ed ve spole\u010dnosti. Rozvrat Evropy dorazil i do \u010cR a lid\u00e9 se za\u010d\u00ednaj\u00ed probouzet.<\/p>\n<p><strong><em>Uvnit\u0159 ODS to v\u0159e a Petr Fiala si u\u017e \u017eije ve sv\u00e9m vlastn\u00edm sv\u011bt\u011b jako Joe Biden, ztratil kontakt s realitou, s \u010dlenskou z\u00e1kladnou nekomunikuje a de facto se odcizil v\u0161em princip\u016fm na\u0161\u00ed strany<\/em>.<\/strong>\u00a0Tato slova n\u00e1m do redakce napsal jeden z \u010dlen\u016f a m\u011bstsk\u00fdch zastupitel\u016f ODS, kter\u00fd za\u010dal \u010d\u00edst n\u00e1\u0161 web pravideln\u011b, ale jak s\u00e1m n\u00e1m p\u0159iznal, tak zcela potaj\u00ed. To ale nevad\u00ed, proto\u017ee i kdy\u017e se n\u011bco \u010dte tajn\u011b, tak i to se po\u010d\u00edt\u00e1. Ukrajinci prost\u011b ztr\u00e1c\u00ed v \u010cR podporu, a to si bude muset Fialova vl\u00e1da brzy p\u0159iznat.<\/p>\n<h6><span style=\"font-size: 18pt;\">M\u00edrov\u00fd kontingent 100 000 voj\u00e1k\u016f ze zem\u00ed NATO a 4 okupa\u010dn\u00ed z\u00f3ny na Ukrajin\u011b<\/span><\/h6>\n<p>A je\u0161t\u011b hor\u0161\u00ed bude p\u0159iznat, \u017ee Ukrajinci neporaz\u00ed Rusy a zem\u011b EU budou muset poslat na Ukrajinu sv\u00e1 vojska. V\u00fdbu\u0161nou informaci p\u0159inesla v p\u00e1tek rusk\u00e1 m\u00e9dia ze zdroj\u016f rusk\u00e9 zahrani\u010dn\u00ed rozv\u011bdky, kter\u00e1 poskytla novin\u00e1\u0159\u016fm informace o zpravodajsk\u00e9m odhalen\u00ed m\u00edrov\u00e9ho pl\u00e1nu NATO, kter\u00fd podle informac\u00ed je pr\u00e1v\u011b t\u00edm tajn\u00fdm a p\u0159itom slavn\u00fdm m\u00edrov\u00fdm pl\u00e1nem Donalda Trumpa.\u00a0<strong>Podle informac\u00ed [<a href=\"https:\/\/href.li\/?https:\/\/www.newsweek.com\/russia-ukraine-russian-foreign-intelligence-service-nato-1993460\" target=\"_blank\" rel=\"nofollow noopener\">2<\/a>] rusk\u00e9 rozv\u011bdky SVR pl\u00e1nuje NATO po sta\u017een\u00ed americk\u00e9 pomoci vyslat na Ukrajinu kontingent 100 000 voj\u00e1k\u016f<\/strong>\u00a0z n\u011bkolika evropsk\u00fdch \u010dlensk\u00fdch st\u00e1t\u016f NATO.<\/p>\n<figure id=\"attachment_58974\" class=\"wp-caption aligncenter\" style=\"width: 697px;\"><a href=\"https:\/\/aeronet.news\/wp-content\/uploads\/SergejNaryshkinTASS.jpg\"><img decoding=\"async\" loading=\"lazy\" class=\"wp-image-58974 \" src=\"https:\/\/aeronet.news\/wp-content\/uploads\/SergejNaryshkinTASS-1024x650.jpg\" sizes=\"(max-width: 700px) 100vw, 700px\" srcset=\"https:\/\/aeronet.news\/wp-content\/uploads\/SergejNaryshkinTASS-1024x650.jpg 1024w, https:\/\/aeronet.news\/wp-content\/uploads\/SergejNaryshkinTASS-300x191.jpg 300w, https:\/\/aeronet.news\/wp-content\/uploads\/SergejNaryshkinTASS-768x488.jpg 768w, https:\/\/aeronet.news\/wp-content\/uploads\/SergejNaryshkinTASS-700x445.jpg 700w, https:\/\/aeronet.news\/wp-content\/uploads\/SergejNaryshkinTASS-562x357.jpg 562w, https:\/\/aeronet.news\/wp-content\/uploads\/SergejNaryshkinTASS-760x483.jpg 760w, https:\/\/aeronet.news\/wp-content\/uploads\/SergejNaryshkinTASS.jpg 1280w\" alt=\"\" width=\"697\" height=\"443\" \/><\/a><figcaption class=\"wp-caption-text\">Sergej Nary\u0161kin, \u0159editel zahrani\u010dn\u00ed rozv\u011bdky (SVR)<\/figcaption><\/figure>\n<p>V p\u00e1te\u010dn\u00edm prohl\u00e1\u0161en\u00ed \u0161pion\u00e1\u017en\u00ed agentura s odvol\u00e1n\u00edm na zpravodajsk\u00e9 zdroje uvedla, \u017ee NATO je st\u00e1le v\u00edce naklon\u011bno zastaven\u00ed boj\u016f na sou\u010dasn\u00e9 frontov\u00e9 linii, proto\u017ee vojensk\u00fd blok veden\u00fd USA a Ukrajina si uv\u011bdomily, \u017ee se jim neda\u0159\u00ed zp\u016fsobit \u201c<em>strategickou por\u00e1\u017eku<\/em>\u201d Rusku. Zmrazen\u00ed konfliktu by Z\u00e1padu umo\u017enilo obnovit rozvr\u00e1cenou ukrajinskou arm\u00e1du a \u201c<em>p\u0159ipravit ji na pokus o odvetu<\/em>\u201c, uvedla SVR. D\u00e1le uvedla, \u017ee NATO ji\u017e z\u0159izuje v\u00fdcvikov\u00e1 st\u0159ediska pro zpracov\u00e1n\u00ed nejm\u00e9n\u011b jednoho milionu ukrajinsk\u00fdch branc\u016f b\u011bhem t\u00e9to tzv. m\u00edrov\u00e9 mise.<\/p>\n<h6><span style=\"font-size: 18pt;\">Bezpe\u010dnost na Ukrajin\u011b by m\u011blo obstarat N\u011bmecko jako za II. sv. v\u00e1lky<\/span><\/h6>\n<p>P\u0159\u00edpadn\u00fd oddech by tak\u00e9 pomohl Z\u00e1padu obnovit kyjevsk\u00fd vojensk\u00fd pr\u016fmysl, kter\u00fd je pravideln\u011b ni\u010den rusk\u00fdmi raketami a \u00fadery bezpilotn\u00edch letoun\u016f, dodala SVR.\u00a0<strong>\u201c<em>K vy\u0159e\u0161en\u00ed t\u011bchto \u00fakol\u016f bude Z\u00e1pad muset Ukrajinu v podstat\u011b okupovat. Samoz\u0159ejm\u011b pod z\u00e1minkou rozm\u00edst\u011bn\u00ed \u2018m\u00edrov\u00e9ho kontingentu\u2019 v zemi\u2026\u00a0Podle pl\u00e1nu bude na Ukrajin\u011b rozm\u00edst\u011bno celkem 100 000 tzv. m\u00edrov\u00fdch voj\u00e1k\u016f.<\/em>\u201c<\/strong><\/p>\n<p>Podle SVR by pl\u00e1n zahrnoval tak\u00e9 rozd\u011blen\u00ed Ukrajiny na \u010dty\u0159i velk\u00e9 okupa\u010dn\u00ed z\u00f3ny. Rumunsko by obsadilo pob\u0159e\u017e\u00ed \u010cern\u00e9ho mo\u0159e, Polsko by kontrolovalo z\u00e1padn\u00ed Ukrajinu a Velk\u00e1 Brit\u00e1nie by obsadila sever v\u010detn\u011b Kyjeva. St\u0159edn\u00ed a v\u00fdchodn\u00ed \u010d\u00e1st zem\u011b by obsadilo N\u011bmecko, uvedla SVR.<\/p>\n<figure id=\"attachment_51792\" class=\"wp-caption aligncenter\" style=\"width: 696px;\"><a href=\"https:\/\/aeronet.news\/wp-content\/uploads\/DudaZelenskyKiev.jpg\"><img decoding=\"async\" loading=\"lazy\" class=\"wp-image-51792 \" src=\"https:\/\/aeronet.news\/wp-content\/uploads\/DudaZelenskyKiev-1024x682.jpg\" sizes=\"(max-width: 700px) 100vw, 700px\" srcset=\"https:\/\/aeronet.news\/wp-content\/uploads\/DudaZelenskyKiev-1024x682.jpg 1024w, https:\/\/aeronet.news\/wp-content\/uploads\/DudaZelenskyKiev-300x200.jpg 300w, https:\/\/aeronet.news\/wp-content\/uploads\/DudaZelenskyKiev-768x512.jpg 768w, https:\/\/aeronet.news\/wp-content\/uploads\/DudaZelenskyKiev-700x466.jpg 700w, https:\/\/aeronet.news\/wp-content\/uploads\/DudaZelenskyKiev-536x357.jpg 536w, https:\/\/aeronet.news\/wp-content\/uploads\/DudaZelenskyKiev-725x483.jpg 725w, https:\/\/aeronet.news\/wp-content\/uploads\/DudaZelenskyKiev.jpg 1280w\" alt=\"\" width=\"696\" height=\"464\" \/><\/a><figcaption class=\"wp-caption-text\">K okupaci Ukrajiny se de facto schyluje od prvn\u00edho dne v\u00e1lky. Polsk\u00fd prezident Andrzej Duda se Zelensk\u00fdm v roce 2022<\/figcaption><\/figure>\n<p>SVR tak\u00e9 uv\u00e1d\u00ed, \u017ee N\u011bmecko pl\u00e1nuje obnovit praktiky zaveden\u00e9 nacistick\u00fdm re\u017eimem za druh\u00e9 sv\u011btov\u00e9 v\u00e1lky, aby \u201c<em>policejn\u011b<\/em>\u201d zabezpe\u010dilo Ukrajinu. Obnoven\u00ed bezpe\u010dnosti na Ukrajin\u011b toti\u017e bude \u00fakol \u010d. 1 pro m\u00edrov\u00fd kontingent, proto\u017ee v sou\u010dasn\u00e9 chv\u00edli ukrajinsk\u00e1 policie ji\u017e neexistuje. V\u011bt\u0161ina policist\u016f byla toti\u017e povol\u00e1na na frontu. Konkr\u00e9tn\u011b chce Berl\u00edn vytvo\u0159it speci\u00e1ln\u00ed odd\u00edly slo\u017een\u00e9 z ukrajinsk\u00fdch nacionalist\u016f k udr\u017eov\u00e1n\u00ed po\u0159\u00e1dku na okupovan\u00e9m \u00fazem\u00ed, uv\u00e1d\u00ed se v prohl\u00e1\u0161en\u00ed. \u201c<em>Pot\u0159ebuje Rusko takovou mo\u017enost m\u00edrov\u00e9ho urovn\u00e1n\u00ed? Odpov\u011b\u010f je z\u0159ejm\u00e1,<\/em>\u201d uvedla SVR.<\/p>\n<h6><span style=\"font-size: 18pt;\">Trump\u016fv m\u00edrov\u00fd pl\u00e1n ve skute\u010dnosti nen\u00ed jeho, ale sepsali ho dva neoconi \u2013 gener\u00e1l a b\u00fdval\u00fd agent CIA<\/span><\/h6>\n<p>Prohl\u00e1\u0161en\u00ed SVR p\u0159ich\u00e1z\u00ed pot\u00e9, co francouzsk\u00fd den\u00edk Le Monde za\u010d\u00e1tkem t\u00fddne informoval, \u017ee Francie a Velk\u00e1 Brit\u00e1nie zah\u00e1jily diskusi o mo\u017en\u00e9m nasazen\u00ed vojsk na Ukrajin\u011b. Za\u010d\u00e1tkem tohoto roku francouzsk\u00fd prezident Emmanuel Macron trval na tom, \u017ee by Z\u00e1pad nem\u011bl vylou\u010dit tuto mo\u017enost, aby udr\u017eel Rusko na uzd\u011b, a to i p\u0159es siln\u00fd odpor \u0159ady spojenc\u016f v NATO.<\/p>\n<p><strong>Moskva opakovan\u011b signalizovala sv\u016fj nesouhlas se zmrazen\u00edm konfliktu a trvala na tom, \u017ee mus\u00ed b\u00fdt spln\u011bny v\u0161echny c\u00edle vojensk\u00e9 operace, v\u010detn\u011b neutrality Ukrajiny, demilitarizace a denacifikace.<\/strong>\u00a0Mluv\u010d\u00ed Kremlu Dmitrij Peskov zd\u016fraznil, \u017ee v EU sice nepanuje shoda ohledn\u011b vysl\u00e1n\u00ed voj\u00e1k\u016f na Ukrajinu, ale nevyhnutelnost podle v\u0161eho donut\u00ed v\u011bt\u0161inu zem\u00ed na misi nakonec k\u00fdvnout.<\/p>\n<figure id=\"attachment_61876\" class=\"wp-caption aligncenter\" style=\"width: 691px;\"><a href=\"https:\/\/aeronet.news\/wp-content\/uploads\/KeithKelloggWH.jpg\"><img decoding=\"async\" loading=\"lazy\" class=\"wp-image-61876 \" src=\"https:\/\/aeronet.news\/wp-content\/uploads\/KeithKelloggWH-1024x576.jpg\" sizes=\"(max-width: 700px) 100vw, 700px\" srcset=\"https:\/\/aeronet.news\/wp-content\/uploads\/KeithKelloggWH-1024x576.jpg 1024w, https:\/\/aeronet.news\/wp-content\/uploads\/KeithKelloggWH-300x169.jpg 300w, https:\/\/aeronet.news\/wp-content\/uploads\/KeithKelloggWH-768x432.jpg 768w, https:\/\/aeronet.news\/wp-content\/uploads\/KeithKelloggWH-700x394.jpg 700w, https:\/\/aeronet.news\/wp-content\/uploads\/KeithKelloggWH-635x357.jpg 635w, https:\/\/aeronet.news\/wp-content\/uploads\/KeithKelloggWH-859x483.jpg 859w, https:\/\/aeronet.news\/wp-content\/uploads\/KeithKelloggWH.jpg 1280w\" alt=\"\" width=\"691\" height=\"389\" \/><\/a><figcaption class=\"wp-caption-text\">Keith Kellogg<\/figcaption><\/figure>\n<p>A podle v\u0161eho je u\u017e jasn\u00e9, odkud rusk\u00e1 SVR ty informace z\u00edskala. Pl\u00e1n Donalda Trumpa jmenovat americk\u00e9ho gener\u00e1lporu\u010d\u00edka ve v\u00fdslu\u017eb\u011b Keitha Kellogga vyslancem USA pro Ukrajinu a Rusko vyvolal toti\u017e nov\u00fd z\u00e1jem o politick\u00fd dokument, jeho\u017e je spoluautorem a kter\u00fd navrhuje ukon\u010dit v\u00e1lku sta\u017een\u00edm zbran\u00ed z Ukrajiny, pokud Ukrajina nep\u0159istoup\u00ed k m\u00edrov\u00fdm jedn\u00e1n\u00edm \u2013 a poskytnout Ukrajin\u011b je\u0161t\u011b v\u00edce zbran\u00ed, pokud Rusko na pl\u00e1n nep\u0159istoup\u00ed. Trump pr\u00fd na pl\u00e1n\u00a0<em>America First, Russia &amp; Ukraine<\/em>, kter\u00fd mu byl p\u0159edlo\u017een v dubnu a jeho\u017e autory jsou Kellogg a b\u00fdval\u00fd analytik CIA Fred Fleitz, kte\u0159\u00ed oba v letech 2017-2021 p\u016fsobili jako n\u00e1\u010deln\u00edci \u0161t\u00e1bu v Trumpov\u011b Rad\u011b pro n\u00e1rodn\u00ed bezpe\u010dnost, reagoval kladn\u011b.<\/p>\n<h6><span style=\"font-size: 18pt;\">M\u00edrov\u00fd pl\u00e1n se sp\u00ed\u0161e podob\u00e1 vyd\u00edr\u00e1n\u00ed obou stran, Ukrajinc\u016f i Rus\u016f<\/span><\/h6>\n<p>Dokument navrhuje zastaven\u00ed dal\u0161\u00edch americk\u00fdch dod\u00e1vek zbran\u00ed Kyjevu, pokud nezah\u00e1j\u00ed m\u00edrov\u00e9 rozhovory s Moskvou, a z\u00e1rove\u0148 Moskvu varuje, \u017ee pokud odm\u00edtne jednat, podpora USA Ukrajin\u011b se zv\u00fd\u0161\u00ed, a to a\u017e na \u00farove\u0148 dod\u00e1vek strategick\u00fdch raket s plochou dr\u00e1hou letu Tomahawk a dokonce i rozm\u00edst\u011bn\u00ed ne-americk\u00fdch jadern\u00fdch taktick\u00fdch hlavic na Ukrajin\u011b.<\/p>\n<p><strong>V n\u00e1vrhu se podle SVR jasn\u011b deklaruje, \u017ee USA nesm\u00ed b\u00fdt postaveny do pozice p\u0159\u00edm\u00e9ho jadern\u00e9ho st\u0159etu s Ruskem<\/strong>, ale sou\u010dasn\u011b se v dokumentu uv\u00e1d\u00ed, \u017ee nic jin\u00e9ho, ne\u017e rozm\u00edst\u011bn\u00ed jadern\u00e9ho odstra\u0161en\u00ed na Ukrajin\u011b prost\u011b Ruskou arm\u00e1du nezastav\u00ed v postupu. A rovn\u011b\u017e je v dokumentu pr\u00fd uvedeno datum 30. b\u0159ezna 2025 jako referen\u010dn\u00ed datum pro stanoven\u00ed demarka\u010dn\u00ed linie.<\/p>\n<figure id=\"attachment_61875\" class=\"wp-caption aligncenter\" style=\"width: 692px;\"><a href=\"https:\/\/aeronet.news\/wp-content\/uploads\/ZelenskyTrumpFace2FaceHD.jpg\"><img decoding=\"async\" loading=\"lazy\" class=\"wp-image-61875 \" src=\"https:\/\/aeronet.news\/wp-content\/uploads\/ZelenskyTrumpFace2FaceHD-1024x610.jpg\" sizes=\"(max-width: 700px) 100vw, 700px\" srcset=\"https:\/\/aeronet.news\/wp-content\/uploads\/ZelenskyTrumpFace2FaceHD-1024x610.jpg 1024w, https:\/\/aeronet.news\/wp-content\/uploads\/ZelenskyTrumpFace2FaceHD-300x179.jpg 300w, https:\/\/aeronet.news\/wp-content\/uploads\/ZelenskyTrumpFace2FaceHD-768x457.jpg 768w, https:\/\/aeronet.news\/wp-content\/uploads\/ZelenskyTrumpFace2FaceHD-700x417.jpg 700w, https:\/\/aeronet.news\/wp-content\/uploads\/ZelenskyTrumpFace2FaceHD-600x357.jpg 600w, https:\/\/aeronet.news\/wp-content\/uploads\/ZelenskyTrumpFace2FaceHD-811x483.jpg 811w, https:\/\/aeronet.news\/wp-content\/uploads\/ZelenskyTrumpFace2FaceHD.jpg 1280w\" alt=\"\" width=\"692\" height=\"412\" \/><\/a><figcaption class=\"wp-caption-text\">Trump\u016fv pl\u00e1n sp\u00ed\u0161e p\u0159ipom\u00edn\u00e1 vyd\u00edr\u00e1n\u00ed obou stran konfliktu<\/figcaption><\/figure>\n<p>Samotn\u00fd Trump tak za pl\u00e1nem na m\u00edr na Ukrajin\u011b v\u016fbec nestoj\u00ed a ten pl\u00e1n sepsali b\u00fdval\u00fd gener\u00e1l Pentagonu a b\u00fdval\u00fd analytik CIA, \u010dili oba dva neoconi. Trump nesepsal ani \u010d\u00e1rku m\u00edrov\u00e9ho pl\u00e1nu. V dokumentu se rovn\u011b\u017e p\u00ed\u0161e o tom, \u017ee Ukrajina po zmrazen\u00ed konfliktu bude pot\u0159ebovat ochranu a bezpe\u010dnost, kterou maj\u00ed poskytnout evropsk\u00e9 \u010dlensk\u00e9 zem\u011b NATO. Prost\u011b m\u00edrov\u00e9 sbory. Tak\u017ee a\u0165 se na to d\u00edv\u00e1me zleva nebo zprava, je to jedno a tot\u00e9\u017e, p\u0159esn\u011b to, co pr\u00e1v\u011b ozn\u00e1mila rusk\u00e1 SVR. Tedy okupace Ukrajiny vojsky NATO a vynucen\u00ed Ruska k m\u00edru pomoc\u00ed hrozby rozm\u00edst\u011bn\u00edm Tomahawk\u016f a dokonce britsk\u00fdch a francouzsk\u00fdch jadern\u00fdch taktick\u00fdch hlavic na Ukrajin\u011b.<\/p>\n<h6><span style=\"font-size: 18pt;\">Bude Putinovi dovoleno odpov\u011bd\u011bt na ukrajinsk\u00fd jadern\u00fd \u00fatok na Rusko jadernou odvetou proti majetk\u016fm rusk\u00fdch oligarch\u016f na Ukrajin\u011b?<\/span><\/h6>\n<p>Tak tohle je ten Trump\u016fv m\u00edrov\u00fd pl\u00e1n. A zkuste h\u00e1dat, jak na n\u011bj zareaguje Kreml. Nakreslen\u00edm dal\u0161\u00ed \u010derven\u00e9 \u010d\u00e1ry, \u017ee jestli dojde k rozm\u00edst\u011bn\u00ed jadern\u00fdch zbran\u00ed na Ukrajin\u011b, tak\u2026 a zbytek u\u017e zn\u00e1me.\u00a0<strong>Pokud Rusko podlehne tlaku a zastav\u00ed specku, bude to v\u00fdhra Trumpa a zem\u00ed KoZa nad Ruskem, ale zachr\u00e1n\u00ed to sv\u011btov\u00fd m\u00edr.<\/strong>\u00a0<strong>Alespo\u0148 na chv\u00edli, ne\u017e Ukrajina p\u0159ezbroj\u00ed svoji arm\u00e1du.<\/strong>\u00a0A kdy\u017e se Rusko nezastav\u00ed a bude pokra\u010dovat v boji na Ukrajin\u011b, tak Ukrajinci na n\u011b d\u0159\u00edve \u010di pozd\u011bji odp\u00e1l\u00ed jadernou taktickou raketu, kterou dostanou ze z\u00e1padu.<\/p>\n<figure id=\"attachment_61719\" class=\"wp-caption aligncenter\" style=\"width: 696px;\"><a href=\"https:\/\/aeronet.news\/wp-content\/uploads\/ATACMS_LaunchFeat.jpg\"><img decoding=\"async\" loading=\"lazy\" class=\"wp-image-61719 \" src=\"https:\/\/aeronet.news\/wp-content\/uploads\/ATACMS_LaunchFeat-1024x682.jpg\" sizes=\"(max-width: 700px) 100vw, 700px\" srcset=\"https:\/\/aeronet.news\/wp-content\/uploads\/ATACMS_LaunchFeat-1024x682.jpg 1024w, https:\/\/aeronet.news\/wp-content\/uploads\/ATACMS_LaunchFeat-300x200.jpg 300w, https:\/\/aeronet.news\/wp-content\/uploads\/ATACMS_LaunchFeat-768x512.jpg 768w, https:\/\/aeronet.news\/wp-content\/uploads\/ATACMS_LaunchFeat-700x466.jpg 700w, https:\/\/aeronet.news\/wp-content\/uploads\/ATACMS_LaunchFeat-536x357.jpg 536w, https:\/\/aeronet.news\/wp-content\/uploads\/ATACMS_LaunchFeat-725x483.jpg 725w, https:\/\/aeronet.news\/wp-content\/uploads\/ATACMS_LaunchFeat.jpg 1280w\" alt=\"\" width=\"696\" height=\"464\" \/><\/a><figcaption class=\"wp-caption-text\">Odpal rakety ATACMS z komplexu HIMARS na c\u00edle v Kursk\u00e9 oblasti v Rusku<\/figcaption><\/figure>\n<p>A p\u0159esto\u017ee hlavice bude britsk\u00e1 a raketa n\u011bmeck\u00e1 nebo b\u016fhv\u00ed jak\u00e1, t\u0159eba od Mar\u0165an\u016f, to je jedno, tak na koho v jadern\u00e9 odvet\u011b ude\u0159\u00ed Rusko? Op\u011bt na Ukrajince. Anebo ne? Bude dovoleno vyvod\u00edkovat na Ukrajin\u011b majetky rusk\u00fdch oligarch\u016f, tedy majetky rusk\u00fdch Chasid\u016f? Ne, nebude! Tak\u017ee Rusko bude donuceno p\u0159istoupit na p\u0159\u00edm\u011b\u0159\u00ed? Na to si po\u010dkejme, a\u017e se Trump dostane 20. ledna k moci. Ob\u00e1v\u00e1m se, \u017ee hned pot\u00e9 se okolo n\u011bj vyroj\u00ed tolik jest\u0159\u00e1b\u016f a neocon\u016f s tolika raketami a hlavicemi, \u017ee je nestihneme ani po\u010d\u00edtat. KoZa prost\u011b nedos\u00e1hne na Ukrajin\u011b strategick\u00e9 por\u00e1\u017eky Ruska, ale ani Rusko z\u0159ejm\u011b nedos\u00e1hne v\u0161ech sv\u00fdch c\u00edl\u016f specky. V podstat\u011b p\u016fjde o odklad na dal\u0161\u00ed v\u00e1lku.<\/p>\n<p><a href=\"https:\/\/aeronet.news\/ruska-rozvedka-ziskala-pristup-k-trumpovu-mirovemu-planu-a-je-to-sila-evropske-zeme-nato-rozmisti-na-ukrajine-100-000-vojaku-tzv-mirovych-sil-a-rozdeli-ukrajinu-na-4-okupacni-zony\/\">-VK-<\/a><\/p>\n<p>&nbsp;<\/p>\n","protected":false},"excerpt":{"rendered":"<p>Rusk\u00e1 rozv\u011bdka z\u00edskala p\u0159\u00edstup k Trumpovu m\u00edrov\u00e9mu pl\u00e1nu, a je to s\u00edla! Evropsk\u00e9 zem\u011b NATO&#8230;<\/p>\n","protected":false},"author":2,"featured_media":67175,"comment_status":"closed","ping_status":"closed","sticky":false,"template":"","format":"standard","meta":[],"categories":[6],"tags":[1042,4030,1104,452,26],"_links":{"self":[{"href":"https:\/\/www.infokuryr.cz\/n\/wp-json\/wp\/v2\/posts\/67174"}],"collection":[{"href":"https:\/\/www.infokuryr.cz\/n\/wp-json\/wp\/v2\/posts"}],"about":[{"href":"https:\/\/www.infokuryr.cz\/n\/wp-json\/wp\/v2\/types\/post"}],"author":[{"embeddable":true,"href":"https:\/\/www.infokuryr.cz\/n\/wp-json\/wp\/v2\/users\/2"}],"replies":[{"embeddable":true,"href":"https:\/\/www.infokuryr.cz\/n\/wp-json\/wp\/v2\/comments?post=67174"}],"version-history":[{"count":0,"href":"https:\/\/www.infokuryr.cz\/n\/wp-json\/wp\/v2\/posts\/67174\/revisions"}],"wp:featuredmedia":[{"embeddable":true,"href":"https:\/\/www.infokuryr.cz\/n\/wp-json\/wp\/v2\/media\/67175"}],"wp:attachment":[{"href":"https:\/\/www.infokuryr.cz\/n\/wp-json\/wp\/v2\/media?parent=67174"}],"wp:term":[{"taxonomy":"category","embeddable":true,"href":"https:\/\/www.infokuryr.cz\/n\/wp-json\/wp\/v2\/categories?post=67174"},{"taxonomy":"post_tag","embeddable":true,"href":"https:\/\/www.infokuryr.cz\/n\/wp-json\/wp\/v2\/tags?post=67174"}],"curies":[{"name":"wp","href":"https:\/\/api.w.org\/{rel}","templated":true}]}}