{"id":67169,"date":"2024-11-30T00:45:20","date_gmt":"2024-11-29T23:45:20","guid":{"rendered":"https:\/\/www.infokuryr.cz\/n\/?p=67169"},"modified":"2024-11-30T06:15:55","modified_gmt":"2024-11-30T05:15:55","slug":"petr-pokorny-jde-do-tuheho-plyn-prolomil-dalsi-hranici-a-jeste-nezacal-prosinec","status":"publish","type":"post","link":"https:\/\/www.infokuryr.cz\/n\/2024\/11\/30\/petr-pokorny-jde-do-tuheho-plyn-prolomil-dalsi-hranici-a-jeste-nezacal-prosinec\/","title":{"rendered":"Petr Pokorn\u00fd: Jde do tuh\u00e9ho! Plyn prolomil dal\u0161\u00ed hranici a je\u0161t\u011b neza\u010dal prosinec"},"content":{"rendered":"<div id=\"fb-root\"><\/div>\n<div class=\"introtext\">\n<p><span style=\"font-size: 14pt;\"><strong>Spot\u0159eba plynu trh\u00e1 rekordy.\u00a0 Z\u00e1sobn\u00edky maj\u00ed ji\u017e m\u00e9n\u011b ne\u017e 80% (79.66\u00a0%) a zima je\u0161t\u011b neza\u010dala. A tak \u010cesk\u00e1 televize hl\u00e1s\u00e1, \u017ee ceny klesaj\u00ed. M\u00e1me pr\u00fd j\u00e1sat. V\u00e1\u017en\u011b klesaj\u00ed?<\/strong><\/span><\/p>\n<\/div>\n<div class=\"fulltext\">\n<p>Jak je mo\u017en\u00e9, \u017ee S\u00edkela nen\u00ed zodpov\u011bdn\u00fd za sv\u00e9 \u010diny a m\u00edsto trestu je uklizen na vy\u0161\u0161\u00ed, l\u00e9pe placenou funkci? N\u011bmci se tedy nerozd\u011bl\u00ed a dokonce \u00fa\u010dtuj\u00ed v\u00edce? Ba co v\u00edc: p\u0159es N\u011bmecko u\u017e nejde nic!<\/p>\n<table>\n<tbody>\n<tr>\n<td>Dovoz plynu z Ruska do \u010ceska v posledn\u00edch t\u00fddnech v\u00fdrazn\u011b vzrostl. Zat\u00edmco po p\u0159ev\u00e1\u017enou \u010d\u00e1st leto\u0161n\u00edho roku v\u011bt\u0161ina plynu do \u010cR p\u0159itekla z N\u011bmecka, v listopadu tvo\u0159\u00ed v\u00edce ne\u017e <strong>95 procent<\/strong>\u00a0dod\u00e1vek plyn, kter\u00fd p\u0159itekl ze Slovenska. T\u00edmto sm\u011brem p\u0159itom podle odborn\u00edk\u016f proud\u00ed p\u0159edev\u0161\u00edm\u00a0rusk\u00fd plyn. Vypl\u00fdv\u00e1 to z p\u0159epravn\u00edch\u00a0<a href=\"https:\/\/extranet.cams.net4gas.cz\/cs\/?filters=%7B%22day%22%3A%222024-11-19T05%3A00%3A00.000Z%22%7D\" target=\"_blank\" rel=\"noopener\">statistik<\/a>\u00a0spole\u010dnosti Net4Gas<\/td>\n<\/tr>\n<\/tbody>\n<\/table>\n<p>Z\u00e1hada nad z\u00e1hady: pozorn\u011b si toto p\u0159e\u010dt\u011bte<\/p>\n<h2>29.11.2024<\/h2>\n<h3 class=\"mb-3\"><span style=\"font-size: 18pt;\">Koncov\u00e9 ceny energi\u00ed pro v\u0161echny odb\u011bratele\u00a0klesnou, odhaduje ER\u00da<\/span><\/h3>\n<p>A d\u016fvod?<\/p>\n<p>\u201eNeb\u00fdv\u00e1 to \u00fapln\u011b zvykem, ale tentokr\u00e1t budeme m\u00edt sam\u00e9 pozitivn\u00ed informace, proto\u017ee ceny jak dod\u00e1vek elekt\u0159iny, tak dod\u00e1vek plynu na p\u0159\u00ed\u0161t\u00ed rok\u00a0<strong>klesaj\u00ed,\u201c uvedl p\u0159edseda Rady ER\u00da Stanislav Tr\u00e1vn\u00ed\u010dek.<\/strong>\u00a0P\u0159\u00edzniv\u011b se do regulovan\u00fdch cen prom\u00edt\u00e1\u00a0<strong>klesaj\u00edc\u00ed\u00a0cena elekt\u0159iny a plynu na voln\u00e9m trhu<\/strong>, co\u017e sni\u017euje n\u011bkter\u00e9 n\u00e1klady na provoz soustav.<\/p>\n<p>Co ten expert pov\u00edd\u00e1 v \u010cesk\u00e9 televizi? Takto vypad\u00e1 pokles?<\/p>\n<h2><img decoding=\"async\" loading=\"lazy\" class=\"aligncenter\" src=\"https:\/\/www.skrytapravda.cz\/images\/blogy\/805\/2024\/ekonomika_energetika\/elektrina_webp_99720.webp\" alt=\"elektrina webp 99720\" width=\"577\" height=\"282\" \/><\/h2>\n<p>&nbsp;<\/p>\n<p><span style=\"font-size: 18pt;\"><strong>Divn\u00fd je i pokles ceny plynu<\/strong><\/span><\/p>\n<p><img decoding=\"async\" loading=\"lazy\" class=\"aligncenter\" src=\"https:\/\/www.skrytapravda.cz\/images\/blogy\/805\/2024\/ekonomika_energetika\/cena_plyni_webp_42742.webp\" alt=\"cena plyni webp 42742\" width=\"389\" height=\"392\" \/><\/p>\n<p>Cena plynu stoupla o 45%. Dokonce i grafy \u010ct to dokazuj\u00ed. Tak jakou \u0159e\u010d\u00ed k ve\u0159ejnosti mluv\u00ed vl\u00e1dn\u00ed experti?<\/p>\n<p><strong>U\u017e ch\u00e1pete, pro\u010d tak P\u00e9\u0165a Fiala radostn\u011b kvi\u010d\u00ed a z televize hl\u00e1s\u00e1, \u017ee N\u011bmecko do\u017eeneme a p\u0159ede\u017eeneme nejpozd\u011bji z\u00edtra a kdy\u017e ne z\u00edtra, tak poz\u00edt\u0159\u00ed? Ne\u0159\u00edkali to soudruzi u\u017e za \u00e9ry \u00daV KS\u010c? A jak jsme dopadli a nyn\u00ed je je\u0161t\u011b h\u016f\u0159.\u00a0<\/strong><\/p>\n<p>Nebo snad dle narativu inteligentn\u00edho Fialy je a bude l\u00e9pe?<\/p>\n<p><a href=\"https:\/\/www.skrytapravda.cz\/z-ekonomiky\/2246-jde-do-tuheho-plyn-prolomil-dalsi-hranici-a-jeste-nezacal-prosinec\">Petr Pokorn\u00fd<\/a><\/p>\n<p>&nbsp;<\/p>\n<\/div>\n","protected":false},"excerpt":{"rendered":"<p>Spot\u0159eba plynu trh\u00e1 rekordy.\u00a0 Z\u00e1sobn\u00edky maj\u00ed ji\u017e m\u00e9n\u011b ne\u017e 80% (79.66\u00a0%) a zima je\u0161t\u011b neza\u010dala&#8230;.<\/p>\n","protected":false},"author":2,"featured_media":67170,"comment_status":"closed","ping_status":"closed","sticky":false,"template":"","format":"standard","meta":[],"categories":[6],"tags":[5030,45,1008],"_links":{"self":[{"href":"https:\/\/www.infokuryr.cz\/n\/wp-json\/wp\/v2\/posts\/67169"}],"collection":[{"href":"https:\/\/www.infokuryr.cz\/n\/wp-json\/wp\/v2\/posts"}],"about":[{"href":"https:\/\/www.infokuryr.cz\/n\/wp-json\/wp\/v2\/types\/post"}],"author":[{"embeddable":true,"href":"https:\/\/www.infokuryr.cz\/n\/wp-json\/wp\/v2\/users\/2"}],"replies":[{"embeddable":true,"href":"https:\/\/www.infokuryr.cz\/n\/wp-json\/wp\/v2\/comments?post=67169"}],"version-history":[{"count":0,"href":"https:\/\/www.infokuryr.cz\/n\/wp-json\/wp\/v2\/posts\/67169\/revisions"}],"wp:featuredmedia":[{"embeddable":true,"href":"https:\/\/www.infokuryr.cz\/n\/wp-json\/wp\/v2\/media\/67170"}],"wp:attachment":[{"href":"https:\/\/www.infokuryr.cz\/n\/wp-json\/wp\/v2\/media?parent=67169"}],"wp:term":[{"taxonomy":"category","embeddable":true,"href":"https:\/\/www.infokuryr.cz\/n\/wp-json\/wp\/v2\/categories?post=67169"},{"taxonomy":"post_tag","embeddable":true,"href":"https:\/\/www.infokuryr.cz\/n\/wp-json\/wp\/v2\/tags?post=67169"}],"curies":[{"name":"wp","href":"https:\/\/api.w.org\/{rel}","templated":true}]}}