{"id":67168,"date":"2024-11-30T00:46:48","date_gmt":"2024-11-29T23:46:48","guid":{"rendered":"https:\/\/www.infokuryr.cz\/n\/?p=67168"},"modified":"2024-11-29T16:32:14","modified_gmt":"2024-11-29T15:32:14","slug":"desetitisice-ukrajinskych-vojaku-dezertovaly","status":"publish","type":"post","link":"https:\/\/www.infokuryr.cz\/n\/2024\/11\/30\/desetitisice-ukrajinskych-vojaku-dezertovaly\/","title":{"rendered":"Desetitis\u00edce ukrajinsk\u00fdch voj\u00e1k\u016f dezertovaly"},"content":{"rendered":"<div id=\"fb-root\"><\/div>\n<p><span style=\"font-size: 18pt;\"><strong>Cel\u00e9 jednotky odch\u00e1zej\u00ed, proto\u017ee n\u00e1siln\u011b odveden\u00ed voj\u00e1ci odm\u00edtaj\u00ed p\u0159ij\u00edmat rozkazy, uvedla tiskov\u00e1 agentura AP<\/strong><\/span><\/p>\n<p><span>Masov\u00e1 dezerce\u00a0<\/span><em><span>\u201evyhladovuje\u201c<\/span><\/em><span>\u00a0ukrajinskou arm\u00e1du a\u00a0<\/span><em><span>\u201eochromuje\u201c<\/span><\/em><span>\u00a0kyjevsk\u00e9 bitevn\u00ed pl\u00e1ny, proto\u017ee voj\u00e1ci prchaj\u00ed po des\u00edtk\u00e1ch tis\u00edc, uvedla v p\u00e1tek agentura AP s odvol\u00e1n\u00edm na dva voj\u00e1ky, kte\u0159\u00ed ode\u0161li AWOL, stejn\u011b jako pr\u00e1vn\u00edky a tucet \u00fa\u0159edn\u00edk\u016f, v\u011bt\u0161ina kter\u00fd mluvil pod podm\u00ednkou anonymity.<\/span><\/p>\n<p><em><span>&#8222;U\u017e jsme z na\u0161ich lid\u00ed vym\u00e1\u010dkli maximum,&#8220;<\/span><\/em><span>\u00a0\u0159ekl americk\u00e9 tiskov\u00e9 agentu\u0159e d\u016fstojn\u00edk 72. brig\u00e1dy a vysv\u011btlil, pro\u010d se probl\u00e9m stal tak akutn\u00edm.<\/span><\/p>\n<p><span>Kancel\u00e1\u0159 gener\u00e1ln\u00edho prokur\u00e1tora uv\u00e1d\u00ed v\u00edce ne\u017e 100 000 voj\u00e1k\u016f, kte\u0159\u00ed byli obvin\u011bni z dezerce, z nich\u017e t\u00e9m\u011b\u0159 polovina ode\u0161la jen letos, ale skute\u010dn\u00fd po\u010det je pravd\u011bpodobn\u011b podstatn\u011b vy\u0161\u0161\u00ed, uvedla AP. M\u016f\u017ee to b\u00fdt a\u017e 200 000, \u0159ekl agentu\u0159e jeden poslanec. V n\u011bkter\u00fdch p\u0159\u00edpadech cel\u00e9 jednotky uprchly ze sv\u00fdch p\u0159edn\u00edch pozic, bylo \u0159e\u010deno.<\/span><\/p>\n<p><em><span>\u201ePokud neexistuje \u017e\u00e1dn\u00fd konec [vojensk\u00e9 slu\u017eby], zm\u011bn\u00ed se to ve v\u011bzen\u00ed \u2013 je psychicky t\u011b\u017ek\u00e9 naj\u00edt d\u016fvody k obran\u011b t\u00e9to zem\u011b,\u201c<\/span><\/em><span>\u00a0\u0159ekl jeden z dezert\u00e9r\u016f, kter\u00e9ho jmenovala agentura AP. Kr\u00e1tce po v\u00fdslechu byl obvin\u011bn.<\/span><\/p>\n<p><span>Za\u010d\u00e1tkem tohoto roku Kyjev p\u0159ijal rozs\u00e1hlou reformu vojensk\u00e9 slu\u017eby v nad\u011bji, \u017ee pos\u00edl\u00ed m\u00edru povinn\u00e9 brann\u00e9 povinnosti. USA nyn\u00ed \u00fadajn\u011b tla\u010d\u00ed na ukrajinskou vl\u00e1du, aby sn\u00ed\u017eila minim\u00e1ln\u00ed v\u011bk pro odvod na 18 let z 25 let.<\/span><\/p>\n<p><span>Brann\u00e1 povinnost je brut\u00e1ln\u011b vynucov\u00e1na d\u016fstojn\u00edky a jejich civiln\u00edmi pomocn\u00edky. Jeden takov\u00fd \u00fa\u0159edn\u00edk \u0159ekl, \u017ee manipulace s jeho c\u00edli je jako\u00a0\u00a0<\/span><em><span>\u201evypo\u0159\u00e1d\u00e1n\u00ed se s krysou zahnanou do kouta\u201c,<\/span><\/em><span>\u00a0informovaly noviny The Telegraph za\u010d\u00e1tkem tohoto t\u00fddne.<\/span><\/p>\n<p><span>Ukrajinsk\u00fd v\u016fdce Vladimir Zelenskyj podepsal tento t\u00fdden z\u00e1kon, kter\u00fd se vzd\u00e1v\u00e1 trestn\u00ed odpov\u011bdnosti za prvodezert\u00e9ry, pokud se dobrovoln\u011b vr\u00e1t\u00ed a budou bojovat.<\/span><\/p>\n<p><span>V \u010dervenci 2023 rusk\u00fd prezident Vladimir Putin varoval, \u017ee nejv\u011bt\u0161\u00edm probl\u00e9mem, kter\u00e9mu ukrajinsk\u00e1 arm\u00e1da \u010del\u00ed, je nedostatek pracovn\u00edch sil po ne\u00fasp\u011b\u0161n\u00e9\u00a0<\/span><em><span>\u201eprotiofenz\u00edv\u011b\u201c<\/span><\/em><span>\u00a0proveden\u00e9 proti Rusku na za\u010d\u00e1tku t\u00e9ho\u017e roku.<\/span><\/p>\n<p><em><span>\u201eUkrajinsk\u00e9 jednotky utrp\u011bly p\u0159i sebevra\u017eedn\u00fdch \u00fatoc\u00edch obrovsk\u00e9 ztr\u00e1ty. Desetitis\u00edce ob\u011bt\u00ed,\u201c<\/span><\/em><span>\u00a0\u0159ekl na zased\u00e1n\u00ed rusk\u00e9 Rady bezpe\u010dnosti.<\/span><\/p>\n<p><em><span>\u201eNavzdory neust\u00e1l\u00fdm n\u00e1jezd\u016fm, nikdy nekon\u010d\u00edc\u00edm vln\u00e1m tot\u00e1ln\u00ed mobilizace v ukrajinsk\u00fdch m\u011bstech a vesnic\u00edch sou\u010dasn\u00fd re\u017eim zji\u0161\u0165uje, \u017ee pos\u00edl\u00e1n\u00ed posil do prvn\u00ed linie je st\u00e1le obt\u00ed\u017en\u011bj\u0161\u00ed,\u201c<\/span><\/em><span>\u00a0dodal.\u00a0<\/span><em><span>&#8222;Mobiliza\u010dn\u00ed rezerva zem\u011b se vy\u010derp\u00e1v\u00e1.&#8220;<\/span><\/em><\/p>\n<p><span>Zelenskyj soustavn\u011b obvi\u0148uje z ukrajinsk\u00fdch ne\u00fasp\u011bch\u016f na boji\u0161ti nedostatek zbran\u00ed darovan\u00fdch Z\u00e1padem. Mezit\u00edm ho ru\u0161t\u00ed p\u0159edstavitel\u00e9 obvinili z veden\u00ed v\u00e1lky\u00a0<\/span><em><span>\u201edo posledn\u00edho Ukrajince\u201c<\/span><\/em><span>\u00a0jm\u00e9nem USA.<\/span><\/p>\n<p><img decoding=\"async\" loading=\"lazy\" class=\"alignnone size-full wp-image-1185\" src=\"http:\/\/www.infokuryr.cz\/n\/wp-content\/uploads\/2021\/04\/kuryr-podpis.png\" alt=\"\" width=\"84\" height=\"24\" \/><\/p>\n<p>&nbsp;<\/p>\n<p>&nbsp;<\/p>\n","protected":false},"excerpt":{"rendered":"<p>Cel\u00e9 jednotky odch\u00e1zej\u00ed, proto\u017ee n\u00e1siln\u011b odveden\u00ed voj\u00e1ci odm\u00edtaj\u00ed p\u0159ij\u00edmat rozkazy, uvedla tiskov\u00e1 agentura AP Masov\u00e1&#8230;<\/p>\n","protected":false},"author":2,"featured_media":63551,"comment_status":"closed","ping_status":"closed","sticky":false,"template":"","format":"standard","meta":[],"categories":[7],"tags":[80,3849,26,321],"_links":{"self":[{"href":"https:\/\/www.infokuryr.cz\/n\/wp-json\/wp\/v2\/posts\/67168"}],"collection":[{"href":"https:\/\/www.infokuryr.cz\/n\/wp-json\/wp\/v2\/posts"}],"about":[{"href":"https:\/\/www.infokuryr.cz\/n\/wp-json\/wp\/v2\/types\/post"}],"author":[{"embeddable":true,"href":"https:\/\/www.infokuryr.cz\/n\/wp-json\/wp\/v2\/users\/2"}],"replies":[{"embeddable":true,"href":"https:\/\/www.infokuryr.cz\/n\/wp-json\/wp\/v2\/comments?post=67168"}],"version-history":[{"count":0,"href":"https:\/\/www.infokuryr.cz\/n\/wp-json\/wp\/v2\/posts\/67168\/revisions"}],"wp:featuredmedia":[{"embeddable":true,"href":"https:\/\/www.infokuryr.cz\/n\/wp-json\/wp\/v2\/media\/63551"}],"wp:attachment":[{"href":"https:\/\/www.infokuryr.cz\/n\/wp-json\/wp\/v2\/media?parent=67168"}],"wp:term":[{"taxonomy":"category","embeddable":true,"href":"https:\/\/www.infokuryr.cz\/n\/wp-json\/wp\/v2\/categories?post=67168"},{"taxonomy":"post_tag","embeddable":true,"href":"https:\/\/www.infokuryr.cz\/n\/wp-json\/wp\/v2\/tags?post=67168"}],"curies":[{"name":"wp","href":"https:\/\/api.w.org\/{rel}","templated":true}]}}