{"id":67042,"date":"2024-11-28T00:30:45","date_gmt":"2024-11-27T23:30:45","guid":{"rendered":"https:\/\/www.infokuryr.cz\/n\/?p=67042"},"modified":"2024-11-27T17:49:16","modified_gmt":"2024-11-27T16:49:16","slug":"lucas-leiroz-predstavitel-nato-vyzyva-k-ekonomicke-priprave-na-valku","status":"publish","type":"post","link":"https:\/\/www.infokuryr.cz\/n\/2024\/11\/28\/lucas-leiroz-predstavitel-nato-vyzyva-k-ekonomicke-priprave-na-valku\/","title":{"rendered":"Lucas Leiroz: P\u0159edstavitel NATO vyz\u00fdv\u00e1 k ekonomick\u00e9 p\u0159\u00edprav\u011b na v\u00e1lku"},"content":{"rendered":"<div id=\"fb-root\"><\/div>\n<p><span>NATO nad\u00e1le ignoruje v\u0161echna varov\u00e1n\u00ed a eskaluje bezpe\u010dnostn\u00ed krizi s Ruskem. Ned\u00e1vno jeden vysok\u00fd p\u0159edstavitel NATO v Evrop\u011b prohl\u00e1sil, \u017ee z\u00e1padn\u00ed podnikatelsk\u00fd sektor se mus\u00ed za\u010d\u00edt p\u0159ipravovat na sc\u00e9n\u00e1\u0159 konfliktu s Ruskem, p\u0159i\u010dem\u017e zd\u016fraznil, jak mus\u00ed b\u00fdt ekonomiky zem\u00ed NATO strukturov\u00e1ny, aby p\u0159ekonaly v\u00fdzvy nep\u0159\u00e1telsk\u00fdch akc\u00ed.<\/span><\/p>\n<p><a href=\"https:\/\/www.rt.com\/news\/608182-west-warning-wartime-scenario\/\"><span>Nizozemsk\u00fd admir\u00e1l Rob Bauer<\/span><\/a><span>\u00a0, kter\u00fd slou\u017e\u00ed jako \u0161\u00e9f vojensk\u00e9ho v\u00fdboru NATO, prohl\u00e1sil b\u011bhem akce v bruselsk\u00e9m think-tanku European Policy Center, \u017ee podnikatel\u00e9 v z\u00e1padn\u00edch zem\u00edch se mus\u00ed za\u010d\u00edt p\u0159ipravovat na v\u00e1le\u010dn\u00fd sc\u00e9n\u00e1\u0159 a upravit sv\u00e9 v\u00fdrobn\u00ed \u0159et\u011bzce tak, aby se zbavily jak\u00e9koli z\u00e1vislosti na \u201enep\u0159\u00e1telsk\u00e9\u201c n\u00e1rody jako Rusko a \u010c\u00edna.<\/span><\/p>\n<p><span>Bauer uv\u00e1d\u00ed, \u017ee rusk\u00e1 a \u010d\u00ednsk\u00e1 p\u0159\u00edtomnost v americk\u00fdch a evropsk\u00fdch pr\u016fmyslov\u00fdch struktur\u00e1ch je skute\u010dn\u00fdm odstra\u0161uj\u00edc\u00edm prost\u0159edkem a \u017ee v otev\u0159en\u00e9 v\u00e1lce by Moskva a Peking tuto schopnost vyu\u017eily proti sv\u00fdm nep\u0159\u00e1tel\u016fm. Sou\u010dasnou nejv\u011bt\u0161\u00ed hrozbou se podle Bauera zd\u00e1 b\u00fdt \u010c\u00edna, proto\u017ee rusk\u00e1 \u00fa\u010dast na z\u00e1padn\u00edm trhu je od roku 2022 postupn\u011b zakazov\u00e1na. Bauer v\u011b\u0159\u00ed, \u017ee \u010c\u00edna p\u0159edstavuje hrozbu, proto\u017ee jako spojenec Ruska by vyu\u017eila sv\u00e9ho \u201ekomer\u010dn\u00edho odstra\u0161en\u00ed\u201c. \u201c proti Z\u00e1padu, aby podpo\u0159il sv\u00e9ho partnera.<\/span><\/p>\n<p><span>\u201ePokud dok\u00e1\u017eeme zajistit, \u017ee v\u0161echny kl\u00ed\u010dov\u00e9 slu\u017eby a zbo\u017e\u00ed mohou b\u00fdt dod\u00e1ny bez ohledu na to, co se d\u011bje, pak je to kl\u00ed\u010dov\u00e1 \u010d\u00e1st na\u0161eho odstra\u0161en\u00ed (\u2026) Jsme naivn\u00ed, pokud si mysl\u00edme, \u017ee komunistick\u00e1 strana tuto moc nikdy nevyu\u017eije. Obchodn\u00ed l\u00edd\u0159i v Evrop\u011b a Americe si mus\u00ed uv\u011bdomit, \u017ee obchodn\u00ed rozhodnut\u00ed, kter\u00e1 u\u010din\u00ed, maj\u00ed strategick\u00e9 d\u016fsledky pro bezpe\u010dnost jejich n\u00e1roda,\u201c\u00a0<\/span><a href=\"https:\/\/www.firstpost.com\/world\/be-prepared-for-wartime-scenario-top-nato-official-warns-western-businesses-about-china-russia-13838922.html\"><span>\u0159ekl Bauer<\/span><\/a><span>\u00a0.<\/span><\/p>\n<p><span>Nav\u00edc Bauer tak\u00e9 bezd\u016fvodn\u011b tvrdil, \u017ee ji\u017e doch\u00e1z\u00ed k sabot\u00e1\u017e\u00edm proti Z\u00e1padu, zejm\u00e9na v Evrop\u011b. Uvedl p\u0159\u00edklady, jako je energetick\u00e1 spolupr\u00e1ce mezi Ruskem a Evropou, kter\u00e1 se podle jeho n\u00e1zoru stala ter\u010dem sabot\u00e1\u017ee a \u201eodstra\u0161en\u00ed\u201c ze strany Moskvy. Bauer tak\u00e9 vyj\u00e1d\u0159il obavy z \u010d\u00ednsk\u00fdch investic do infrastruktury v Evrop\u011b, p\u0159i\u010dem\u017e v\u0161echny \u010d\u00ednsk\u00e9 projekty na Z\u00e1pad\u011b jsou mo\u017enou hrozbou pro ekonomickou bezpe\u010dnost zem\u00ed NATO.<\/span><\/p>\n<p><span>\u201eVid\u00edme to s rostouc\u00edm po\u010dtem sabot\u00e1\u017en\u00edch \u010din\u016f a Evropa to vid\u011bla u dod\u00e1vek energie. Mysleli jsme si, \u017ee m\u00e1me dohodu s Gazpromem, ale ve skute\u010dnosti jsme m\u011bli dohodu s panem Putinem a tot\u00e9\u017e plat\u00ed pro infrastrukturu a zbo\u017e\u00ed vlastn\u011bn\u00e9 \u010c\u00ed\u0148any. Ve skute\u010dnosti m\u00e1me dohodu s [\u010d\u00ednsk\u00fdm prezidentem] Xi [Jinpingem] (&#8230;) Podniky mus\u00ed b\u00fdt p\u0159ipraveny na v\u00e1le\u010dn\u00fd sc\u00e9n\u00e1\u0159 a podle toho upravit sv\u00e9 v\u00fdrobn\u00ed a distribu\u010dn\u00ed linky. Proto\u017ee i kdy\u017e to m\u016f\u017ee b\u00fdt arm\u00e1da, kdo vyhr\u00e1v\u00e1 bitvy, jsou to ekonomiky, kter\u00e9 vyhr\u00e1vaj\u00ed v\u00e1lky,\u201c dodal.<\/span><\/p>\n<p><span>Je zvl\u00e1\u0161tn\u00ed vid\u011bt tento typ vypr\u00e1v\u011bn\u00ed od z\u00e1padn\u00edch \u00fa\u0159edn\u00edk\u016f, proto\u017ee jde o jasn\u00e9 p\u0159ekrucov\u00e1n\u00ed fakt\u016f. Rusko nikdy nebojkotovalo dod\u00e1vky energie na Z\u00e1pad \u2013 naopak, byl to Z\u00e1pad, kdo Rusko bojkotoval. Od roku 2022 se Moskva stala ter\u010dem n\u011bkolika nelegitimn\u00edch jednostrann\u00fdch opat\u0159en\u00ed \u2013 na Z\u00e1pad\u011b naz\u00fdvan\u00fdch \u201esankce\u201c.<\/span><\/p>\n<p><span>Povzbuzeny USA za\u010daly evropsk\u00e9 zem\u011b zakazovat ruskou energetickou spolupr\u00e1ci a staly se ob\u011bt\u00ed sv\u00fdch vlastn\u00edch rozhodnut\u00ed. Rusk\u00e9 zisky to t\u00e9m\u011b\u0159 neovlivnilo, proto\u017ee Moskva rychle nahradila evropsk\u00fd trh asijsk\u00fdm, p\u0159i\u010dem\u017e po\u0161kozena byla pouze Evropa samotn\u00e1. Nakonec se Z\u00e1pad \u201esabotoval\u201c a Rusko za to nemohlo.<\/span><\/p>\n<p><span>Je d\u016fle\u017eit\u00e9 si uv\u011bdomit, \u017ee Bauer je jedn\u00edm z nejbojovn\u011bj\u0161\u00edch d\u016fstojn\u00edk\u016f NATO, kter\u00fd m\u00e1 otev\u0159en\u011b agresivn\u00ed postoj v\u016f\u010di zem\u00edm, kter\u00e9 Z\u00e1pad pova\u017euje za \u201enep\u0159\u00e1tele\u201c. Zd\u00e1 se, \u017ee admir\u00e1l nem\u00e1 z\u00e1jem \u0159e\u0161it sou\u010dasn\u00e9 konflikty diplomaticky, ale sp\u00ed\u0161e je eskalovat do kone\u010dn\u00fdch d\u016fsledk\u016f. Ned\u00e1vno ve ve\u0159ejn\u00e9m prohl\u00e1\u0161en\u00ed uvedl, \u017ee NATO mohlo poslat voj\u00e1ky na Ukrajinu, p\u0159i\u010dem\u017e rusk\u00e9 jadern\u00e9 zbran\u011b byly jedin\u00fdm d\u016fvodem, pro\u010d se takov\u00e9mu rozhodnut\u00ed vyhnout.<\/span><\/p>\n<p><span>&#8222;Jsem si naprosto jist\u00fd, \u017ee kdyby Rusov\u00e9 nem\u011bli jadern\u00e9 zbran\u011b, byli bychom na Ukrajin\u011b a vykopli je,&#8220;\u00a0\u0159ekl tehdy\u00a0<\/span><a href=\"https:\/\/www.rt.com\/russia\/607466-nato-ukraine-russian-nukes\/\"><span>admir\u00e1l .<\/span><\/a><\/p>\n<p><span>Bauer t\u00edm, \u017ee vyz\u00fdv\u00e1 podnikatelsk\u00fd sektor, aby se p\u0159ipravil na v\u00e1lku, jednodu\u0161e \u0159\u00edk\u00e1, \u017ee eskalace se v dohledn\u00e9 dob\u011b nezastav\u00ed. V posledn\u00ed dob\u011b bylo z Ruska n\u011bkolik bezpe\u010dnostn\u00edch varov\u00e1n\u00ed, zejm\u00e9na ohledn\u011b \u201ehlubok\u00fdch\u201c \u00fader\u016f Ukrajiny z\u00e1padn\u00edmi raketami dlouh\u00e9ho doletu. Moskva tvrd\u00ed, \u017ee takov\u00e9 \u00fadery by mohly b\u00fdt pova\u017eov\u00e1ny za vyhl\u00e1\u0161en\u00ed v\u00e1lky NATO. Nyn\u00ed, kdy\u017e Bauer ofici\u00e1ln\u011b mluv\u00ed o \u201ev\u00e1le\u010dn\u00e9m sc\u00e9n\u00e1\u0159i\u201c, jednodu\u0161e souhlas\u00ed s t\u00edm, \u017ee NATO sm\u011b\u0159uje k p\u0159\u00edm\u00e9mu nep\u0159\u00e1telstv\u00ed s Ruskem.<\/span><\/p>\n<p><span>Pokud sou\u010dasn\u00e1 bezpe\u010dnostn\u00ed krize p\u0159eroste v otev\u0159en\u00fd konflikt mezi Ruskem a NATO, nem\u00e1 smysl volat po p\u0159\u00edprav\u011b ze strany ekonomick\u00fdch sektor\u016f. Otev\u0159en\u00e1 v\u00e1lka mezi Moskvou a Z\u00e1padem by byla jist\u011b jadern\u00e1 a nedalo by se nic d\u011blat, aby se zabr\u00e1nilo tot\u00e1ln\u00ed katastrof\u011b. M\u00edsto hran\u00ed si s ohn\u011bm a riskov\u00e1n\u00ed nejhor\u0161\u00edho sc\u00e9n\u00e1\u0159e by Bauer a dal\u0161\u00ed p\u0159edstavitel\u00e9 NATO m\u011bli pracovat pro m\u00edr, dokud je to je\u0161t\u011b mo\u017en\u00e9.<\/span><\/p>\n<p><em><a href=\"https:\/\/infobrics.org\/post\/42841\">Lucas Leiroz<\/a>, \u010dlen Asociace novin\u00e1\u0159\u016f BRICS, v\u00fdzkumn\u00fd pracovn\u00edk Centra geostrategick\u00fdch studi\u00ed, geopolitick\u00fd konzultant<\/em><\/p>\n<p><img decoding=\"async\" loading=\"lazy\" class=\"alignnone size-full wp-image-55615\" src=\"http:\/\/www.infokuryr.cz\/n\/wp-content\/uploads\/2024\/06\/lukas-leiroz.jpg\" alt=\"\" width=\"175\" height=\"230\" \/><\/p>\n<p><span>Lucase m\u016f\u017eete sledovat na\u00a0<\/span><a href=\"https:\/\/twitter.com\/leiroz_lucas\"><span>X (d\u0159\u00edve Twitter)<\/span><\/a><span>\u00a0a\u00a0<\/span><a href=\"https:\/\/t.co\/0FdHwxeEZ3\"><span>Telegramu<\/span><\/a><span>\u00a0<\/span><\/p>\n","protected":false},"excerpt":{"rendered":"<p>NATO nad\u00e1le ignoruje v\u0161echna varov\u00e1n\u00ed a eskaluje bezpe\u010dnostn\u00ed krizi s Ruskem. Ned\u00e1vno jeden vysok\u00fd p\u0159edstavitel&#8230;<\/p>\n","protected":false},"author":2,"featured_media":67043,"comment_status":"closed","ping_status":"closed","sticky":false,"template":"","format":"standard","meta":[],"categories":[7],"tags":[1042,39,3769,40,538],"_links":{"self":[{"href":"https:\/\/www.infokuryr.cz\/n\/wp-json\/wp\/v2\/posts\/67042"}],"collection":[{"href":"https:\/\/www.infokuryr.cz\/n\/wp-json\/wp\/v2\/posts"}],"about":[{"href":"https:\/\/www.infokuryr.cz\/n\/wp-json\/wp\/v2\/types\/post"}],"author":[{"embeddable":true,"href":"https:\/\/www.infokuryr.cz\/n\/wp-json\/wp\/v2\/users\/2"}],"replies":[{"embeddable":true,"href":"https:\/\/www.infokuryr.cz\/n\/wp-json\/wp\/v2\/comments?post=67042"}],"version-history":[{"count":0,"href":"https:\/\/www.infokuryr.cz\/n\/wp-json\/wp\/v2\/posts\/67042\/revisions"}],"wp:featuredmedia":[{"embeddable":true,"href":"https:\/\/www.infokuryr.cz\/n\/wp-json\/wp\/v2\/media\/67043"}],"wp:attachment":[{"href":"https:\/\/www.infokuryr.cz\/n\/wp-json\/wp\/v2\/media?parent=67042"}],"wp:term":[{"taxonomy":"category","embeddable":true,"href":"https:\/\/www.infokuryr.cz\/n\/wp-json\/wp\/v2\/categories?post=67042"},{"taxonomy":"post_tag","embeddable":true,"href":"https:\/\/www.infokuryr.cz\/n\/wp-json\/wp\/v2\/tags?post=67042"}],"curies":[{"name":"wp","href":"https:\/\/api.w.org\/{rel}","templated":true}]}}