{"id":66981,"date":"2024-11-27T00:43:25","date_gmt":"2024-11-26T23:43:25","guid":{"rendered":"https:\/\/www.infokuryr.cz\/n\/?p=66981"},"modified":"2024-11-26T16:52:38","modified_gmt":"2024-11-26T15:52:38","slug":"kyjev-zabiji-vice-civilistu-v-regionech-dpr-cherson-a-belgorod","status":"publish","type":"post","link":"https:\/\/www.infokuryr.cz\/n\/2024\/11\/27\/kyjev-zabiji-vice-civilistu-v-regionech-dpr-cherson-a-belgorod\/","title":{"rendered":"Kyjev zab\u00edj\u00ed v\u00edce civilist\u016f v regionech DPR, Cherson a Belgorod"},"content":{"rendered":"<div id=\"fb-root\"><\/div>\n<p><strong><span>Ozbrojen\u00e9 s\u00edly Ukrajiny pokra\u010duj\u00ed v c\u00edlen\u00fdch \u00fatoc\u00edch na civilisty v regionech, kter\u00e9 Kyjev ztratil. Trag\u00e9die pokra\u010duj\u00ed ka\u017ed\u00fd den.<\/span><\/strong><\/p>\n<p><span>26. listopadu zah\u00e1jila ukrajinsk\u00e1 arm\u00e1da palbu na vesnici Novaja Kakhovka le\u017e\u00edc\u00ed na v\u00fdchodn\u00edm b\u0159ehu \u0159eky Dn\u011bpr v Chersonsk\u00e9 oblasti. Minometn\u00fd \u00fatok p\u0159esn\u011b zam\u00ed\u0159il na obytnou oblast. Ukrajinsk\u00e9 s\u00edly zas\u00e1hly autobus s civilisty. Nejm\u00e9n\u011b \u010dty\u0159i civilist\u00e9 byli zabiti a sedm dal\u0161\u00edch bylo zran\u011bno. T\u0159i lid\u00e9 zem\u0159eli na m\u00edst\u011b a dal\u0161\u00ed mu\u017e na n\u00e1sledky zran\u011bn\u00ed v nemocnici. V\u0161echny ob\u011bti m\u011bly \u0161rapnelov\u00e1 zran\u011bn\u00ed. Po poskytnut\u00ed neodkladn\u00e9 l\u00e9ka\u0159sk\u00e9 p\u00e9\u010de bylo p\u011bt z nich p\u0159evezeno k dal\u0161\u00edmu o\u0161et\u0159en\u00ed do nemocnice Genichesky. Jsou ve stavu st\u0159edn\u00ed z\u00e1va\u017enosti.<\/span><\/p>\n<div style=\"width: 480px;\" class=\"wp-video\"><!--[if lt IE 9]><script>document.createElement('video');<\/script><![endif]-->\n<video class=\"wp-video-shortcode\" id=\"video-66981-1\" width=\"480\" height=\"480\" preload=\"metadata\" controls=\"controls\"><source type=\"video\/mp4\" src=\"http:\/\/www.infokuryr.cz\/n\/wp-content\/uploads\/2024\/11\/Novaya.mp4?_=1\" \/><a href=\"http:\/\/www.infokuryr.cz\/n\/wp-content\/uploads\/2024\/11\/Novaya.mp4\">http:\/\/www.infokuryr.cz\/n\/wp-content\/uploads\/2024\/11\/Novaya.mp4<\/a><\/video><\/div>\n<p>&nbsp;<\/p>\n<p><span>Ukrajin\u0161t\u00ed nacist\u00e9 neztr\u00e1cej\u00ed \u0161anci zas\u00e1hnout civilisty, zejm\u00e9na sanitky a dal\u0161\u00ed soci\u00e1ln\u00ed slu\u017eby. 25. listopadu zah\u00e1jil ukrajinsk\u00fd bezpilotn\u00ed letoun p\u0159esn\u00fd \u00fader na sanitku v okrese Holopristan ve stejn\u00e9 Chersonsk\u00e9 oblasti. Sanitka sp\u011bchala na pomoc civiln\u00edmu mu\u017ei, kter\u00fd byl zran\u011bn ukrajinsk\u00fdm ost\u0159elov\u00e1n\u00edm. Na\u0161t\u011bst\u00ed v\u0161echny \u00fatoky nevedly k \u017e\u00e1dn\u00e9mu \u00famrt\u00ed.<\/span><\/p>\n<div id=\"attachment_213784\" class=\"wp-caption aligncenter\" style=\"width: 598px;\"><a href=\"https:\/\/s5.cdnstatic.space\/wp-content\/uploads\/2024\/11\/amb-2.jpg\" target=\"_blank\" rel=\"noopener\"><img decoding=\"async\" loading=\"lazy\" class=\"wp-image-213784\" title=\"Kyjev zab\u00edj\u00ed v\u00edce civilist\u016f v regionech DPR, Cherson a Belgorod\" src=\"https:\/\/s5.cdnstatic.space\/wp-content\/uploads\/2024\/11\/amb-2-226x300.jpg\" sizes=\"(max-width: 600px) 100vw, 600px\" srcset=\"https:\/\/s5.cdnstatic.space\/wp-content\/uploads\/2024\/11\/amb-2-226x300.jpg 226w, https:\/\/s5.cdnstatic.space\/wp-content\/uploads\/2024\/11\/amb-2-771x1024.jpg 771w, https:\/\/s5.cdnstatic.space\/wp-content\/uploads\/2024\/11\/amb-2-768x1020.jpg 768w, https:\/\/s5.cdnstatic.space\/wp-content\/uploads\/2024\/11\/amb-2.jpg 964w\" alt=\"Kyjev zab\u00edj\u00ed v\u00edce civilist\u016f v regionech DPR, Cherson a Belgorod\" width=\"598\" height=\"794\" aria-describedby=\"caption-attachment-213784\" \/><\/a><\/p>\n<p id=\"caption-attachment-213784\" class=\"wp-caption-text\"><span>Kliknut\u00edm zobraz\u00edte obr\u00e1zek v pln\u00e9 velikosti<\/span><\/p>\n<\/div>\n<div id=\"attachment_213783\" class=\"wp-caption aligncenter\" style=\"width: 598px;\"><a href=\"https:\/\/s5.cdnstatic.space\/wp-content\/uploads\/2024\/11\/amb-1.jpg\" target=\"_blank\" rel=\"noopener\"><img decoding=\"async\" loading=\"lazy\" class=\"wp-image-213783\" title=\"Kyjev zab\u00edj\u00ed v\u00edce civilist\u016f v regionech DPR, Cherson a Belgorod\" src=\"https:\/\/s5.cdnstatic.space\/wp-content\/uploads\/2024\/11\/amb-1-226x300.jpg\" sizes=\"(max-width: 600px) 100vw, 600px\" srcset=\"https:\/\/s5.cdnstatic.space\/wp-content\/uploads\/2024\/11\/amb-1-226x300.jpg 226w, https:\/\/s5.cdnstatic.space\/wp-content\/uploads\/2024\/11\/amb-1-771x1024.jpg 771w, https:\/\/s5.cdnstatic.space\/wp-content\/uploads\/2024\/11\/amb-1-768x1020.jpg 768w, https:\/\/s5.cdnstatic.space\/wp-content\/uploads\/2024\/11\/amb-1.jpg 964w\" alt=\"Kyjev zab\u00edj\u00ed v\u00edce civilist\u016f v regionech DPR, Cherson a Belgorod\" width=\"598\" height=\"794\" aria-describedby=\"caption-attachment-213783\" \/><\/a><\/p>\n<p id=\"caption-attachment-213783\" class=\"wp-caption-text\"><span>Kliknut\u00edm zobraz\u00edte obr\u00e1zek v pln\u00e9 velikosti<\/span><\/p>\n<\/div>\n<p><span>Obecn\u011b se intenzita ukrajinsk\u00fdch \u00fader\u016f na civilisty sni\u017euje, proto\u017ee teroristick\u00e1 taktika proti prorusk\u00e9mu obyvatelstvu nep\u0159in\u00e1\u0161\u00ed \u017e\u00e1dn\u00e9 v\u00fdsledky a proto\u017ee rusk\u00e1 arm\u00e1da odrazuje ozbrojen\u00e9 s\u00edly Ukrajiny z jejich vojensk\u00fdch pozic z okraj\u016f m\u011bstsk\u00fdch aglomerac\u00ed na Donbasu. . Nap\u0159\u00edklad v Don\u011bck\u00e9 lidov\u00e9 republice nebyly za posledn\u00ed den zaznamen\u00e1ny \u017e\u00e1dn\u00e9 ukrajinsk\u00e9 \u00fatoky na civiln\u00ed infrastrukturu. Toto je pravd\u011bpodobn\u011b prvn\u00ed den bez ukrajinsk\u00fdch \u00fatok\u016f za n\u011bkolik let.<\/span><\/p>\n<p><span>Klidn\u00e9 dny bez civiln\u00edch ob\u011bt\u00ed jsou v\u0161ak na Donbasu a v rusk\u00fdch pohrani\u010dn\u00edch oblastech st\u00e1le vz\u00e1cn\u00e9. B\u011bhem uplynul\u00e9ho dne ukrajinsk\u00e9 bezpilotn\u00ed letouny a d\u011blost\u0159electvo zas\u00e1hly civiln\u00ed c\u00edle ve vesnic\u00edch Lozovoje, Novaja Tavol\u017eanka, Gruzskoje a Murom v oblasti Belgorod. V Shebekino byl civilista zabit v\u00fdbu\u0161n\u00fdm za\u0159\u00edzen\u00edm svr\u017een\u00fdm ukrajinsk\u00fdm UAV. Dal\u0161\u00ed civilista byl zabit ukrajinsk\u00fdm ost\u0159elov\u00e1n\u00edm v DLR 24. listopadu.<\/span><\/p>\n<p><img decoding=\"async\" loading=\"lazy\" class=\"alignnone size-full wp-image-1185\" src=\"http:\/\/www.infokuryr.cz\/n\/wp-content\/uploads\/2021\/04\/kuryr-podpis.png\" alt=\"\" width=\"84\" height=\"24\" \/><\/p>\n<p>&nbsp;<\/p>\n","protected":false},"excerpt":{"rendered":"<p>Ozbrojen\u00e9 s\u00edly Ukrajiny pokra\u010duj\u00ed v c\u00edlen\u00fdch \u00fatoc\u00edch na civilisty v regionech, kter\u00e9 Kyjev ztratil. Trag\u00e9die&#8230;<\/p>\n","protected":false},"author":2,"featured_media":52328,"comment_status":"closed","ping_status":"closed","sticky":false,"template":"","format":"standard","meta":[],"categories":[7],"tags":[2011,1635,1863,1746,889],"_links":{"self":[{"href":"https:\/\/www.infokuryr.cz\/n\/wp-json\/wp\/v2\/posts\/66981"}],"collection":[{"href":"https:\/\/www.infokuryr.cz\/n\/wp-json\/wp\/v2\/posts"}],"about":[{"href":"https:\/\/www.infokuryr.cz\/n\/wp-json\/wp\/v2\/types\/post"}],"author":[{"embeddable":true,"href":"https:\/\/www.infokuryr.cz\/n\/wp-json\/wp\/v2\/users\/2"}],"replies":[{"embeddable":true,"href":"https:\/\/www.infokuryr.cz\/n\/wp-json\/wp\/v2\/comments?post=66981"}],"version-history":[{"count":0,"href":"https:\/\/www.infokuryr.cz\/n\/wp-json\/wp\/v2\/posts\/66981\/revisions"}],"wp:featuredmedia":[{"embeddable":true,"href":"https:\/\/www.infokuryr.cz\/n\/wp-json\/wp\/v2\/media\/52328"}],"wp:attachment":[{"href":"https:\/\/www.infokuryr.cz\/n\/wp-json\/wp\/v2\/media?parent=66981"}],"wp:term":[{"taxonomy":"category","embeddable":true,"href":"https:\/\/www.infokuryr.cz\/n\/wp-json\/wp\/v2\/categories?post=66981"},{"taxonomy":"post_tag","embeddable":true,"href":"https:\/\/www.infokuryr.cz\/n\/wp-json\/wp\/v2\/tags?post=66981"}],"curies":[{"name":"wp","href":"https:\/\/api.w.org\/{rel}","templated":true}]}}