{"id":6698,"date":"2021-12-08T04:19:33","date_gmt":"2021-12-08T03:19:33","guid":{"rendered":"http:\/\/www.infokuryr.cz\/n\/?p=6698"},"modified":"2021-12-08T04:22:48","modified_gmt":"2021-12-08T03:22:48","slug":"eu-by-mela-uznat-polskou-suverenitu-aneb-kazdemu-podle-jeho-traumat","status":"publish","type":"post","link":"https:\/\/www.infokuryr.cz\/n\/2021\/12\/08\/eu-by-mela-uznat-polskou-suverenitu-aneb-kazdemu-podle-jeho-traumat\/","title":{"rendered":"EU by m\u011bla uznat polskou suverenitu aneb ka\u017ed\u00e9mu podle jeho traumat"},"content":{"rendered":"<div id=\"fb-root\"><\/div>\n<p>Tak nakonec, politick\u00e1 traumata Polska by se m\u011bla br\u00e1t v EU v\u00e1\u017en\u011b a b\u00fdt rozum\u011bno jeho vy-eskalovan\u00e9mu a ne\u00fastupn\u00e9mu po\u017eadavku na suverenitu. Aneb v mezin\u00e1rodn\u00ed politice velk\u00fdch hr\u00e1\u010d\u016f, ka\u017ed\u00e9mu podle jeho politicko-historick\u00fdch traumat.<\/p>\n<p>Vektor vnit\u0159n\u00ed a mezin\u00e1rodn\u00ed politiky jednotliv\u00fdch zem\u00ed je toti\u017e z\u00e1sadn\u00ed a nesmazatelnou m\u011brou ur\u010dov\u00e1n jejich historicko-politick\u00fdmi traumaty, od kter\u00fdch se \u2013 u\u017e kv\u016fli historicky nap\u00e1chan\u00fdm d\u016fsledk\u016fm \u2013 nelze jen tak oprostit.<\/p>\n<p>Tak jako USA maj\u00ed trauma z rasizmu a diskriminace a vnucuj\u00ed te\u010f cel\u00e9mu sv\u011btu jako normu rasizmus naruby a pozitivn\u00ed diskriminaci, N\u011bmecko z genocidy a z\u00e1\u0161ti a vnucuje sob\u011b i EU nekritickou xenof\u00edlii, z\u00e1padoevropsk\u00e9 zem\u011b z kolonializmu a nyn\u00ed sob\u011b a v\u0161em ordinuj\u00ed postkoloni\u00e1ln\u00ed zadostiu\u010din\u011bn\u00edm imigrant\u016fm, Rusko totalitn\u00edm se\u0161n\u011brov\u00e1n\u00edm ob\u010dansk\u00e9 spole\u010dnosti, a nyn\u00ed tak zlehka na\u0161lapuje, \u017ee se ani neodva\u017euje na\u0159izovat o\u010dkov\u00e1n\u00ed, nato\u017e tak tvrd\u00e9 policejn\u00ed z\u00e1sahy jako je to b\u011b\u017en\u00e9 Z\u00e1pad\u011b, tak jako si Izrael zjedn\u00e1v\u00e1 od ka\u017ed\u00e9ho \u00factu k holocaustu, tak Polsko tolikr\u00e1t v historii v\u00e1lcovan\u00e9, nestrp\u00ed \u00fatok na svou suverenitu.<\/p>\n<p>A to je v\u00a0p\u0159\u00edpad\u011b Polska nyn\u00ed Evropsk\u00e9 unii zapot\u0159eb\u00ed pochopit a uznat stejn\u011b tak, jako \u201esv\u00e1\u201c z\u00e1padn\u00ed traumata, vystoupil ze z\u00e1padn\u00edho zahled\u011bn\u00ed do sebe a p\u0159ekro\u010dil z\u00e1padn\u00ed st\u00edn dne\u0161n\u00ed francouzsk\u00fd LeMonde.fr.<\/p>\n<p>Polsko toti\u017e bude za svou suverenitu bojovat doslova i ze span\u00ed, a s t\u00edm se Z\u00e1pad mus\u00ed jednou pro v\u017edy sm\u00ed\u0159it stejn\u011b, jako se sv\u00fdm rasizmem naruby, pozitivn\u00ed diskriminac\u00ed, zadostiu\u010din\u011bn\u00edm post koloni\u00e1ln\u00edm imigrant\u016fm, multikulturn\u00ed denacifikac\u00ed \u010di anti nen\u00e1vistnou xenof\u00edli\u00ed, kter\u00e9 jsou dnes pramenem pr\u00e1va sou\u010dasn\u00fdch evropsk\u00fdch hodnot a legislativn\u00edch norem.<\/p>\n<p>Ale pro\u010d by koneckonc\u016f m\u011bla b\u00fdt piplan\u00e1 jen psychotick\u00e1 beb\u00ed\u010dka z\u00e1padn\u00edch dr\u017eav, kdy\u017e i druz\u00ed utr\u017eili nemen\u0161\u00ed \u0161r\u00e1my? A i my m\u00e1me sv\u00e1 \u010desk\u00e1 traumata &#8211; na jedn\u00e9 stran\u011b Hus, Mnichov a \u00b468., a na druh\u00e9 stran\u011b neust\u00e1l\u00e9 lezen\u00ed do zadku. Ta tak\u00e9 maj\u00ed sv\u016fj nesmazateln\u00fd pr\u016fm\u011bt do \u010desk\u00e9 kultury, hodnot, politiky i legislativy&#8230;.<\/p>\n<p><a href=\"https:\/\/www.lemonde.fr\/idees\/article\/2021\/12\/07\/les-traumatismes-politiques-de-la-pologne-doivent-etre-pris-au-serieux_6104962_3232.html\">ZDROJ<\/a><\/p>\n<p>&nbsp;<\/p>\n","protected":false},"excerpt":{"rendered":"<p>Tak nakonec, politick\u00e1 traumata Polska by se m\u011bla br\u00e1t v EU v\u00e1\u017en\u011b a b\u00fdt rozum\u011bno&#8230;<\/p>\n","protected":false},"author":2,"featured_media":4482,"comment_status":"closed","ping_status":"closed","sticky":false,"template":"","format":"standard","meta":[],"categories":[7],"tags":[41,29,31],"_links":{"self":[{"href":"https:\/\/www.infokuryr.cz\/n\/wp-json\/wp\/v2\/posts\/6698"}],"collection":[{"href":"https:\/\/www.infokuryr.cz\/n\/wp-json\/wp\/v2\/posts"}],"about":[{"href":"https:\/\/www.infokuryr.cz\/n\/wp-json\/wp\/v2\/types\/post"}],"author":[{"embeddable":true,"href":"https:\/\/www.infokuryr.cz\/n\/wp-json\/wp\/v2\/users\/2"}],"replies":[{"embeddable":true,"href":"https:\/\/www.infokuryr.cz\/n\/wp-json\/wp\/v2\/comments?post=6698"}],"version-history":[{"count":0,"href":"https:\/\/www.infokuryr.cz\/n\/wp-json\/wp\/v2\/posts\/6698\/revisions"}],"wp:featuredmedia":[{"embeddable":true,"href":"https:\/\/www.infokuryr.cz\/n\/wp-json\/wp\/v2\/media\/4482"}],"wp:attachment":[{"href":"https:\/\/www.infokuryr.cz\/n\/wp-json\/wp\/v2\/media?parent=6698"}],"wp:term":[{"taxonomy":"category","embeddable":true,"href":"https:\/\/www.infokuryr.cz\/n\/wp-json\/wp\/v2\/categories?post=6698"},{"taxonomy":"post_tag","embeddable":true,"href":"https:\/\/www.infokuryr.cz\/n\/wp-json\/wp\/v2\/tags?post=6698"}],"curies":[{"name":"wp","href":"https:\/\/api.w.org\/{rel}","templated":true}]}}