{"id":6695,"date":"2021-12-08T04:05:45","date_gmt":"2021-12-08T03:05:45","guid":{"rendered":"http:\/\/www.infokuryr.cz\/n\/?p=6695"},"modified":"2021-12-08T04:11:23","modified_gmt":"2021-12-08T03:11:23","slug":"kreml-jednani-putina-a-bidena-bylo-uprimne-a-vecne","status":"publish","type":"post","link":"https:\/\/www.infokuryr.cz\/n\/2021\/12\/08\/kreml-jednani-putina-a-bidena-bylo-uprimne-a-vecne\/","title":{"rendered":"Kreml: Jedn\u00e1n\u00ed Putina a Bidena bylo up\u0159\u00edmn\u00e9 a v\u011bcn\u00e9"},"content":{"rendered":"<div id=\"fb-root\"><\/div>\n<p><strong>Jak uvedl Kreml, rusk\u00fd prezident Vladimir Putin a americk\u00fd prezident Joe Biden jednali o realizaci v\u00fdsledk\u016f rusko-americk\u00e9ho summitu, kter\u00fd se konal v \u010dervnu v \u017denev\u011b. Na jedn\u00e1n\u00ed dominovala problematika spojen\u00e1 s vnit\u0159n\u00ed ukrajinskou kriz\u00ed a nedostate\u010dn\u00fd pokrok v prov\u00e1d\u011bn\u00ed minsk\u00fdch dohod z roku 2015.<\/strong><\/p>\n<p><em>\u201eHovo\u0159ili zejm\u00e9na o realizaci v\u00fdsledk\u016f rusko-americk\u00e9ho summitu, kter\u00fd se konal letos v \u010dervnu v \u017denev\u011b. Byla konstatov\u00e1na d\u016fle\u017eitost d\u016fsledn\u00e9ho pln\u011bn\u00ed dohod dosa\u017een\u00fdch na nejvy\u0161\u0161\u00ed \u00farovni a zachov\u00e1n\u00ed ducha \u017denevy p\u0159i posuzov\u00e1n\u00ed dvoustrann\u00fdch vztah\u016f a dal\u0161\u00edch nov\u00fdch probl\u00e9m\u016f mezi Ruskem a USA,\u201c\u00a0<\/em>uv\u00e1d\u00ed se.<\/p>\n<p>Biden na summitu s Putinem zd\u016fraz\u0148oval \u00fadajnou \u201ev\u00fdhr\u016f\u017enou\u201c povahu pohybu rusk\u00fdch vojsk u ukrajinsk\u00fdch hranic. Americk\u00fd prezident nast\u00ednil p\u0159i jedn\u00e1n\u00ed s Putinem\u00a0sank\u010dn\u00ed opat\u0159en\u00ed, kter\u00e9 by USA a jejich spojenci byli p\u0159ipraveni uplatnit v p\u0159\u00edpad\u011b eskalace na hranic\u00edch s Ukrajinou.<\/p>\n<p>Oba prezidenti si p\u0159ipomn\u011bli spojenectv\u00ed za druh\u00e9 sv\u011btov\u00e9 v\u00e1lky a zd\u016fraznili, \u017ee to by m\u011blo slou\u017eit jako p\u0159\u00edklad pro budov\u00e1n\u00ed kontakt\u016f. Putin a Biden prohl\u00e1sili, \u017ee\u00a0Rusko\u00a0a USA by m\u011bly udr\u017eovat dialog a kontakty s ohledem na odpov\u011bdnost za udr\u017een\u00ed bezpe\u010dnosti a stability.<\/p>\n<p>Rozhovoru mezi Putinem a Bidenem dominovaly ukrajinsk\u00e9 ot\u00e1zky a nedostate\u010dn\u00fd pokrok v pln\u011bn\u00ed minsk\u00fdch dohod. Putin na konkr\u00e9tn\u00edch p\u0159\u00edkladech ilustroval Bidenovi destruktivn\u00ed linii Kyjeva, jej\u00edm\u017e c\u00edlem je \u00fapln\u00e1 likvidace minsk\u00fdch dohod.<\/p>\n<p>\u201eNa jedn\u00e1n\u00ed dominovala problematika spojen\u00e1 s vnit\u0159n\u00ed ukrajinskou kriz\u00ed a nedostate\u010dn\u00fd pokrok v prov\u00e1d\u011bn\u00ed minsk\u00fdch dohod z roku 2015, kter\u00e9 jsou nealternativn\u00edm z\u00e1kladem pro m\u00edrov\u00e9 urovn\u00e1n\u00ed,\u201c uvedla tiskov\u00e1 slu\u017eba Kremlu ve sv\u00e9m prohl\u00e1\u0161en\u00ed.<\/p>\n<p>Putin navrhl, \u017ee USA by m\u011bly zru\u0161it v\u0161echna nahromad\u011bn\u00e1 omezen\u00ed fungov\u00e1n\u00ed diplomatick\u00fdch mis\u00ed, aby se normalizovaly dal\u0161\u00ed aspekty vztah\u016f.<\/p>\n<p>\u201eRusk\u00e1 strana navrhla zru\u0161en\u00ed v\u0161ech kumulovan\u00fdch omezen\u00ed fungov\u00e1n\u00ed diplomatick\u00fdch mis\u00ed, co\u017e by mohlo slou\u017eit i k normalizaci dal\u0161\u00edch aspekt\u016f dvoustrann\u00fdch vztah\u016f,\u201c konstatuje se d\u00e1le.<\/p>\n<p>Oba prezidenti uvedli, \u017ee spolupr\u00e1ce je neuspokojiv\u00e1, a to v\u010detn\u011b pot\u00ed\u017e\u00ed s diplomatick\u00fdmi misemi. Rusk\u00fd prezident vyj\u00e1d\u0159il v rozhovoru s Bidenem v\u00e1\u017enou obavu v souvislosti s provoka\u010dn\u00edmi kroky Kyjeva proti Donbasu.<\/p>\n<p>Putin konstatoval, \u017ee by nem\u011bla b\u00fdt odpov\u011bdnost p\u0159en\u00e1\u0161ena na Rusko, jeliko\u017e NATO \u010din\u00ed nebezpe\u010dn\u00e9 pokusy osvojen\u00ed \u00fazem\u00ed\u00a0Ukrajiny. Rusk\u00fd prezident sv\u00e9mu americk\u00e9mu prot\u011bj\u0161ku \u0159ekl, \u017ee Rusko m\u00e1 siln\u00fd z\u00e1jem na z\u00edsk\u00e1n\u00ed spolehliv\u00fdch z\u00e1ruk, kter\u00e9 vylu\u010duj\u00ed expanzi NATO na v\u00fdchod.<\/p>\n<p>Jedn\u00e1n\u00ed mezi rusk\u00fdm prezidentem Vladimirem Putinem a americk\u00fdm prezidentem Joem Bidenem trvala dv\u011b hodiny. Zased\u00e1n\u00ed se\u00a0konalo\u00a0prost\u0159ednictv\u00edm videa. Novin\u00e1\u0159\u016fm byly uk\u00e1z\u00e1ny pouze prvn\u00ed z\u00e1b\u011bry jedn\u00e1n\u00ed, kde se hlavy st\u00e1t\u016f pozdravily a vym\u011bnily si n\u011bkolik slov. Jedn\u00e1n\u00ed se pot\u00e9 konalo za zav\u0159en\u00fdmi dve\u0159mi. Jednalo se o druh\u00e9 setk\u00e1n\u00ed obou prezident\u016f. Prvn\u00ed setk\u00e1n\u00ed se konalo osobn\u011b v \u010dervnu v \u017denev\u011b.<\/p>\n<p><a href=\"https:\/\/cz.sputniknews.com\/20211207\/kreml-jednani-putina-a-bidena-bylo-uprimne-a-vecne--16779204.html\">ZDROJ<\/a><\/p>\n<p>&nbsp;<\/p>\n","protected":false},"excerpt":{"rendered":"<p>Jak uvedl Kreml, rusk\u00fd prezident Vladimir Putin a americk\u00fd prezident Joe Biden jednali o realizaci&#8230;<\/p>\n","protected":false},"author":2,"featured_media":2335,"comment_status":"closed","ping_status":"closed","sticky":false,"template":"","format":"standard","meta":[],"categories":[7],"tags":[72,1065,102,22,37],"_links":{"self":[{"href":"https:\/\/www.infokuryr.cz\/n\/wp-json\/wp\/v2\/posts\/6695"}],"collection":[{"href":"https:\/\/www.infokuryr.cz\/n\/wp-json\/wp\/v2\/posts"}],"about":[{"href":"https:\/\/www.infokuryr.cz\/n\/wp-json\/wp\/v2\/types\/post"}],"author":[{"embeddable":true,"href":"https:\/\/www.infokuryr.cz\/n\/wp-json\/wp\/v2\/users\/2"}],"replies":[{"embeddable":true,"href":"https:\/\/www.infokuryr.cz\/n\/wp-json\/wp\/v2\/comments?post=6695"}],"version-history":[{"count":0,"href":"https:\/\/www.infokuryr.cz\/n\/wp-json\/wp\/v2\/posts\/6695\/revisions"}],"wp:featuredmedia":[{"embeddable":true,"href":"https:\/\/www.infokuryr.cz\/n\/wp-json\/wp\/v2\/media\/2335"}],"wp:attachment":[{"href":"https:\/\/www.infokuryr.cz\/n\/wp-json\/wp\/v2\/media?parent=6695"}],"wp:term":[{"taxonomy":"category","embeddable":true,"href":"https:\/\/www.infokuryr.cz\/n\/wp-json\/wp\/v2\/categories?post=6695"},{"taxonomy":"post_tag","embeddable":true,"href":"https:\/\/www.infokuryr.cz\/n\/wp-json\/wp\/v2\/tags?post=6695"}],"curies":[{"name":"wp","href":"https:\/\/api.w.org\/{rel}","templated":true}]}}