{"id":66941,"date":"2024-11-26T04:43:00","date_gmt":"2024-11-26T03:43:00","guid":{"rendered":"https:\/\/www.infokuryr.cz\/n\/?p=66941"},"modified":"2024-11-26T04:43:00","modified_gmt":"2024-11-26T03:43:00","slug":"podle-deniku-new-york-times-zvazuji-predstavitele-usa-a-evropske-unie-poskytnuti-jadernych-zbrani-ukrajine","status":"publish","type":"post","link":"https:\/\/www.infokuryr.cz\/n\/2024\/11\/26\/podle-deniku-new-york-times-zvazuji-predstavitele-usa-a-evropske-unie-poskytnuti-jadernych-zbrani-ukrajine\/","title":{"rendered":"Podle den\u00edku New York Times zva\u017euj\u00ed p\u0159edstavitel\u00e9 USA a Evropsk\u00e9 unie poskytnut\u00ed jadern\u00fdch zbran\u00ed Ukrajin\u011b&#8230;"},"content":{"rendered":"<div id=\"fb-root\"><\/div>\n<h4>Podle den\u00edku New York Times zva\u017euj\u00ed p\u0159edstavitel\u00e9 USA a Evropsk\u00e9 unie poskytnut\u00ed jadern\u00fdch zbran\u00ed Ukrajin\u011b je\u0161t\u011b p\u0159ed odchodem Bidena z B\u00edl\u00e9ho domu! A ji\u017e prob\u00edhaj\u00ed jedn\u00e1n\u00ed mezi Franci\u00ed a Velkou Brit\u00e1ni\u00ed o vysl\u00e1n\u00ed vojsk obou zem\u00ed na Ukrajinu po sta\u017een\u00ed americk\u00e9 pomoci z Ukrajiny! Pr\u00e1v\u011b o tomto jednal \u0161\u00e9f NATO minul\u00fd p\u00e1tek na Florid\u011b s Donaldem Trumpem!<\/h4>\n<p>N\u00e1hl\u00e9 povolen\u00ed ke st\u0159elb\u011b americk\u00fdch a britsk\u00fdch raket dlouh\u00e9ho doletu proti Rusku, kter\u00e9 Ukrajin\u011b poskytl americk\u00fd prezident Joe Biden a britsk\u00fd premi\u00e9r Keir Starmer na po\u010d\u00e1tku minul\u00e9ho t\u00fddne, bylo podle v\u0161eho jenom za\u010d\u00e1tkem n\u011b\u010deho mnohem v\u011bt\u0161\u00edho. Americk\u00fd den\u00edk The New York Times toti\u017e p\u0159inesl neuv\u011b\u0159itelnou informaci.<\/p>\n<p><strong>P\u0159edstavitel\u00e9 USA a Evropsk\u00e9 unie pr\u00fd zva\u017euj\u00ed [<a href=\"https:\/\/href.li\/?https:\/\/archive.is\/4G56L#selection-5149.0-5165.228\" target=\"_blank\" rel=\"nofollow noopener\">1<\/a>] poskytnut\u00ed jadern\u00fdch zbran\u00ed Ukrajin\u011b formou daru, p\u0159i\u010dem\u017e tyto jadern\u00e9 zbran\u011b by m\u011bly b\u00fdt odstra\u0161en\u00edm pro Rusko<\/strong>\u00a0p\u0159ed pokra\u010dov\u00e1n\u00edm dal\u0161\u00edch vojensk\u00fdch operac\u00ed na Ukrajin\u011b pot\u00e9, co USA pod veden\u00edm Donalda Trumpa omez\u00ed anebo \u00fapln\u011b ukon\u010d\u00ed svoji podporu Ukrajin\u011b. Tyto jadern\u00e9 zbran\u011b by Ukrajin\u011b mohl poskytnout Joe Biden, a to je\u0161t\u011b p\u0159edt\u00edm, ne\u017e se Donald Trump ujme 20. ledna p\u0159\u00ed\u0161t\u00edho roku moci v B\u00edl\u00e9m dom\u011b.<\/p>\n<figure id=\"attachment_61806\" class=\"wp-caption aligncenter\" style=\"width: 695px;\"><a href=\"https:\/\/aeronet.news\/wp-content\/uploads\/b61-nuke.jpg\"><img decoding=\"async\" loading=\"lazy\" class=\"wp-image-61806 \" src=\"https:\/\/aeronet.news\/wp-content\/uploads\/b61-nuke-1024x575.jpg\" sizes=\"(max-width: 700px) 100vw, 700px\" srcset=\"https:\/\/aeronet.news\/wp-content\/uploads\/b61-nuke-1024x575.jpg 1024w, https:\/\/aeronet.news\/wp-content\/uploads\/b61-nuke-300x169.jpg 300w, https:\/\/aeronet.news\/wp-content\/uploads\/b61-nuke-768x431.jpg 768w, https:\/\/aeronet.news\/wp-content\/uploads\/b61-nuke-700x393.jpg 700w, https:\/\/aeronet.news\/wp-content\/uploads\/b61-nuke-636x357.jpg 636w, https:\/\/aeronet.news\/wp-content\/uploads\/b61-nuke-860x483.jpg 860w, https:\/\/aeronet.news\/wp-content\/uploads\/b61-nuke.jpg 1280w\" alt=\"\" width=\"695\" height=\"390\" \/><\/a><figcaption class=\"wp-caption-text\">Americk\u00e1 bomba B-61 s jadernou taktickou hlavic\u00ed<\/figcaption><\/figure>\n<p>Podle americk\u00e9ho listu i s dal\u0161\u00ed konven\u010dn\u00ed zbra\u0148ovou pomoc\u00ed bude podle p\u0159edstavitel\u016f zpravodajsk\u00e9 komunity i Pentagonu pro Ukrajinu obt\u00ed\u017en\u00e9 z\u00edskat zp\u011bt \u00fazem\u00ed, kter\u00e9 Rusko v posledn\u00edch m\u011bs\u00edc\u00edch postupn\u011b obsadilo. Ukrajina ztr\u00e1c\u00ed \u00fazem\u00ed na v\u00fdchod\u011b a jej\u00ed s\u00edly v Kursk\u00e9 oblasti na z\u00e1pad\u011b Ruska byly \u010d\u00e1ste\u010dn\u011b zatla\u010deny zp\u011bt, proto\u017ee se do boje zapojili severokorej\u0161t\u00ed rekruti. Klesaj\u00edc\u00ed mor\u00e1lka ukrajinsk\u00fdch voj\u00e1k\u016f a nejistota ohledn\u011b Donalda Trumpa tak\u00e9 nad\u00e1le ohro\u017euj\u00ed jejich v\u00e1le\u010dn\u00e9 \u00fasil\u00ed. Ukrajinsk\u00e1 arm\u00e1da m\u00e1 probl\u00e9my s n\u00e1borem voj\u00e1k\u016f a vybaven\u00edm nov\u00fdch jednotek.<\/p>\n<h6><span style=\"font-size: 18pt;\">V z\u00e1kulis\u00ed se ji\u017e hovo\u0159\u00ed o poskytnut\u00ed jadern\u00fdch zbran\u00ed Ukrajin\u011b na zastaven\u00ed postupu rusk\u00fdch vojsk na Ukrajin\u011b<\/span><\/h6>\n<p><strong>Americk\u00e9 \u0161pion\u00e1\u017en\u00ed agentury pr\u00fd vyhodnotily, \u017ee urychlen\u00ed dod\u00e1vek zbran\u00ed, munice a materi\u00e1lu pro Ukrajinu v kr\u00e1tkodob\u00e9m horizontu p\u0159\u00edli\u0161 nezm\u011bn\u00ed pr\u016fb\u011bh v\u00e1lky<\/strong>, jak uvedli ameri\u010dt\u00ed p\u0159edstavitel\u00e9, kte\u0159\u00ed byli sezn\u00e1meni se zpravodajsk\u00fdmi informacemi. Jedinou zlatou bezpe\u010dnostn\u00ed z\u00e1rukou, kterou Ukrajina chce, je pozv\u00e1n\u00ed do NATO. To se j\u00ed v\u0161ak za Bidena nepoda\u0159ilo a za Trumpa je pozv\u00e1n\u00ed nepravd\u011bpodobn\u00e9. Ameri\u010dt\u00ed a evrop\u0161t\u00ed p\u0159edstavitel\u00e9 proto diskutuj\u00ed o odstra\u0161en\u00ed jako mo\u017en\u00e9 bezpe\u010dnostn\u00ed z\u00e1ruce pro Ukrajinu, nap\u0159\u00edklad o vytvo\u0159en\u00ed dostate\u010dn\u00fdch z\u00e1sob konven\u010dn\u00edho arzen\u00e1lu, aby bylo mo\u017en\u00e9 zasadit trestn\u00fd \u00fader, pokud by Rusko poru\u0161ilo p\u0159\u00edm\u011b\u0159\u00ed.<\/p>\n<figure id=\"attachment_60315\" class=\"wp-caption aligncenter\" style=\"width: 682px;\"><a href=\"https:\/\/aeronet.news\/wp-content\/uploads\/BidenLeavesWaving.jpg\"><img decoding=\"async\" loading=\"lazy\" class=\"wp-image-60315 \" src=\"https:\/\/aeronet.news\/wp-content\/uploads\/BidenLeavesWaving-1024x576.jpg\" sizes=\"(max-width: 700px) 100vw, 700px\" srcset=\"https:\/\/aeronet.news\/wp-content\/uploads\/BidenLeavesWaving-1024x576.jpg 1024w, https:\/\/aeronet.news\/wp-content\/uploads\/BidenLeavesWaving-300x169.jpg 300w, https:\/\/aeronet.news\/wp-content\/uploads\/BidenLeavesWaving-768x432.jpg 768w, https:\/\/aeronet.news\/wp-content\/uploads\/BidenLeavesWaving-700x394.jpg 700w, https:\/\/aeronet.news\/wp-content\/uploads\/BidenLeavesWaving-635x357.jpg 635w, https:\/\/aeronet.news\/wp-content\/uploads\/BidenLeavesWaving-859x483.jpg 859w, https:\/\/aeronet.news\/wp-content\/uploads\/BidenLeavesWaving.jpg 1280w\" alt=\"\" width=\"682\" height=\"384\" \/><\/a><figcaption class=\"wp-caption-text\">Biden by je\u0161t\u011b p\u0159ed odchodem z B\u00edl\u00e9ho domu mohl dovolit rozm\u00edst\u011bn\u00ed jadern\u00fdch hlavic na Ukrajin\u011b<\/figcaption><\/figure>\n<p>N\u011bkolik p\u0159edstavitel\u016f USA a rovn\u011b\u017e EU, jak uv\u00e1d\u00ed New York Times, dokonce navrhlo, \u017ee by Joe Biden mohl Ukrajin\u011b vr\u00e1tit jadern\u00e9 zbran\u011b, kter\u00e9 j\u00ed byly odebr\u00e1ny po rozpadu Sov\u011btsk\u00e9ho svazu.\u00a0<strong>To by byl pr\u00fd okam\u017eit\u00fd a obrovsk\u00fd odstra\u0161uj\u00edc\u00ed \u00fa\u010dinek.<\/strong>\u00a0Takov\u00fd krok by v\u0161ak byl komplikovan\u00fd a m\u011bl by z\u00e1va\u017en\u00e9 d\u016fsledky. Andrij Zagorod\u0148uk, b\u00fdval\u00fd ukrajinsk\u00fd ministr obrany, v rozhovoru pro americk\u00fd list uvedl, \u017ee pro \u00fasp\u011b\u0161n\u00e9 p\u0159\u00edm\u011b\u0159\u00ed mus\u00ed Ukrajina a jej\u00ed spojenci zvr\u00e1tit sou\u010dasn\u00fd v\u00fdvoj na frontov\u00e9 linii a vytvo\u0159it podm\u00ednky pro jedn\u00e1n\u00ed.<\/p>\n<p>Ukrajina podle n\u011bj mus\u00ed m\u00edt v z\u00e1loze tak\u00e9 dostate\u010dnou palebnou s\u00edlu, aby odradila p\u0159\u00edpadn\u00e9 poru\u0161ov\u00e1n\u00ed p\u0159\u00edm\u011b\u0159\u00ed, nap\u0159\u00edklad arzen\u00e1lem zbran\u00ed del\u0161\u00edho dosahu, kter\u00e9 by v p\u0159\u00edpad\u011b obnoven\u00ed boj\u016f ze strany Ruska zp\u016fsobily okam\u017eit\u00e9 \u0161kody. Prost\u011b se ukazuje, \u017ee znovu a op\u011bt doch\u00e1z\u00ed na predikci Aeronetu.<\/p>\n<h6><span style=\"font-size: 18pt;\">Lond\u00fdn a Pa\u0159\u00ed\u017e zah\u00e1jily tajn\u00e1 jedn\u00e1n\u00ed o vysl\u00e1n\u00ed vojsk obou zem\u00ed na Ukrajinu po sta\u017een\u00ed USA<\/span><\/h6>\n<p>Jak u\u017e jsem n\u011bkolikr\u00e1t psal a opakoval, tak sta\u017een\u00ed americk\u00e9 participace na v\u00e1lce na Ukrajin\u011b je ve skute\u010dnosti my\u0161leno jinak, ne\u017e jak si mnoz\u00ed p\u0159\u00edznivci Donalda Trumpa vykresluj\u00ed a vysv\u011btluj\u00ed. Sta\u017een\u00ed USA z podpory v\u00e1lky na Ukrajin\u011b nem\u00e1 toti\u017e ukon\u010dit boje, ale pouze p\u0159en\u00e9st t\u00edhu, n\u00e1klady a prost\u0159edky v\u00e1lky z beder USA na Evropsku unii a obecn\u011b na evropsk\u00e9 \u010dleny NATO. A pr\u00e1v\u011b Evropa m\u00e1 n\u00e1sledn\u011b v\u00e1lku s Ruskem eskalovat a poskytnout Ukrajin\u011b jak jadern\u00e9 zbran\u011b, tak i pozemn\u00ed vojska! A p\u0159esn\u011b o nich se u\u017e za\u010dalo nyn\u00ed jednat mezi p\u0159edstaviteli Francie a Velk\u00e9 Brit\u00e1nie. P\u0159elomov\u00e9 informace o t\u00e9to neuv\u011b\u0159iteln\u00e9 eskalaci p\u0159inesl po\u010d\u00e1tkem tohoto t\u00fddne francouzsk\u00fd tisk.<\/p>\n<figure id=\"attachment_61807\" class=\"wp-caption aligncenter\" style=\"width: 679px;\"><a href=\"https:\/\/aeronet.news\/wp-content\/uploads\/KeirStarmerMacron.jpg\"><img decoding=\"async\" loading=\"lazy\" class=\"wp-image-61807 \" src=\"https:\/\/aeronet.news\/wp-content\/uploads\/KeirStarmerMacron-1024x576.jpg\" sizes=\"(max-width: 700px) 100vw, 700px\" srcset=\"https:\/\/aeronet.news\/wp-content\/uploads\/KeirStarmerMacron-1024x576.jpg 1024w, https:\/\/aeronet.news\/wp-content\/uploads\/KeirStarmerMacron-300x169.jpg 300w, https:\/\/aeronet.news\/wp-content\/uploads\/KeirStarmerMacron-768x432.jpg 768w, https:\/\/aeronet.news\/wp-content\/uploads\/KeirStarmerMacron-700x394.jpg 700w, https:\/\/aeronet.news\/wp-content\/uploads\/KeirStarmerMacron-635x357.jpg 635w, https:\/\/aeronet.news\/wp-content\/uploads\/KeirStarmerMacron-859x483.jpg 859w, https:\/\/aeronet.news\/wp-content\/uploads\/KeirStarmerMacron.jpg 1280w\" alt=\"\" width=\"679\" height=\"382\" \/><\/a><figcaption class=\"wp-caption-text\">Keir Starmer a Emmanuel Macron<\/figcaption><\/figure>\n<p>Podle pond\u011bln\u00ed zpr\u00e1vy\u00a0<strong>[<a href=\"https:\/\/href.li\/?https:\/\/www.lemonde.fr\/en\/international\/article\/2024\/11\/25\/discussions-over-sending-french-and-british-troops-to-ukraine-reignited_6734041_4.html\" target=\"_blank\" rel=\"nofollow noopener\">2<\/a>]<\/strong>\u00a0den\u00edku Le Monde se\u00a0<strong>Velk\u00e1 Brit\u00e1nie a Francie zab\u00fdvaj\u00ed my\u0161lenkou nasazen\u00ed evropsk\u00fdch vojensk\u00fdch sil na Ukrajin\u011b, aby bojovaly p\u0159\u00edmo proti Rusku.<\/strong>\u00a0\u201c<em>S t\u00edm, jak konflikt na Ukrajin\u011b vstupuje do nov\u00e9 f\u00e1ze eskalace, byly o\u017eiveny diskuse o vysl\u00e1n\u00ed z\u00e1padn\u00edch jednotek a soukrom\u00fdch obrann\u00fdch spole\u010dnost\u00ed na Ukrajinu, Le Monde se dozv\u011bd\u011bl z d\u016fv\u011bryhodn\u00fdch zdroj\u016f<\/em>,\u201d uvedl Le Monde v pond\u011bl\u00ed.<\/p>\n<p>\u201c<em>Jedn\u00e1 se o citliv\u00e9 rozhovory, z nich\u017e v\u011bt\u0161ina je tajn\u00e1 \u2013 obnoven\u00e9 ve sv\u011btle mo\u017en\u00e9ho sta\u017een\u00ed americk\u00e9 podpory Kyjevu po n\u00e1stupu Donalda Trumpa do \u00fa\u0159adu 20. ledna 2025.<\/em>\u201d Podle francouzsk\u00e9ho den\u00edku vznik\u00e1 v Evrop\u011b aliance, kter\u00e1 m\u00e1 zabr\u00e1nit Trumpovi v ukon\u010den\u00ed v\u00e1lky na Ukrajin\u011b t\u00edm, \u017ee evropsk\u00e9 zem\u011b po odchodu USA p\u0159evezmou nejen ve\u0161ker\u00e9 n\u00e1klady na chod ukrajinsk\u00e9 v\u00e1lky, ale poskytnou Ukrajin\u011b i voj\u00e1ky.<\/p>\n<h6><span style=\"font-size: 18pt;\">Jadern\u00e9 zbran\u011b na Ukrajin\u011b maj\u00ed slou\u017eit jako jadern\u00e9 odstra\u0161en\u00ed na ochranu rozm\u00edst\u011bn\u00fdch vojsk NATO<\/span><\/h6>\n<p>\u201c<em>Mezi Velkou Brit\u00e1ni\u00ed a Franci\u00ed prob\u00edhaj\u00ed diskuse o obrann\u00e9 spolupr\u00e1ci, zejm\u00e9na s c\u00edlem vytvo\u0159it v Evrop\u011b pevn\u00e9 spojeneck\u00e9 j\u00e1dro zam\u011b\u0159en\u00e9 na Ukrajinu a \u0161ir\u0161\u00ed evropskou bezpe\u010dnost<\/em>,\u201d uvedl britsk\u00fd vojensk\u00fd zdroj pro den\u00edk Le Monde. Pr\u00e1v\u011b tyto dv\u011b zem\u011b se maj\u00ed st\u00e1t jak\u00fdmsi j\u00e1drem n\u00e1hradn\u00ed podpory Ukrajiny po odchodu USA z ukrajinsk\u00e9ho dobrodru\u017estv\u00ed.<\/p>\n<p><strong>Pl\u00e1n je prost\u011b takov\u00fd, \u017ee USA nyn\u00ed je\u0161t\u011b za Bidena poskytnou Ukrajin\u011b jadern\u00e9 zbran\u011b, z\u0159ejm\u011b\u00a0mal\u00e9 taktick\u00e9 hlavice, kter\u00e9 budou fyzicky um\u00edst\u011bn\u00e9 na Ukrajin\u011b<\/strong>, ale podle v\u0161eho budou pod kontrolou voj\u00e1k\u016f NATO, proto\u017ee ani Lond\u00fdn a ani Pa\u0159\u00ed\u017e nemaj\u00ed k Ukrajinc\u016fm takovou d\u016fv\u011bru, aby jim poskytli hlavice jen tak, a n\u011bkter\u00e9 z nich kv\u016fli korupci na Ukrajin\u011b by mohly skon\u010dit na \u010dern\u00e9m trhu a potom by je n\u011bkdo odp\u00e1lil v n\u011bjak\u00e9m m\u011bst\u011b na Z\u00e1pad\u011b.<\/p>\n<figure id=\"attachment_61810\" class=\"wp-caption aligncenter\" style=\"width: 673px;\"><a href=\"https:\/\/aeronet.news\/wp-content\/uploads\/BidenHoldingNuke.jpg\"><img decoding=\"async\" loading=\"lazy\" class=\"wp-image-61810 \" src=\"https:\/\/aeronet.news\/wp-content\/uploads\/BidenHoldingNuke-1024x576.jpg\" sizes=\"(max-width: 700px) 100vw, 700px\" srcset=\"https:\/\/aeronet.news\/wp-content\/uploads\/BidenHoldingNuke-1024x576.jpg 1024w, https:\/\/aeronet.news\/wp-content\/uploads\/BidenHoldingNuke-300x169.jpg 300w, https:\/\/aeronet.news\/wp-content\/uploads\/BidenHoldingNuke-768x432.jpg 768w, https:\/\/aeronet.news\/wp-content\/uploads\/BidenHoldingNuke-700x394.jpg 700w, https:\/\/aeronet.news\/wp-content\/uploads\/BidenHoldingNuke-635x357.jpg 635w, https:\/\/aeronet.news\/wp-content\/uploads\/BidenHoldingNuke-859x483.jpg 859w, https:\/\/aeronet.news\/wp-content\/uploads\/BidenHoldingNuke.jpg 1280w\" alt=\"\" width=\"673\" height=\"379\" \/><\/a><figcaption class=\"wp-caption-text\">\u0160\u00edlen\u00fd Biden nejprve povolil st\u0159\u00edlet rakety na Rusko a te\u010f mo\u017en\u00e1 poskytne Ukrajinc\u016fm jadern\u00e9 zbran\u011b<\/figcaption><\/figure>\n<p>Toto nebude cht\u00edt nikdo za z\u00e1padn\u00edch\u00a0<em>silovik\u016f<\/em>\u00a0riskovat. Mimochodem, pr\u00e1v\u011b korupce na Ukrajin\u011b byla t\u00edm d\u016fvodem, pro\u010d po rozpadu SSSR byla Ukrajina donucena se jadern\u00fdch zbran\u00ed vzd\u00e1t, proto\u017ee na Z\u00e1pad\u011b m\u011bli opr\u00e1vn\u011bn\u00e9 obavy, \u017ee kv\u016fli obrovsk\u00e9 korupci by se men\u0161\u00ed taktick\u00e9 hlavice mohly objevit na \u010dern\u00e9m trhu po cel\u00e9m sv\u011bt\u011b. A za t\u011bch v\u00edce jak 30 let se ohledn\u011b korupce na Ukrajin\u011b nic nezm\u011bnilo, pr\u00e1v\u011b naopak. Korupce je dnes na Ukrajin\u011b mnohem vy\u0161\u0161\u00ed ne\u017e po\u010d\u00e1tkem 90. let po rozvalu SSSR. Tak\u017ee ob\u011b tyto informace, tedy o uva\u017eov\u00e1n\u00ed o poskytnut\u00ed jadern\u00fdch zbran\u00ed Ukrajin\u011b, i rozhovory o vysl\u00e1n\u00ed francouzsk\u00fdch a britsk\u00fdch voj\u00e1k\u016f na Ukrajinu, d\u00e1vaj\u00ed prost\u011b smysl. Jedno bez druh\u00e9ho nejde. Pro\u010d?<\/p>\n<h6><span style=\"font-size: 18pt;\">Gener\u00e1ln\u00ed tajemn\u00edk NATO ji\u017e minul\u00fd p\u00e1tek jednal s Trumpem o t\u011bchto n\u00e1vrz\u00edch<\/span><\/h6>\n<p>Proto\u017ee nelze Ukrajin\u011b poskytnou jadern\u00e9 zbran\u011b bez toho, aby je na Ukrajin\u011b m\u011bly pod kontrolou jednotky NATO. A plat\u00ed to i obr\u00e1cen\u011b \u2013 nelze bezpe\u010dn\u011b rozm\u00edstit na Ukrajin\u011b jednotky NATO, pokud nebudou chr\u00e1n\u011bny n\u011bjakou hypoteticky silnou porcel\u00e1novou obranou, kterou jsou samoz\u0159ejm\u011b jadern\u00e9 taktick\u00e9 hlavice. Pokud Rusov\u00e9 budou v\u011bd\u011bt, \u017ee na Ukrajin\u011b budou jednotky NATO, co Rus\u016fm zabr\u00e1n\u00ed, aby je vybombardovali?<\/p>\n<p><strong>Nic jim v tom nezabr\u00e1n\u00ed, jen s jednou v\u00fdjimkou \u2013 pokud jednotky NATO budou m\u00edt k odstra\u0161en\u00ed Rus\u016f k dispozici jadern\u00e9 taktick\u00e9 hlavice.<\/strong>\u00a0Tohle opravdu nejsou slo\u017eit\u00e9 po\u010dty, pokud jste byli na vojn\u011b a ch\u00e1pete zelen\u00e9 my\u0161len\u00ed ka\u017ed\u00e9 gumov\u00e9 kavalerie. NATO nebude schopno a ani ochotno na ochranu Ukrajiny tam poslat 1 milion voj\u00e1k\u016f NATO s mohutn\u00fdmi syst\u00e9my d\u011blost\u0159electva, letectva a\u00a0 PVO.<\/p>\n<figure id=\"attachment_61808\" class=\"wp-caption aligncenter\" style=\"width: 679px;\"><a href=\"https:\/\/aeronet.news\/wp-content\/uploads\/RutteTrumpPalmBeach.jpg\"><img decoding=\"async\" loading=\"lazy\" class=\"wp-image-61808 \" src=\"https:\/\/aeronet.news\/wp-content\/uploads\/RutteTrumpPalmBeach-1024x582.jpg\" sizes=\"(max-width: 700px) 100vw, 700px\" srcset=\"https:\/\/aeronet.news\/wp-content\/uploads\/RutteTrumpPalmBeach-1024x582.jpg 1024w, https:\/\/aeronet.news\/wp-content\/uploads\/RutteTrumpPalmBeach-300x171.jpg 300w, https:\/\/aeronet.news\/wp-content\/uploads\/RutteTrumpPalmBeach-768x437.jpg 768w, https:\/\/aeronet.news\/wp-content\/uploads\/RutteTrumpPalmBeach-700x398.jpg 700w, https:\/\/aeronet.news\/wp-content\/uploads\/RutteTrumpPalmBeach-628x357.jpg 628w, https:\/\/aeronet.news\/wp-content\/uploads\/RutteTrumpPalmBeach-849x483.jpg 849w, https:\/\/aeronet.news\/wp-content\/uploads\/RutteTrumpPalmBeach.jpg 1280w\" alt=\"\" width=\"679\" height=\"386\" \/><\/a><figcaption class=\"wp-caption-text\">Mark Rutte v Trumpov\u011b vile Mar-a-Lago v Palm Beach na Florid\u011b<\/figcaption><\/figure>\n<p>Jedinou variantou, jak zastavit postupuj\u00edc\u00ed Rusy, je proto jadern\u00e9 odstra\u0161en\u00ed. Nic jin\u00e9ho na Ukrajin\u011b toti\u017e u\u017e Rusy nezastav\u00ed. To je prost\u011b realita. A cel\u00fd d\u011bsiv\u00fd obraz uzav\u00edr\u00e1 n\u011bco, co se odehr\u00e1lo ji\u017e minul\u00fd p\u00e1tek. Nejv\u011bt\u0161\u00ed v\u00e1le\u010dn\u00fd jest\u0159\u00e1b v NATO a sou\u010dasn\u00fd gener\u00e1ln\u00ed tajemn\u00edk aliance Mark Rutte toti\u017e minul\u00fd p\u00e1tek p\u0159ilet\u011bl na Floridu na bleskovou sch\u016fzku s Donaldem Trumpem v Mar-a-Lago resortu\u00a0<strong>[<a href=\"https:\/\/href.li\/?https:\/\/www.politico.eu\/article\/nato-mark-rutte-us-donald-trump-global-security-defense-putin-war-talks\/\" target=\"_blank\" rel=\"nofollow noopener\">3<\/a>]<\/strong>.<\/p>\n<p>Trump o t\u00e9to nap\u016fl tajn\u00e9 (<em>prob\u011bhla bez ohl\u00e1\u0161en\u00ed<\/em>) a nap\u016fl ve\u0159ejn\u00e9 sch\u016fzce v\u016fbec neinformoval\u00a0<strong>[<a href=\"https:\/\/href.li\/?https:\/\/truthsocial.com\/@realDonaldTrump\" target=\"_blank\" rel=\"nofollow noopener\">4<\/a>]<\/strong>\u00a0na sv\u00e9m Truth kan\u00e1lu a MSM m\u00e9dia p\u0159inesla jen obecnou a povrchn\u00ed zpr\u00e1vu, \u017ee se oba setkali v Palm Beach v Trumpov\u011b rezidenci a diskutovali o \u201c<em>\u0159ad\u011b glob\u00e1ln\u00edch bezpe\u010dnostn\u00edch ot\u00e1zek, kter\u00fdm aliance \u010del\u00ed<\/em>\u201c. Ani \u010d\u00e1rka nav\u00edc, prost\u011b jen povrchn\u00ed konstatov\u00e1n\u00ed bez detail\u016f. Trumpovo ml\u010den\u00ed na s\u00edti Truth vyvol\u00e1v\u00e1 velk\u00e9 znepokojen\u00ed.<\/p>\n<h6><span style=\"font-size: 18pt;\">Trump o sch\u016fzce s \u0161\u00e9fem NATO ml\u010d\u00ed jako za\u0159ezan\u00fd a Bannon varuje p\u0159ed poskytnut\u00edm americk\u00fdch hlavic Ukrajinc\u016fm<\/span><\/h6>\n<p>A pr\u00e1v\u011b Alex Jones p\u0159inesl\u00a0<strong>[<a href=\"https:\/\/href.li\/?https:\/\/www.infowars.com\/posts\/monday-live-globalists-continue-prodding-russia-to-hand-incoming-trump-admin-wwiii-scenario\" target=\"_blank\" rel=\"nofollow noopener\">5<\/a>]<\/strong>\u00a0v pond\u011bl\u00ed informace ze z\u00e1kulis\u00ed, \u017ee Rutte p\u0159edstavil Trumpovi pl\u00e1n, kter\u00fd se zrodil v Evrop\u011b, a kter\u00fd v podstat\u011b navrhuje, \u017ee NATO a zem\u011b EU p\u0159evezmou v\u00e1lku na Ukrajin\u011b od USA, \u010d\u00edm\u017e USA u\u0161et\u0159\u00ed velk\u00e9 pen\u00edze a nav\u00edc EU je p\u0159ipravena pr\u00fd od USA nakupovat i nad\u00e1le zbran\u011b.\u00a0<strong>Trump chce v\u00e1lku ukon\u010dit, ale NATO a EU v n\u00ed cht\u011bj\u00ed pokra\u010dovat bez USA, co\u017e nen\u00ed jedno a tot\u00e9\u017e.<\/strong>\u00a0Rutte m\u011bl za \u00fakol zjistit od Trumpa minul\u00fd p\u00e1tek jeho postoj, jestli chce jenom USA st\u00e1hnout z Ukrajiny kv\u016fli tomu, \u017ee to stoj\u00ed USA velk\u00e9 pen\u00edze a u\u017e je to nebav\u00ed, anebo jestli chce opravdu v\u00e1lku ukon\u010dit a donutit Ukrajinu ke kapitulaci.<\/p>\n<figure id=\"attachment_61809\" class=\"wp-caption aligncenter\" style=\"width: 661px;\"><a href=\"https:\/\/aeronet.news\/wp-content\/uploads\/SteveBannonNuke.jpg\"><img decoding=\"async\" loading=\"lazy\" class=\"wp-image-61809 \" src=\"https:\/\/aeronet.news\/wp-content\/uploads\/SteveBannonNuke.jpg\" sizes=\"(max-width: 700px) 100vw, 700px\" srcset=\"https:\/\/aeronet.news\/wp-content\/uploads\/SteveBannonNuke.jpg 700w, https:\/\/aeronet.news\/wp-content\/uploads\/SteveBannonNuke-251x300.jpg 251w, https:\/\/aeronet.news\/wp-content\/uploads\/SteveBannonNuke-299x357.jpg 299w, https:\/\/aeronet.news\/wp-content\/uploads\/SteveBannonNuke-405x483.jpg 405w\" alt=\"\" width=\"661\" height=\"788\" \/><\/a><figcaption class=\"wp-caption-text\">Steve Bannon varoval na s\u00edti Truth p\u0159ed n\u00e1padem poskytnout Ukrajinc\u016fm americk\u00e9 jadern\u00e9 hlavice<\/figcaption><\/figure>\n<p>A jak \u0159ekl Alex Jones, cel\u00e9 to vede k tomu, \u017ee Deep State postav\u00ed za necel\u00e9 2 m\u011bs\u00edce do 20. ledna celou situaci na Ukrajin\u011b do t\u00e9 polohy, \u017ee Trump u\u017e nebude m\u00edt na v\u00fdb\u011br a bude moci zvolit jen sta\u017een\u00ed USA z v\u00e1lky na Ukrajin\u011b, ale nebude moci tu v\u00e1lku zastavit. Podle Alexe Jonese je toto nyn\u00ed ta nejv\u011bt\u0161\u00ed hrozba. Jen\u017ee, p\u0159esn\u011b o tomto modelu, \u017ee m\u016f\u017ee nastat, jsem na Aeronetu psal ji\u017e p\u0159ed americk\u00fdmi volbami. Pokud se ji\u017e st\u0159\u00edl\u00ed na Rusko americk\u00e9 a britsk\u00e9 rakety, tak je jasn\u00e9, \u017ee je rozhodnuto v\u00e1lku eskalovat a nikoliv ukon\u010dovat.<\/p>\n<h6><span style=\"font-size: 18pt;\">\u010clenstv\u00ed Ukrajiny v NATO, anebo jadern\u00e9 zbran\u011b! Pl\u00e1n \u0161\u00edlen\u00e9ho m\u00edru!<\/span><\/h6>\n<p>A jedn\u00e1n\u00ed mezi Lond\u00fdnem a Pa\u0159\u00ed\u017e\u00ed o vysl\u00e1n\u00ed sv\u00fdch vojsk na Ukrajinu po sta\u017een\u00ed USA z v\u00e1lky na Ukrajin\u011b jasn\u011b potvrzuje, \u017ee je ji\u017e rozhodnuto. USA se z Ukrajiny st\u00e1hnou, ale v\u00e1lku p\u0159evezmou evropsk\u00e9 zem\u011b v \u010dele s Lond\u00fdnem a Pa\u0159\u00ed\u017e\u00ed.\u00a0<strong>A dokonce nebude nutn\u00e9 ani do t\u00e9 v\u011bci zatahovat Bidena a jeho americk\u00e9 jadern\u00e9 zbran\u011b, proto\u017ee ty taktick\u00e9 hlavice mohou Ukrajin\u011b poskytnout ob\u011b dv\u011b evropsk\u00e9 zem\u011b, Francie i Velk\u00e1 Brit\u00e1nie.<\/strong>\u00a0A je zaj\u00edmav\u00e9, \u017ee pr\u00e1v\u011b Zelensk\u00fd ve sv\u00e9m Pl\u00e1nu v\u00edt\u011bzstv\u00ed po\u017eadoval, \u017ee bu\u010f bude Ukrajina p\u0159ijata do NATO, nebo k zaru\u010den\u00ed sv\u00e9 existence pot\u0159ebuje jadern\u00e9 zbran\u011b! Viz video n\u00ed\u017ee.<\/p>\n<p>&nbsp;<\/p>\n<div id=\"rumble_v5gsx39\">\n<div id=\"vid_v5gsx39\" class=\"rumble_v5gsx39-Rumble-cls\" tabindex=\"-1\">\n<div class=\"bigPlayUI ctp\"><div class='videoWrapper'>\r\n\t            <iframe src='https:\/\/rumble.com\/embed\/pj.v5gsx39\/' frameborder='0' allowfullscreen><\/iframe>\r\n\t        <\/div><\/p>\n<div class=\"bigPlayUIInner ctp\"><\/div>\n<\/div>\n<\/div>\n<\/div>\n<p>&nbsp;<\/p>\n<p>Velk\u00e1 Brit\u00e1nie u\u017e minul\u00fd t\u00fdden dokonce prohl\u00e1sila\u00a0<strong>[<a href=\"https:\/\/href.li\/?https:\/\/www.bild.de\/politik\/ausland-und-internationales\/putin-drohung-gegen-westen-briten-erklaeren-sich-bereit-zum-gegenschlag-6741bf88057d7d40399b5973\" target=\"_blank\" rel=\"nofollow noopener\">6<\/a>]<\/strong>, \u017ee je na v\u00e1lku s Ruskem p\u0159ipravena. A jak se zd\u00e1, Rutte prost\u011b narychlo let\u011bl minul\u00fd p\u00e1tek za Trumpem, aby mu tlumo\u010dil, o \u010dem se jednalo den p\u0159edt\u00edm ve \u010dtvrtek mezi Pa\u0159\u00ed\u017e\u00ed a Lond\u00fdnem, tedy o vysl\u00e1n\u00ed voj\u00e1k\u016f na Ukrajinu a o poskytnut\u00ed jadern\u00fdch zbran\u00ed Ukrajin\u011b na vytvo\u0159en\u00ed jadern\u00fdch stra\u0161\u00e1k\u016f, kter\u00e9 se zap\u00edchnou do p\u016fdy na \u010d\u00e1\u0159e frontov\u00e9ho doteku na Ukrajin\u011b. A v\u00fdm\u011bnou za to Ukrajina spln\u00ed po\u017eadavek Kremlu a nevstoup\u00ed do NATO. Prob\u011bhne to toti\u017e naopak \u2013 NATO vstoup\u00ed na Ukrajinu!<\/p>\n<h6><span style=\"font-size: 18pt;\">Na Ukrajin\u011b se p\u0159ipravuj\u00ed na jadernou v\u00e1lku, na ve\u0159ejn\u00fdch m\u00edstech za\u010daly b\u00fdt vyv\u011b\u0161ov\u00e1ny instrukce protijadern\u00e9 p\u0159\u00edpravy<\/span><\/h6>\n<p>Ov\u0161em ty jadern\u00e9 zbran\u011b budou muset na Ukrajin\u011b hl\u00eddat voj\u00e1ci ze zem\u00ed NATO, aby na to Kreml p\u0159istoupil. V ruk\u00e1ch Ukrajinc\u016f by Kreml jadern\u00e9 zbran\u011b nevyd\u00fdchal. A ani Z\u00e1pad. Krom\u011b toho, v ukrajinsk\u00fdch obchodech se po minul\u00e9m t\u00fddnu a po \u00faderu nov\u00e9 rusk\u00e9 balistick\u00e9 rakety Ore\u0161nik za\u010daly objevovat tabule u vstup\u016f do obchod\u016f, kter\u00e9 informuj\u00ed Ukrajince o tom, jak se p\u0159ipravit na jadern\u00fd \u00fader, jak\u00e9 m\u00edt doma z\u00e1soby a vybaven\u00ed. Cel\u00e1 v\u00e1lka na Ukrajin\u011b nab\u00edr\u00e1 d\u011bsiv\u00e9 zm\u011bny a Trump ji\u017e nemus\u00ed stihnout III. sv. v\u00e1lku zastavit.<\/p>\n<figure id=\"attachment_61811\" class=\"wp-caption aligncenter\" style=\"width: 593px;\"><a href=\"https:\/\/aeronet.news\/wp-content\/uploads\/UkraineStoreNukeNotice.jpg\"><img decoding=\"async\" loading=\"lazy\" class=\"wp-image-61811 \" src=\"https:\/\/aeronet.news\/wp-content\/uploads\/UkraineStoreNukeNotice-766x1024.jpg\" sizes=\"(max-width: 700px) 100vw, 700px\" srcset=\"https:\/\/aeronet.news\/wp-content\/uploads\/UkraineStoreNukeNotice-766x1024.jpg 766w, https:\/\/aeronet.news\/wp-content\/uploads\/UkraineStoreNukeNotice-224x300.jpg 224w, https:\/\/aeronet.news\/wp-content\/uploads\/UkraineStoreNukeNotice-768x1027.jpg 768w, https:\/\/aeronet.news\/wp-content\/uploads\/UkraineStoreNukeNotice-700x936.jpg 700w, https:\/\/aeronet.news\/wp-content\/uploads\/UkraineStoreNukeNotice-267x357.jpg 267w, https:\/\/aeronet.news\/wp-content\/uploads\/UkraineStoreNukeNotice-361x483.jpg 361w, https:\/\/aeronet.news\/wp-content\/uploads\/UkraineStoreNukeNotice.jpg 957w\" alt=\"\" width=\"593\" height=\"793\" \/><\/a><figcaption class=\"wp-caption-text\">Instrukce jadern\u00e9 p\u0159\u00edpravy pro ob\u010dany ve vchodech do ukrajinsk\u00fdch obchod\u016f<\/figcaption><\/figure>\n<p><strong>Ukrajinci ji\u017e Rusy nezastav\u00ed, nemaj\u00ed na to voj\u00e1ky ani zbran\u011b, a nezastav\u00ed je ani jalov\u00e1 vojska NATO. Zastav\u00ed je pouze jadern\u00e9 odstra\u0161en\u00ed<\/strong>, kter\u00e9 poskytnou jednotky francouzsk\u00e9 a britsk\u00e9 arm\u00e1dy na Ukrajin\u011b. Ukrajina nevstoup\u00ed do NATO, ale NATO vstoup\u00ed na Ukrajinu! Rusk\u00fd postup se zastav\u00ed jadernou hrozbou rozm\u00edst\u011bnou pod kontrolou NATO na Ukrajin\u011b! Jen\u017ee, opravdu si n\u011bkdo mysl\u00ed, \u017ee Kreml se nech\u00e1 zastavit v osvobozov\u00e1n\u00ed rusk\u00fdch \u00fazem\u00ed na Ukrajin\u011b, kter\u00e9 Moskva pova\u017euje za sv\u00e1 etnick\u00e1 historick\u00e1 \u00fazem\u00ed?<\/p>\n<p>J\u00e1 tohle naz\u00fdv\u00e1m\u00a0<em><strong>Pl\u00e1n \u0161\u00edlen\u00e9ho m\u00edru!<\/strong><\/em>\u00a0Tohle je prost\u011b nap\u016fl \u0160\u00edlen\u00fd m\u00edr (<em>Trump\u016fv m\u00edr<\/em>) a nap\u016fl krok ke spu\u0161t\u011bn\u00ed III. sv. v\u00e1lky se v\u0161\u00edm v\u0161udy. Jadern\u00e9 zbran\u011b na Ukrajin\u011b jako nukle\u00e1rn\u00ed stra\u0161\u00e1k proti postupu rusk\u00fdch vojsk? Rok 2025 je rokem 80. v\u00fdro\u010d\u00ed konce II. sv. v\u00e1lky. T\u00edmto tempem se ale stane i prvn\u00edm rokem t\u00e9 t\u0159et\u00ed sv\u011btov\u00e9! V\u00e1lka je \u017eivitelka KoZa! Inflace likviduje celou EU na \u010dele s\u00a0<em>Fialovou republikou<\/em>, tak\u017ee pot\u0159ebuj\u00ed v\u00e1lku! V\u00e1lku za ka\u017edou cenu. Kdyby toti\u017e cht\u011bli m\u00edr, tak ta v\u00e1lka by nejen u\u017e d\u00e1vno skon\u010dila, ale ani by nikdy neza\u010dala!<\/p>\n<p><a href=\"https:\/\/aeronet.news\/podle-deniku-new-york-times-zvazuji-predstavitele-usa-a-evropske-unie-poskytnuti-jadernych-zbrani-ukrajine-jeste-pred-odchodem-bidena-z-bileho-domu\/\">-VK-<\/a><\/p>\n<p>&nbsp;<\/p>\n","protected":false},"excerpt":{"rendered":"<p>Podle den\u00edku New York Times zva\u017euj\u00ed p\u0159edstavitel\u00e9 USA a Evropsk\u00e9 unie poskytnut\u00ed jadern\u00fdch zbran\u00ed Ukrajin\u011b&#8230;<\/p>\n","protected":false},"author":2,"featured_media":66942,"comment_status":"closed","ping_status":"closed","sticky":false,"template":"","format":"standard","meta":[],"categories":[6],"tags":[1042,1069,26,365],"_links":{"self":[{"href":"https:\/\/www.infokuryr.cz\/n\/wp-json\/wp\/v2\/posts\/66941"}],"collection":[{"href":"https:\/\/www.infokuryr.cz\/n\/wp-json\/wp\/v2\/posts"}],"about":[{"href":"https:\/\/www.infokuryr.cz\/n\/wp-json\/wp\/v2\/types\/post"}],"author":[{"embeddable":true,"href":"https:\/\/www.infokuryr.cz\/n\/wp-json\/wp\/v2\/users\/2"}],"replies":[{"embeddable":true,"href":"https:\/\/www.infokuryr.cz\/n\/wp-json\/wp\/v2\/comments?post=66941"}],"version-history":[{"count":0,"href":"https:\/\/www.infokuryr.cz\/n\/wp-json\/wp\/v2\/posts\/66941\/revisions"}],"wp:featuredmedia":[{"embeddable":true,"href":"https:\/\/www.infokuryr.cz\/n\/wp-json\/wp\/v2\/media\/66942"}],"wp:attachment":[{"href":"https:\/\/www.infokuryr.cz\/n\/wp-json\/wp\/v2\/media?parent=66941"}],"wp:term":[{"taxonomy":"category","embeddable":true,"href":"https:\/\/www.infokuryr.cz\/n\/wp-json\/wp\/v2\/categories?post=66941"},{"taxonomy":"post_tag","embeddable":true,"href":"https:\/\/www.infokuryr.cz\/n\/wp-json\/wp\/v2\/tags?post=66941"}],"curies":[{"name":"wp","href":"https:\/\/api.w.org\/{rel}","templated":true}]}}